{"id":10191,"date":"2016-07-02T07:33:43","date_gmt":"2016-07-02T05:33:43","guid":{"rendered":"http:\/\/miradordeatarfe.es\/?p=10191"},"modified":"2016-06-28T12:53:05","modified_gmt":"2016-06-28T10:53:05","slug":"muere-el-35-del-coral-de-la-gran-barrera-de-australia","status":"publish","type":"post","link":"https:\/\/miradordeatarfe.es\/?p=10191","title":{"rendered":"Muere el 35% del coral de la Gran Barrera de Australia"},"content":{"rendered":"<p class=\"articulo-subtitulo\">Los investigadores relacionan la mortandad en las zonas norte y centro con el cambio clim\u00e1tico<!--more--><\/p>\n<div class=\"articulo-apertura \"><\/div>\n<div id=\"articulo_contenedor\" class=\"articulo__contenedor\">\n<div id=\"videonoticia\" class=\"centro\">\n<figure class=\"foto centro\">\n<div id=\"multimediaPlayer_579188157\" class=\"video_MPEP\">\n<div id=\"divimg_78f30835f1d5740559a68e5661f09793-1\" class=\"img_MPEP\"><a id=\"posicionador_78f30835f1d5740559a68e5661f09793-1\" class=\"posicionador\" title=\"Gran Barrera de Coral de Australia\"><\/a><img data-recalc-dims=\"1\" loading=\"lazy\" decoding=\"async\" id=\"caratula_78f30835f1d5740559a68e5661f09793-1\" src=\"https:\/\/i0.wp.com\/ep02.epimg.net\/elpais\/imagenes\/2016\/05\/30\/ciencia\/1464593568_417289_1464597078_noticia_fotograma.jpg?resize=640%2C358\" width=\"640\" height=\"358\" border=\"0\" \/><\/div>\n<\/div><figcaption class=\"foto-pie\"><span class=\"foto-titulo\">Gran Barrera de Coral de Australia.<\/span>\u00a0Foto sin fecha de una zona blanqueada de la Gran Barrera.<span class=\"foto-firma\">\u00a0<span class=\"foto-autor\">STR (AFP) \/ EFE<\/span><\/span><\/figcaption><\/figure>\n<\/div>\n<div id=\"cuerpo_noticia\" class=\"articulo-cuerpo\">\n<p>Cient\u00edficos australianos han informado este lunes de la muerte de cerca del 35% del coral de las zonas norte y centro de la Gran Barrera de Coral, el mayor arrecife de coral del mundo. El estudio del ARC Centre of Excellence for Coral Reef Studies (<span lang=\"es\" xml:lang=\"es\">Centro ARC de Excelencia para Estudios de Arrecifes de Coral<\/span>) confirma el debilitamiento del arrecife debido al cambio clim\u00e1tico,<strong> lo que ha provocado su muerte porque se est\u00e1 blanqueando.<\/strong><\/p>\n<p>\u00abHemos visto que una media del 35% de los corales ha muerto o est\u00e1 moribundo en 84 \u00e1reas de las secciones norte y centro de la Gran Barrera de Coral\u00bb, ha afirmado Terry Hughes, jefe del ARC. Este ha indicado que esta \u00abes la tercera vez en 18 a\u00f1os que la Gran Barrera experimenta un blanqueo masivo debido al calentamiento global, pero el de esta vez es m\u00e1s extremo que los que medimos antes\u00bb.<\/p>\n<p>Expertos del Centro de Excelencia de Estudios de Arrecifes Coralinos analizaron por v\u00eda a\u00e9rea y submarina el impacto del blanqueo en este ecosistema que se extiende a lo largo de 2.300 kil\u00f3metros frente a la costa nororiental de Australia. Los resultados indican que la parte m\u00e1s afectada se encuentra frente a las costas de Townsville y Pap\u00faa Nueva Guinea, mientras que en la porci\u00f3n situada al sur de Cairns, la media de mortalidad es de un 5%.<\/p>\n<p>\u00abAfortunadamente nuestros estudios submarinos revelan que m\u00e1s del 95% de corales de arrecifes al sur de Cairns han sobrevivido y esperamos que estos corales medianamente blanqueados puedan recuperar su color en los pr\u00f3ximos meses\u00bb, dijo Mia Hoogenboom, de la Universidad James Cook en un comunicado. Los investigadores tambi\u00e9n encontraron que en Kimberley, al norte de Cairns, el 80% del coral ha sido severamente afectado por el blanqueo y al menos un 15% ha muerto.<\/p>\n<section id=\"sumario_1|foto\" class=\"sumario_foto centro\"><a name=\"sumario_1\"><\/a><\/p>\n<div class=\"sumario__interior\">\n<figure class=\"foto foto_w980\"><img data-recalc-dims=\"1\" loading=\"lazy\" decoding=\"async\" title=\"Imagen a\u00e9rea de archivo de la Gran Barrera de Coral.\" src=\"https:\/\/i0.wp.com\/ep01.epimg.net\/elpais\/imagenes\/2016\/05\/30\/ciencia\/1464593568_417289_1464594365_sumario_normal.jpg?resize=640%2C359\" srcset=\" http:\/\/ep01.epimg.net\/elpais\/imagenes\/2016\/05\/30\/ciencia\/1464593568_417289_1464594365_sumario_normal_recorte1.jpg 1960w, http:\/\/ep01.epimg.net\/elpais\/imagenes\/2016\/05\/30\/ciencia\/1464593568_417289_1464594365_sumario_normal_recorte2.jpg 720w , http:\/\/ep01.epimg.net\/elpais\/imagenes\/2016\/05\/30\/ciencia\/1464593568_417289_1464594365_sumario_normal.jpg 980w\" alt=\"Imagen a\u00e9rea de archivo de la Gran Barrera de Coral.\" width=\"640\" height=\"359\" \/><figcaption class=\"foto-pie\">Imagen a\u00e9rea de archivo de la Gran Barrera de Coral. <span class=\"foto-firma\"><span class=\"foto-autor\">SARAH LAI<\/span> <span class=\"foto-agencia\">AFP<\/span><\/span><\/figcaption><\/figure>\n<div class=\"sumario-texto\"><\/div>\n<\/div>\n<\/section>\n<p>Hughes, de la Universidad James Cook, ha explicado que los tres eventos de blanqueo de corales ocurridos en los \u00faltimos 18 a\u00f1os coinciden con la elevaci\u00f3n de la temperatura en un grado cent\u00edgrado por encima de la registrada en el per\u00edodo preindustrial.<\/p>\n<p>Los corales mantienen una relaci\u00f3n simbi\u00f3tica especial con unas algas microsc\u00f3picas llamadas zooxanthallae, que proporcionan a sus anfitriones el ox\u00edgeno y una porci\u00f3n de los compuestos org\u00e1nicos que producen mediante la fotos\u00edntesis. Cuando est\u00e1n sometidos a estr\u00e9s ambiental, muchos corales de arrecifes expulsan en masa sus zooxanthallae, y los p\u00f3lipos del coral quedan sin pigmentaci\u00f3n y aparecen casi transparentes sobre el esqueleto blanco del animal, en un fen\u00f3meno conocido como blanqueo.<\/p>\n<p>La salud de la Gran Barrera, que alberga 400 tipos de coral, 1.500 especies de peces y 4.000 variedades de moluscos, comenz\u00f3 a deteriorarse en la d\u00e9cada de 1990 por el doble impacto del calentamiento del agua del mar y el aumento de su acidez por la mayor presencia de di\u00f3xido de carbono en la atm\u00f3sfera.<\/p>\n<section id=\"sumario_2|foto\" class=\"sumario_foto centro\"><a name=\"sumario_2\"><\/a><\/p>\n<div class=\"sumario__interior\">\n<figure class=\"foto foto_w980\"><img data-recalc-dims=\"1\" loading=\"lazy\" decoding=\"async\" title=\"Foto de febrero pasado pero distribuida hoy sobre el estado de blanqueo de la Gran Barrera.\" src=\"https:\/\/i0.wp.com\/ep01.epimg.net\/elpais\/imagenes\/2016\/05\/30\/ciencia\/1464593568_417289_1464594511_sumario_normal.jpg?resize=640%2C423\" srcset=\" http:\/\/ep01.epimg.net\/elpais\/imagenes\/2016\/05\/30\/ciencia\/1464593568_417289_1464594511_sumario_normal_recorte1.jpg 1960w, http:\/\/ep01.epimg.net\/elpais\/imagenes\/2016\/05\/30\/ciencia\/1464593568_417289_1464594511_sumario_normal_recorte2.jpg 720w , http:\/\/ep01.epimg.net\/elpais\/imagenes\/2016\/05\/30\/ciencia\/1464593568_417289_1464594511_sumario_normal.jpg 980w\" alt=\"Foto de febrero pasado pero distribuida hoy sobre el estado de blanqueo de la Gran Barrera.\" width=\"640\" height=\"423\" \/><figcaption class=\"foto-pie\">Foto de febrero pasado pero distribuida hoy sobre el estado de blanqueo de la Gran Barrera. <span class=\"foto-firma\"><span class=\"foto-autor\">David Bellwood<\/span> <span class=\"foto-agencia\">AP<\/span><\/span><\/figcaption><\/figure>\n<div class=\"sumario-texto\"><\/div>\n<\/div>\n<\/section>\n<\/div>\n<section id=\"articulo-tags\" class=\"articulo-tags\">\n<header class=\"articulo-tags-encabezado \"><\/header>\n<\/section>\n<\/div>\n","protected":false},"excerpt":{"rendered":"<p>Los investigadores relacionan la mortandad en las zonas norte y centro con el cambio clim\u00e1tico<\/p>\n","protected":false},"author":1,"featured_media":10192,"comment_status":"closed","ping_status":"closed","sticky":false,"template":"","format":"standard","meta":{"_coblocks_attr":"","_coblocks_dimensions":"","_coblocks_responsive_height":"","_coblocks_accordion_ie_support":"","jetpack_post_was_ever_published":false,"_jetpack_newsletter_access":"","_jetpack_dont_email_post_to_subs":false,"_jetpack_newsletter_tier_id":0,"_jetpack_memberships_contains_paywalled_content":false,"_jetpack_memberships_contains_paid_content":false,"footnotes":"","jetpack_publicize_message":"","jetpack_publicize_feature_enabled":true,"jetpack_social_post_already_shared":false,"jetpack_social_options":{"image_generator_settings":{"template":"highway","default_image_id":0,"enabled":false},"version":2}},"categories":[186,44,15],"tags":[2817,2816],"class_list":["post-10191","post","type-post","status-publish","format-standard","has-post-thumbnail","hentry","category-instituciones","category-noticias-de-hoy","category-ultimas-noticias","tag-australia","tag-corales"],"jetpack_publicize_connections":[],"jetpack_featured_media_url":"https:\/\/i0.wp.com\/miradordeatarfe.es\/wp-content\/uploads\/2016\/06\/CORAL.jpg?fit=700%2C469&ssl=1","jetpack_likes_enabled":true,"jetpack_sharing_enabled":true,"_links":{"self":[{"href":"https:\/\/miradordeatarfe.es\/index.php?rest_route=\/wp\/v2\/posts\/10191","targetHints":{"allow":["GET"]}}],"collection":[{"href":"https:\/\/miradordeatarfe.es\/index.php?rest_route=\/wp\/v2\/posts"}],"about":[{"href":"https:\/\/miradordeatarfe.es\/index.php?rest_route=\/wp\/v2\/types\/post"}],"author":[{"embeddable":true,"href":"https:\/\/miradordeatarfe.es\/index.php?rest_route=\/wp\/v2\/users\/1"}],"replies":[{"embeddable":true,"href":"https:\/\/miradordeatarfe.es\/index.php?rest_route=%2Fwp%2Fv2%2Fcomments&post=10191"}],"version-history":[{"count":1,"href":"https:\/\/miradordeatarfe.es\/index.php?rest_route=\/wp\/v2\/posts\/10191\/revisions"}],"predecessor-version":[{"id":10193,"href":"https:\/\/miradordeatarfe.es\/index.php?rest_route=\/wp\/v2\/posts\/10191\/revisions\/10193"}],"wp:featuredmedia":[{"embeddable":true,"href":"https:\/\/miradordeatarfe.es\/index.php?rest_route=\/wp\/v2\/media\/10192"}],"wp:attachment":[{"href":"https:\/\/miradordeatarfe.es\/index.php?rest_route=%2Fwp%2Fv2%2Fmedia&parent=10191"}],"wp:term":[{"taxonomy":"category","embeddable":true,"href":"https:\/\/miradordeatarfe.es\/index.php?rest_route=%2Fwp%2Fv2%2Fcategories&post=10191"},{"taxonomy":"post_tag","embeddable":true,"href":"https:\/\/miradordeatarfe.es\/index.php?rest_route=%2Fwp%2Fv2%2Ftags&post=10191"}],"curies":[{"name":"wp","href":"https:\/\/api.w.org\/{rel}","templated":true}]}}