{"id":10219,"date":"2016-07-02T09:55:22","date_gmt":"2016-07-02T07:55:22","guid":{"rendered":"http:\/\/miradordeatarfe.es\/?p=10219"},"modified":"2016-06-28T10:11:25","modified_gmt":"2016-06-28T08:11:25","slug":"1976-holiday-discoteca-de-atarfe","status":"publish","type":"post","link":"https:\/\/miradordeatarfe.es\/?p=10219","title":{"rendered":"1976 HOLIDAY, DISCOTECA DE ATARFE."},"content":{"rendered":"<p>\u00a1A todo volumen, el sonido de las canciones entraban en el cerebro, puliendo las neuronas como si fueran piedras arrastradas por la enfurecida fuerza de las olas del mar!<!--more--><\/p>\n<p>En el anecdotario de hoy, recordamos la discoteca \u201cHoliday\u201d. Se inaugur\u00f3 en 1976. En Espa\u00f1a fue en su \u00e9poca la m\u00e1s grande e innovadora en luz y sonido. Se puede decir que la juventud de Atarfe, Granada y provincia se recreaba con su m\u00fasica.<\/p>\n<div class=\"text_exposed_show\">\n<p>Lleg\u00f3 a tener tres salas distintas de baile, una principalmente de m\u00fasica movida, otra en una terraza tipo andaluz con m\u00fasica desenfadada y en ocasiones sevillanas, y una tercera m\u00e1s peque\u00f1a con melod\u00edas lentas.<\/p>\n<p>A media tarde, los autobuses procedentes de otras localidades ven\u00edan al completo de gente joven con gana de divertirse. A las 22 horas, sal\u00eda el \u00faltimo autob\u00fas destino Granada, el cual aliviaba el gent\u00edo de la discoteca.<\/p>\n<p>La ilustraci\u00f3n del anuncio publicitario, corresponde al programa de Ferias y Fiestas de Atarfe del a\u00f1o 1977.<\/p>\n<p>Atarfe anecdotario: <a href=\"https:\/\/www.facebook.com\/atarfeanecdotario\">https:\/\/www.facebook.com\/atarfeanecdotario<\/a><\/p>\n<p>Brilla con luz propia.<\/p>\n<\/div>\n","protected":false},"excerpt":{"rendered":"<p>\u00a1A todo volumen, el sonido de las canciones entraban en el cerebro, puliendo las neuronas&#8230;<\/p>\n","protected":false},"author":1,"featured_media":10220,"comment_status":"closed","ping_status":"closed","sticky":false,"template":"","format":"standard","meta":{"_coblocks_attr":"","_coblocks_dimensions":"","_coblocks_responsive_height":"","_coblocks_accordion_ie_support":"","jetpack_post_was_ever_published":false,"_jetpack_newsletter_access":"","_jetpack_dont_email_post_to_subs":false,"_jetpack_newsletter_tier_id":0,"_jetpack_memberships_contains_paywalled_content":false,"_jetpack_memberships_contains_paid_content":false,"footnotes":"","jetpack_publicize_message":"","jetpack_publicize_feature_enabled":true,"jetpack_social_post_already_shared":false,"jetpack_social_options":{"image_generator_settings":{"template":"highway","default_image_id":0,"enabled":false},"version":2}},"categories":[2,1225,44,15],"tags":[81,2812,1331],"class_list":["post-10219","post","type-post","status-publish","format-standard","has-post-thumbnail","hentry","category-atarfe","category-ha-de-atarfe","category-noticias-de-hoy","category-ultimas-noticias","tag-atarfe","tag-holiday","tag-ha-de-atarfe"],"jetpack_publicize_connections":[],"jetpack_featured_media_url":"https:\/\/i0.wp.com\/miradordeatarfe.es\/wp-content\/uploads\/2016\/06\/HOLIDAY.jpg?fit=480%2C314&ssl=1","jetpack_likes_enabled":true,"jetpack_sharing_enabled":true,"_links":{"self":[{"href":"https:\/\/miradordeatarfe.es\/index.php?rest_route=\/wp\/v2\/posts\/10219","targetHints":{"allow":["GET"]}}],"collection":[{"href":"https:\/\/miradordeatarfe.es\/index.php?rest_route=\/wp\/v2\/posts"}],"about":[{"href":"https:\/\/miradordeatarfe.es\/index.php?rest_route=\/wp\/v2\/types\/post"}],"author":[{"embeddable":true,"href":"https:\/\/miradordeatarfe.es\/index.php?rest_route=\/wp\/v2\/users\/1"}],"replies":[{"embeddable":true,"href":"https:\/\/miradordeatarfe.es\/index.php?rest_route=%2Fwp%2Fv2%2Fcomments&post=10219"}],"version-history":[{"count":1,"href":"https:\/\/miradordeatarfe.es\/index.php?rest_route=\/wp\/v2\/posts\/10219\/revisions"}],"predecessor-version":[{"id":10221,"href":"https:\/\/miradordeatarfe.es\/index.php?rest_route=\/wp\/v2\/posts\/10219\/revisions\/10221"}],"wp:featuredmedia":[{"embeddable":true,"href":"https:\/\/miradordeatarfe.es\/index.php?rest_route=\/wp\/v2\/media\/10220"}],"wp:attachment":[{"href":"https:\/\/miradordeatarfe.es\/index.php?rest_route=%2Fwp%2Fv2%2Fmedia&parent=10219"}],"wp:term":[{"taxonomy":"category","embeddable":true,"href":"https:\/\/miradordeatarfe.es\/index.php?rest_route=%2Fwp%2Fv2%2Fcategories&post=10219"},{"taxonomy":"post_tag","embeddable":true,"href":"https:\/\/miradordeatarfe.es\/index.php?rest_route=%2Fwp%2Fv2%2Ftags&post=10219"}],"curies":[{"name":"wp","href":"https:\/\/api.w.org\/{rel}","templated":true}]}}