{"id":10262,"date":"2016-07-02T09:47:25","date_gmt":"2016-07-02T07:47:25","guid":{"rendered":"http:\/\/miradordeatarfe.es\/?p=10262"},"modified":"2016-06-29T09:51:00","modified_gmt":"2016-06-29T07:51:00","slug":"premian-a-una-cirujana-de-granada-por-una-novedosa-tecnica-para-los-ninos-con-mandibula-muy-pequena","status":"publish","type":"post","link":"https:\/\/miradordeatarfe.es\/?p=10262","title":{"rendered":"Premian a una cirujana de Granada por una novedosa t\u00e9cnica para los ni\u00f1os con mand\u00edbula muy peque\u00f1a"},"content":{"rendered":"<p>Adoraci\u00f3n Mart\u00ednez, que trabaja en el hospital Materno Infantil de Granada, ha recibido este reconocimiento nacional por un art\u00edculo en el que detalla c\u00f3mo aplica esta t\u00e9cnica<!--more--><\/p>\n<p style=\"text-align: justify;\">La Sociedad Espa\u00f1ola de Cirug\u00eda Maxilofacial ha distinguido con su premio Lorenzo Castillo a la cirujana Adoraci\u00f3n Mart\u00ednez por la publicaci\u00f3n de una novedosa t\u00e9cnica, la distracci\u00f3n \u00f3sea, que permite intervenir a ni\u00f1os que nacen con una mand\u00edbula tan peque\u00f1a que no pueden respirar ni comer.<\/p>\n<p style=\"text-align: justify;\">Mart\u00ednez, cirujana maxilofacial en el hospital Materno Infantil de Granada, ha recibido este reconocimiento nacional por un art\u00edculo en el que detalla c\u00f3mo aplica esta t\u00e9cnica para intervenir a ni\u00f1os de alrededor de un mes que nacen con una aguda malformaci\u00f3n en la mand\u00edbula, que se presenta tan peque\u00f1a que requiere su intubaci\u00f3n inmediata.<\/p>\n<p style=\"text-align: justify;\">Esta especialista ha detallado a Efe que la operaci\u00f3n se realiza a beb\u00e9s que presentan, en ocasiones asociado a diferentes s\u00edndromes, una mand\u00edbula excesivamente peque\u00f1a que provoca que la lengua se desplace hasta la faringe, lo que les impide respirar y alimentarse.<\/p>\n<div id=\"roba_cintillo\" style=\"text-align: justify;\">\u00a0Mart\u00ednez ha explicado que, en casos agudos de esta malformaci\u00f3n, los beb\u00e9s tienen que ser intubados para facilitar que respiren y alimentados por sonda hasta que aproximadamente con un mes de vida son operados con este t\u00e9cnica de distracci\u00f3n \u00f3sea.<\/div>\n<p style=\"text-align: justify;\">\u00abSe espera m\u00ednimo un mes para operar con el objetivo de evitar el estr\u00e9s quir\u00fargico\u00bb, ha detallado esta especialista, \u00fanica en Andaluc\u00eda en practicar este tipo de operaciones de manera habitual junto a alg\u00fan caso aislado en hospitales sevillanos.<\/p>\n<p style=\"text-align: justify;\">La intervenci\u00f3n consiste en fracturar la mand\u00edbula para insertar unos tornillos en los que se ejerce presi\u00f3n para expandir y crear hueso y con esta cirug\u00eda se logra ampliarla en un plazo aproximado de dos semanas.<\/p>\n<p style=\"text-align: justify;\">Las primeras publicaciones sobre esta t\u00e9cnica, en la que se ha especializado esta cirujana, aparecieron en 2002.<\/p>\n<p style=\"text-align: justify;\">Esta malformaci\u00f3n tiene una baja afecci\u00f3n, con menos de una decena de casos anuales realizados en este hospital de Granada, referente en Andaluc\u00eda, aunque suelen ir asociados a otras dolencias como el labio y fisura palatina, que tambi\u00e9n opera Mart\u00ednez en el hospital Virgen de las Nieves de Granada.<\/p>\n<p style=\"text-align: justify;\">Esta cirujana maxilofacial especializada en pediatr\u00eda interviene adem\u00e1s a ni\u00f1os con asimetr\u00eda o malformaciones cr\u00e1neofaciales, casos en los que la mitad de la cara crece pero la otra no, para lograr uniformidad y mayor funcionalidad en los peque\u00f1os.<\/p>\n","protected":false},"excerpt":{"rendered":"<p>Adoraci\u00f3n Mart\u00ednez, que trabaja en el hospital Materno Infantil de Granada, ha recibido este reconocimiento&#8230;<\/p>\n","protected":false},"author":1,"featured_media":10263,"comment_status":"closed","ping_status":"closed","sticky":false,"template":"","format":"standard","meta":{"_coblocks_attr":"","_coblocks_dimensions":"","_coblocks_responsive_height":"","_coblocks_accordion_ie_support":"","jetpack_post_was_ever_published":false,"_jetpack_newsletter_access":"","_jetpack_dont_email_post_to_subs":false,"_jetpack_newsletter_tier_id":0,"_jetpack_memberships_contains_paywalled_content":false,"_jetpack_memberships_contains_paid_content":false,"footnotes":"","jetpack_publicize_message":"","jetpack_publicize_feature_enabled":true,"jetpack_social_post_already_shared":false,"jetpack_social_options":{"image_generator_settings":{"template":"highway","default_image_id":0,"enabled":false},"version":2}},"categories":[44,15,10],"tags":[2825,129,2826],"class_list":["post-10262","post","type-post","status-publish","format-standard","has-post-thumbnail","hentry","category-noticias-de-hoy","category-ultimas-noticias","category-salud","tag-cirujana","tag-granada","tag-hospital-materno-infantil"],"jetpack_publicize_connections":[],"jetpack_featured_media_url":"https:\/\/i0.wp.com\/miradordeatarfe.es\/wp-content\/uploads\/2016\/06\/adoracion-kS0-U201036069579uhF-575x323%40Ideal.jpg?fit=575%2C323&ssl=1","jetpack_likes_enabled":true,"jetpack_sharing_enabled":true,"_links":{"self":[{"href":"https:\/\/miradordeatarfe.es\/index.php?rest_route=\/wp\/v2\/posts\/10262","targetHints":{"allow":["GET"]}}],"collection":[{"href":"https:\/\/miradordeatarfe.es\/index.php?rest_route=\/wp\/v2\/posts"}],"about":[{"href":"https:\/\/miradordeatarfe.es\/index.php?rest_route=\/wp\/v2\/types\/post"}],"author":[{"embeddable":true,"href":"https:\/\/miradordeatarfe.es\/index.php?rest_route=\/wp\/v2\/users\/1"}],"replies":[{"embeddable":true,"href":"https:\/\/miradordeatarfe.es\/index.php?rest_route=%2Fwp%2Fv2%2Fcomments&post=10262"}],"version-history":[{"count":1,"href":"https:\/\/miradordeatarfe.es\/index.php?rest_route=\/wp\/v2\/posts\/10262\/revisions"}],"predecessor-version":[{"id":10264,"href":"https:\/\/miradordeatarfe.es\/index.php?rest_route=\/wp\/v2\/posts\/10262\/revisions\/10264"}],"wp:featuredmedia":[{"embeddable":true,"href":"https:\/\/miradordeatarfe.es\/index.php?rest_route=\/wp\/v2\/media\/10263"}],"wp:attachment":[{"href":"https:\/\/miradordeatarfe.es\/index.php?rest_route=%2Fwp%2Fv2%2Fmedia&parent=10262"}],"wp:term":[{"taxonomy":"category","embeddable":true,"href":"https:\/\/miradordeatarfe.es\/index.php?rest_route=%2Fwp%2Fv2%2Fcategories&post=10262"},{"taxonomy":"post_tag","embeddable":true,"href":"https:\/\/miradordeatarfe.es\/index.php?rest_route=%2Fwp%2Fv2%2Ftags&post=10262"}],"curies":[{"name":"wp","href":"https:\/\/api.w.org\/{rel}","templated":true}]}}