{"id":10265,"date":"2016-07-01T10:00:11","date_gmt":"2016-07-01T08:00:11","guid":{"rendered":"http:\/\/miradordeatarfe.es\/?p=10265"},"modified":"2016-06-29T10:06:22","modified_gmt":"2016-06-29T08:06:22","slug":"granada-las-48-horas-de-mudanza-en-los-hospitales","status":"publish","type":"post","link":"https:\/\/miradordeatarfe.es\/?p=10265","title":{"rendered":"GRANADA: Las 48 horas de mudanza en los hospitales"},"content":{"rendered":"<p style=\"text-align: justify;\">Esta historia comienza hace 14 a\u00f1os. En concreto, e<strong>l 19 de julio de 2002.<\/strong> Ese d\u00eda, el entonces consejero de Salud, Francisco Vallejo, coloc\u00f3 la primera piedra del que, en una semana, ser\u00e1 el segundo hospital m\u00e1s grande de Espa\u00f1a y el culmen del proyecto que cambiar\u00e1 el mapa sanitario de la ciudad. <!--more--><\/p>\n<p>14 a\u00f1os despu\u00e9s de la primera piedra, el Hospital PTS empezar\u00e1 a funcionar al cien por cien. La apertura completa obligar\u00e1 a trasladar a 200 pacientes durante el pr\u00f3ximo fin de semana desde Traumatolog\u00eda y el Cl\u00ednico.<\/p>\n<p style=\"text-align: justify;\">El cap\u00edtulo final durar\u00e1 48 horas; las mismas que transcurren entre el 2 y el 3 de julio del pr\u00f3ximo fin de semana, cuando se producir\u00e1 la mudanza hospitalaria m\u00e1s importante que se ha llevado a cabo en la ciudad. Hay que mover a 200 pacientes y se ha preparado un dispositivo sin precedentes. El necesario para cerrar un hospital y abrir otro sin que nada se detenga. Ser\u00e1 hist\u00f3rico.<\/p>\n<p style=\"text-align: justify;\">Nada ser\u00e1 como antes. En la &#8216;mudanza&#8217; trabajar\u00e1 un equipo de 852 personas. Ser\u00e1 el fin de semana en el que metaf\u00f3ricamente -y casi que en sentido literal- se bajar\u00e1n las persianas de dos centros referentes en Granada: las del hospital de Traumatolog\u00eda y las del Cl\u00ednico San Cecilio. Y se abrir\u00e1n de par en par las puertas, servicios e instalaciones del esperado hospital del Campus de la Salud.<\/p>\n<p style=\"text-align: justify;\">Antonio Zurita, subdirector de Enfermer\u00eda del Complejo y uno de los responsables de este ingente traslado, destaca que, \u00absin lugar a dudas, ser\u00e1 uno de los momentos hist\u00f3ricos que se viva en la ciudad\u00bb. No s\u00f3lo cambiar\u00e1 la vida y h\u00e1bitos de los granadinos en algo tan b\u00e1sico como ir al m\u00e9dico, sino que exigir\u00e1 una coordinaci\u00f3n perfectamente afinada.<\/p>\n<div id=\"layer-inpage\" style=\"text-align: justify;\"><\/div>\n<div id=\"roba_cintillo\" style=\"text-align: justify;\">\u00a0La clave del traslado radica en el movimiento de pacientes y para que no haya ning\u00fan problema el equipo tiene una hoja de ruta calculada al mil\u00edmetro, sin margen de error. Hasta tal punto que se sabe incluso el ascensor, de los 42 que hay, que tomar\u00e1 cada uno de los pacientes que llegue al nuevo hospital.<\/div>\n<p style=\"text-align: justify;\">\u00abDe todo este plan lo m\u00e1s importante es garantizar la seguridad de los 200 pacientes que se llevar\u00e1n desde Trauma y San Cecilio y eso est\u00e1 controlado\u00bb, subraya el subdirector de Enfermer\u00eda.<\/p>\n<figure class=\"photo pull-right mm\" style=\"text-align: justify;\"><img data-recalc-dims=\"1\" loading=\"lazy\" decoding=\"async\" id=\"U2010485974661XE\" title=\"Los operarios limpiam los cristales de la fachada.\" src=\"https:\/\/i0.wp.com\/www.ideal.es\/noticias\/201606\/26\/media\/cortadas\/gra-pts2-knAE-U2010485974661XE-575x323.jpg?resize=575%2C323\" alt=\"Los operarios limpiam los cristales de la fachada.\" width=\"575\" height=\"323\" vspace=\"1\" \/><figcaption class=\"bT\">Los operarios limpiam los cristales de la fachada.<strong> \/ ALFREDO AGUILAR<\/strong><\/p>\n<\/figcaption><\/figure>\n<p style=\"text-align: justify;\">El traslado en s\u00ed comenzar\u00e1 el 2 de julio y se har\u00e1 desde Trauma. A primera hora, a las 7 de la ma\u00f1ana, se ir\u00e1n preparando los 140 usuarios que saldr\u00e1n desde este centro.<\/p>\n<p style=\"text-align: justify;\">Las primeras ambulancias empezar\u00e1n a hacer la ruta hasta el hospital Campus de la Salud a las 8 de la ma\u00f1ana. Cada paciente lo har\u00e1 de manera individual y acompa\u00f1ado de un t\u00e9cnico, un sanitario y un familiar. Para el movimiento de pacientes se han reservado 45 ambulancias, entre las que hay cuatro UVI m\u00f3viles, 11 ambulancias medicalizadas y 30 normales.<\/p>\n<p style=\"text-align: justify;\">\u00abEsta organizaci\u00f3n no ha sido flor de un d\u00eda, las reuniones de la comisi\u00f3n de seguridad local se han sucedido durante estos meses y tranquilidad es lo que queremos trasladar a la ciudadan\u00eda\u00bb, explica Zurita.<\/p>\n<p style=\"text-align: justify;\">Nada queda en el aire. Los enfermos ir\u00e1n identificados con una pulsera codificada y adem\u00e1s llevar\u00e1n un kit personal con su historial cl\u00ednico en papel y su medicaci\u00f3n en caso de que lo necesitara. El gerente del complejo hospitalario de Granada, Manuel Bayona, desgrana el plan de &#8216;mudanza&#8217; y mantiene que el control de todos los enfermos est\u00e1 previsto desde que salen de un centro y llegan al nuevo hospital del PTS.<\/p>\n<p style=\"text-align: justify;\">\u00bfC\u00f3mo ser\u00e1 ese traslado? El recorrido -organizado y coordinado entre la Delegaci\u00f3n del Gobierno, Protecci\u00f3n Civil, 112, 061, Ayuntamientos y los hospitales-, discurrir\u00e1 por: Doctor Ol\u00f3riz-Constituci\u00f3n-Severo Ochoa-Avenida de Fuente Nueva- M\u00e9ndez N\u00fa\u00f1ez y entrada a la autov\u00eda. Un tr\u00e1nsito que se ha calculado en 45 minutos y que tiene contemplado hasta la puerta de entrada en el hospital, bien por la puerta de Consultas Externas o por Urgencias.<\/p>\n<p style=\"text-align: justify;\">Tanto los responsables que se han encargado del traslado como los trabajadores que ya est\u00e1n en el hospital hablan de la mudanza con tranquilidad. Es el caso de Ram\u00f3n Cabello, jefe del Servicio de Ingenier\u00eda y responsable de que nada t\u00e9cnico falle a partir de ahora: \u00abTodos estamos preparados para que arranque el hospital con normalidad. Los trabajadores que vienen llegan con cursos de formaci\u00f3n para adaptarse a todas las novedades t\u00e9cnicas y sanitarias. Ha sido un trabajo largo y duro\u00bb.<\/p>\n<p class=\"compLadillo\" style=\"text-align: justify;\">Hiperconectados<\/p>\n<p style=\"text-align: justify;\">El &#8216;modus operandi&#8217;<i><\/i>del s\u00e1bado, 2 de julio<i>,<\/i> se repetir\u00e1 el d\u00eda 3 pero con los pacientes del hospital San Cecilio. En este caso ser\u00e1n 60 enfermos los que se muevan hasta el Campus. Siguiendo el mismo recorrido y las mismas medidas de seguridad que los pacientes del d\u00eda anterior de Trauma.<\/p>\n<p style=\"text-align: justify;\">Uno de los aspectos m\u00e1s importantes del trayecto que har\u00e1n los enfermos es que todos los equipos sanitarios estar\u00e1n conectados. En el hospital del Campus de la Salud se instalar\u00e1 un Call Center y en los de salida, un centro de control. \u00abCualquier incidencia, percance o novedad se conocer\u00e1 en red y quedar\u00e1 grabada en im\u00e1genes\u00bb, detalla Bayona.<\/p>\n<p style=\"text-align: justify;\">Esta semana, los operarios se descolgaban desde la azotea para limpiar los cristales. Una imagen de v\u00e9rtigo. Igual que las cifras de esta gran &#8216;mudanza&#8217;. 48 horas para concluir casi dos d\u00e9cadas.<\/p>\n","protected":false},"excerpt":{"rendered":"<p>Esta historia comienza hace 14 a\u00f1os. En concreto, el 19 de julio de 2002. Ese&#8230;<\/p>\n","protected":false},"author":1,"featured_media":10266,"comment_status":"closed","ping_status":"closed","sticky":false,"template":"","format":"standard","meta":{"_coblocks_attr":"","_coblocks_dimensions":"","_coblocks_responsive_height":"","_coblocks_accordion_ie_support":"","jetpack_post_was_ever_published":false,"_jetpack_newsletter_access":"","_jetpack_dont_email_post_to_subs":false,"_jetpack_newsletter_tier_id":0,"_jetpack_memberships_contains_paywalled_content":false,"_jetpack_memberships_contains_paid_content":false,"footnotes":"","jetpack_publicize_message":"","jetpack_publicize_feature_enabled":true,"jetpack_social_post_already_shared":false,"jetpack_social_options":{"image_generator_settings":{"template":"highway","default_image_id":0,"enabled":false},"version":2}},"categories":[186,44,15,10],"tags":[129,2828,2827],"class_list":["post-10265","post","type-post","status-publish","format-standard","has-post-thumbnail","hentry","category-instituciones","category-noticias-de-hoy","category-ultimas-noticias","category-salud","tag-granada","tag-hospitales","tag-pts"],"jetpack_publicize_connections":[],"jetpack_featured_media_url":"https:\/\/i0.wp.com\/miradordeatarfe.es\/wp-content\/uploads\/2016\/06\/PTS.jpg?fit=575%2C323&ssl=1","jetpack_likes_enabled":true,"jetpack_sharing_enabled":true,"_links":{"self":[{"href":"https:\/\/miradordeatarfe.es\/index.php?rest_route=\/wp\/v2\/posts\/10265","targetHints":{"allow":["GET"]}}],"collection":[{"href":"https:\/\/miradordeatarfe.es\/index.php?rest_route=\/wp\/v2\/posts"}],"about":[{"href":"https:\/\/miradordeatarfe.es\/index.php?rest_route=\/wp\/v2\/types\/post"}],"author":[{"embeddable":true,"href":"https:\/\/miradordeatarfe.es\/index.php?rest_route=\/wp\/v2\/users\/1"}],"replies":[{"embeddable":true,"href":"https:\/\/miradordeatarfe.es\/index.php?rest_route=%2Fwp%2Fv2%2Fcomments&post=10265"}],"version-history":[{"count":1,"href":"https:\/\/miradordeatarfe.es\/index.php?rest_route=\/wp\/v2\/posts\/10265\/revisions"}],"predecessor-version":[{"id":10267,"href":"https:\/\/miradordeatarfe.es\/index.php?rest_route=\/wp\/v2\/posts\/10265\/revisions\/10267"}],"wp:featuredmedia":[{"embeddable":true,"href":"https:\/\/miradordeatarfe.es\/index.php?rest_route=\/wp\/v2\/media\/10266"}],"wp:attachment":[{"href":"https:\/\/miradordeatarfe.es\/index.php?rest_route=%2Fwp%2Fv2%2Fmedia&parent=10265"}],"wp:term":[{"taxonomy":"category","embeddable":true,"href":"https:\/\/miradordeatarfe.es\/index.php?rest_route=%2Fwp%2Fv2%2Fcategories&post=10265"},{"taxonomy":"post_tag","embeddable":true,"href":"https:\/\/miradordeatarfe.es\/index.php?rest_route=%2Fwp%2Fv2%2Ftags&post=10265"}],"curies":[{"name":"wp","href":"https:\/\/api.w.org\/{rel}","templated":true}]}}