{"id":10314,"date":"2016-07-08T10:15:47","date_gmt":"2016-07-08T08:15:47","guid":{"rendered":"http:\/\/miradordeatarfe.es\/?p=10314"},"modified":"2019-12-28T12:53:07","modified_gmt":"2019-12-28T11:53:07","slug":"pregon-de-1989-por-jose-enrique-granados","status":"publish","type":"post","link":"https:\/\/miradordeatarfe.es\/?p=10314","title":{"rendered":"\u00abPREG\u00d3N de D. Jos\u00e9 Luis de Mena(1989)\u00bb por Jos\u00e9 Enrique Granados"},"content":{"rendered":"<p>En el preg\u00f3n de las fiestas de 1989, de D. Jos\u00e9 Luis de Mena exalta las cualidades de nuestro pueblo. De \u00e9l, hemos extractado el siguiente texto.<!--more--><\/p>\n<p>\u201cLa hermosa Vega que bordea la poblaci\u00f3n fue siempre ejemplo de una buena explotaci\u00f3n agraria. Sus alamedas, sus huertos, sus frutales, sus cultivos industriales, como el tabaco y la remolacha, dieron un matiz especial a su agricultura muy desarrollada. Junto a ella, surgi\u00f3 hace ya muchos a\u00f1os, una industria alimentaria, basada en l<span class=\"text_exposed_show\">as azucareras, en las harineras, en las aceiteras. Agricultura e Industria se complementaron. Y si tales cultivos programaron ciertas actividades fabriles, otras veces eran las empresas industriales las que promov\u00edan tal o cual cultivo para sus factor\u00edas. Muestras de tales f\u00e1bricas a\u00fan se elevan en la zona: unas, en funcionamiento; otras, como vestigios de una \u00e9poca inolvidable de econom\u00eda y cultura.<\/span><\/p>\n<div class=\"text_exposed_show\">\n<p>M\u00e1s Atarfe, pese a sus vicisitudes econ\u00f3micas, pese al cierre de determinadas de sus factor\u00edas, no ha quedado muerta. Porque sus gentes siguen siendo activas, emprendedoras, trabajadoras. Por eso han sabido evolucionar, y donde se perdi\u00f3 un medio de riqueza, se supo crear otro nuevo, sustitutorio, con perspectivas para nuevos tiempos.<\/p>\n<p>Por todo ello Atarfe ha continuado su tradici\u00f3n fabril, su tradici\u00f3n de una hermosa agricultura, y su tradici\u00f3n comercial y de servicios. Pero adem\u00e1s de todo esto, Atarfe es vida. Y esa vida la forman sus gentes, alegres y hacendosas, siempre animadas; y esa vida la ofrece un singular paisaje, tanto urbano como campestre. Y esa vida la constituyen tradiciones y costumbres, que no se pierden, pese a nuevas modas y a la vida actual.<\/p>\n<p>Pasear por las calles c\u00e9ntricas de la ciudad es un disfrute, con sus edificaciones cl\u00e1sicas, sus antiguas casas se\u00f1oriales, su templo parroquial, sus placetas encantadoras&#8230; Sin llegar a ser lo que se dice una localidad monumental, es, sin duda, una poblaci\u00f3n atractiva, que gusta al forastero y que recrea al ciudadano propio. Sus nuevas zonas de jardiner\u00eda y de expansi\u00f3n, est\u00e1n bien conjugadas con su parte tradicional, y forman ese todo que es la ciudad atarfe\u00f1a\u201d.<a href=\"https:\/\/i0.wp.com\/miradordeatarfe.es\/wp-content\/uploads\/2016\/07\/pregon.jpg?ssl=1\"><img data-recalc-dims=\"1\" loading=\"lazy\" decoding=\"async\" class=\"alignnone size-full wp-image-10315\" src=\"https:\/\/i0.wp.com\/miradordeatarfe.es\/wp-content\/uploads\/2016\/07\/pregon.jpg?resize=640%2C450&#038;ssl=1\" alt=\"pregon\" width=\"640\" height=\"450\" srcset=\"https:\/\/i0.wp.com\/miradordeatarfe.es\/wp-content\/uploads\/2016\/07\/pregon.jpg?w=1680&amp;ssl=1 1680w, https:\/\/i0.wp.com\/miradordeatarfe.es\/wp-content\/uploads\/2016\/07\/pregon.jpg?resize=300%2C211&amp;ssl=1 300w, https:\/\/i0.wp.com\/miradordeatarfe.es\/wp-content\/uploads\/2016\/07\/pregon.jpg?resize=768%2C540&amp;ssl=1 768w, https:\/\/i0.wp.com\/miradordeatarfe.es\/wp-content\/uploads\/2016\/07\/pregon.jpg?resize=1024%2C720&amp;ssl=1 1024w, https:\/\/i0.wp.com\/miradordeatarfe.es\/wp-content\/uploads\/2016\/07\/pregon.jpg?resize=600%2C422&amp;ssl=1 600w, https:\/\/i0.wp.com\/miradordeatarfe.es\/wp-content\/uploads\/2016\/07\/pregon.jpg?w=1280&amp;ssl=1 1280w\" sizes=\"auto, (max-width: 640px) 100vw, 640px\" \/><\/a><\/p>\n<p>La fotograf\u00eda, cortes\u00eda de Anita Palma, data de septiembre de 1976, cerca ya de cuarenta a\u00f1os. \u00bfConocen a las personas que en ella aparecen?<\/p>\n<p>Curiosidades elvirenses.<\/p>\n<\/div>\n","protected":false},"excerpt":{"rendered":"<p>En el preg\u00f3n de las fiestas de 1989, de D. Jos\u00e9 Luis de Mena exalta&#8230;<\/p>\n","protected":false},"author":1,"featured_media":10316,"comment_status":"closed","ping_status":"closed","sticky":false,"template":"","format":"standard","meta":{"_coblocks_attr":"","_coblocks_dimensions":"","_coblocks_responsive_height":"","_coblocks_accordion_ie_support":"","jetpack_post_was_ever_published":false,"_jetpack_newsletter_access":"","_jetpack_dont_email_post_to_subs":false,"_jetpack_newsletter_tier_id":0,"_jetpack_memberships_contains_paywalled_content":false,"_jetpack_memberships_contains_paid_content":false,"footnotes":"","jetpack_publicize_message":"","jetpack_publicize_feature_enabled":true,"jetpack_social_post_already_shared":false,"jetpack_social_options":{"image_generator_settings":{"template":"highway","default_image_id":0,"enabled":false},"version":2}},"categories":[2,1225,38,44,15],"tags":[81,1333,537],"class_list":["post-10314","post","type-post","status-publish","format-standard","has-post-thumbnail","hentry","category-atarfe","category-ha-de-atarfe","category-opinion-de-jose-enrique-granados","category-noticias-de-hoy","category-ultimas-noticias","tag-atarfe","tag-fiestas","tag-pregon"],"jetpack_publicize_connections":[],"jetpack_featured_media_url":"https:\/\/i0.wp.com\/miradordeatarfe.es\/wp-content\/uploads\/2016\/07\/fiestas-de-atarfe-2014.jpg?fit=960%2C540&ssl=1","jetpack_likes_enabled":true,"jetpack_sharing_enabled":true,"_links":{"self":[{"href":"https:\/\/miradordeatarfe.es\/index.php?rest_route=\/wp\/v2\/posts\/10314","targetHints":{"allow":["GET"]}}],"collection":[{"href":"https:\/\/miradordeatarfe.es\/index.php?rest_route=\/wp\/v2\/posts"}],"about":[{"href":"https:\/\/miradordeatarfe.es\/index.php?rest_route=\/wp\/v2\/types\/post"}],"author":[{"embeddable":true,"href":"https:\/\/miradordeatarfe.es\/index.php?rest_route=\/wp\/v2\/users\/1"}],"replies":[{"embeddable":true,"href":"https:\/\/miradordeatarfe.es\/index.php?rest_route=%2Fwp%2Fv2%2Fcomments&post=10314"}],"version-history":[{"count":3,"href":"https:\/\/miradordeatarfe.es\/index.php?rest_route=\/wp\/v2\/posts\/10314\/revisions"}],"predecessor-version":[{"id":36453,"href":"https:\/\/miradordeatarfe.es\/index.php?rest_route=\/wp\/v2\/posts\/10314\/revisions\/36453"}],"wp:featuredmedia":[{"embeddable":true,"href":"https:\/\/miradordeatarfe.es\/index.php?rest_route=\/wp\/v2\/media\/10316"}],"wp:attachment":[{"href":"https:\/\/miradordeatarfe.es\/index.php?rest_route=%2Fwp%2Fv2%2Fmedia&parent=10314"}],"wp:term":[{"taxonomy":"category","embeddable":true,"href":"https:\/\/miradordeatarfe.es\/index.php?rest_route=%2Fwp%2Fv2%2Fcategories&post=10314"},{"taxonomy":"post_tag","embeddable":true,"href":"https:\/\/miradordeatarfe.es\/index.php?rest_route=%2Fwp%2Fv2%2Ftags&post=10314"}],"curies":[{"name":"wp","href":"https:\/\/api.w.org\/{rel}","templated":true}]}}