{"id":10345,"date":"2016-07-09T10:38:23","date_gmt":"2016-07-09T08:38:23","guid":{"rendered":"http:\/\/miradordeatarfe.es\/?p=10345"},"modified":"2019-10-16T13:18:03","modified_gmt":"2019-10-16T11:18:03","slug":"10345","status":"publish","type":"post","link":"https:\/\/miradordeatarfe.es\/?p=10345","title":{"rendered":"LA BIG BAND DE ATARFE"},"content":{"rendered":"<div>La Big Band de Atarfe nace en el seno de la Escuela de M\u00fasica Municipal en 2007, donde se estrena el mismo a\u00f1o en el Festival de Jazz del Lago.<\/div>\n<div>\n<p><!--more--><\/p>\n<\/div>\n<p>Gracias a sus aceptables cr\u00edticas en el peridoco Ideal, comienza a atraer la admiraci\u00f3n de grandes m\u00fasicos de la ciudad, y llegando hoy d\u00eda a consolidarse como una agrupaci\u00f3n estable y con multitud de seguidores gracias a la variedad de repertorio y conciertos de que dispone la Big Band Atarfe.<\/p>\n<div><\/div>\n<div><img data-recalc-dims=\"1\" loading=\"lazy\" decoding=\"async\" class=\"aligncenter\" src=\"https:\/\/i0.wp.com\/jazzatarfe.com\/data\/fotos_contenidos_web\/big-band-atarfe-tributo-a-arturo-sandoval-maynard-ferguson-69.jpg?resize=500%2C289\" width=\"500\" height=\"289\" border=\"0\" \/><\/div>\n<div><\/div>\n<div>La agrupaci\u00f3n est\u00e1 formada por componentes de la Escuela Municipal de M\u00fasica Ciudad Atarfe y por numerosos m\u00fasicos de prestigio de toda la provincia de Granada, que cada semana se re\u00fanen para fundir su sentimiento musical hacia los diferentes estilos de la m\u00fasica moderna (Swing, Funky, Blues, Latin&#8230;).<\/div>\n<div><\/div>\n<div>Su director musical <strong>Roberto Nieto,<\/strong> es profesor de saxof\u00f3n y m\u00fasica moderna en la Escuela Municipal de M\u00fasica Ciudad Atarfe. Termin\u00f3 los estudios Superiores de M\u00fasica en el Conservatorio Victoria Eugenia de Granada y completa su formaci\u00f3n de m\u00fasica moderna con n\u00fameros seminarios y profesores como Ernesto Aurignac entre otros.<\/div>\n<div><\/div>\n<div>En la actualidad adem\u00e1s de director, compositor y arreglista, compagina su actividad did\u00e1ctica con colaboraciones en discos de artistas nacionales del pop, as\u00ed como m\u00fasico en grupos de diversos g\u00e9neros que abarcan desde la m\u00fasica cl\u00e1sica hasta la m\u00fasica actual, pasando por el pop, latin, copla, etc.<\/div>\n<div><\/div>\n<div>En la actualidad la agrupaci\u00f3n realiza varios conciertos casi obligadas como son el \u201cFestival de Jazz en el Lago\u201d y el concierto de Navidad en el teatro \u201cMedina Elvira\u201d en lo que cada vez va ganado m\u00e1s adeptos, aunque son otros muchos los que se realizan a lo largo del a\u00f1o tanto en la localidad de Atarfe, como en pueblos colindantes o locales de Jazz de la Zona, aunque tambi\u00e9n ha tenido el placer de participar en el \u201cFestival de Jazz de Madrid\u201d y el \u201cJazz Tardor\u201d (Lleida), adem\u00e1s de acompa\u00f1ar a figuras de \u00e1mbito nacional como internacional como el organista Enrique Valdivieso, el trombonista Toni belenguer o el trompetista David Pastor.<\/div>\n<div><\/div>\n<div>En sus conciertos es imprescindible hablar de la variedad ya que realizan desde el Swing de las bandas de Count Basie y Glenn Miller hasta el Rock&amp;Roll del incombustible Brian Setzer, pasando por los ritmos latinos de Arturo Sandoval y Paquito d\u00b4Rivera o incluso versiones adaptadas de los grandes del Rock como AC\/DC. Otra de las variedades es el de Jazz Vocal con la colaboraci\u00f3n de grandes cantantes de nuestro panorama musical, realizando versiones de los m\u00edticos Frank Sinatra, Ella Fitzgerald, Tina Turner y Louis Armstrong entre otros&#8230;<\/div>\n<div><\/div>\n<div><strong>Componentes<\/strong><\/div>\n<div><\/div>\n<div>Fran Rivero. Trompetista solista<\/div>\n<div>Roberto Nieto. Director<\/div>\n<div>Voz: Sandra Morales<\/div>\n<div>Voz Invitada: Nazaret Compaz<\/div>\n<div>Saxofones: F\u00ba Emilio Mart\u00edn, M\u00aa Teresa Esca\u00f1uela, Eloy Medina, Antonio Jes\u00fas Jim\u00e9nez, F\u00ba Javier P\u00e9rez, Jos\u00e9 Antonio Tejera<\/div>\n<div>Trompetas: Vicente Alcaide, Antonio Coca, Juan Beltr\u00e1n, Tom\u00e1s Rodr\u00edguez<\/div>\n<div>Trombones: Jos\u00e9 Antonio Ruiz, Andr\u00e9s Cerrillo, Ra\u00fal Castilla, Antonio Pozo<\/div>\n<div>Guitarra: Juan Cabrerizo<\/div>\n<div>Piano: Juan Carlos Roldan<\/div>\n<div>Bajo: Antonio Cabrerizo<\/div>\n<div>Bater\u00eda: Julio P\u00e9rez<\/div>\n<div>Percusi\u00f3n: Germ\u00e1n Gallego<\/div>\n<div><\/div>\n<div>\n<h2><strong>Fran Rivero<\/strong><\/h2>\n<div><\/div>\n<div>Nace en Puente Genil, en el a\u00f1o 1982, el 1 de Septiembre. Comienza sus estudios musicales con la Banda Municipal de su ciudad natal. Posteriormente ingresa en el Conservatorio Profesional de M\u00fasica de Sevilla donde realiza sus estudios con Don Antonio Ure\u00f1a. Acaba su carrera acad\u00e9mica en el Conservatorio Superior de M\u00fasica \u00abManuel Castillo\u00bb de Sevilla con Don Antonio Ure\u00f1a y Francisco Cano.<\/div>\n<div><\/div>\n<div><img data-recalc-dims=\"1\" loading=\"lazy\" decoding=\"async\" class=\"aligncenter\" src=\"https:\/\/i0.wp.com\/jazzatarfe.com\/data\/fotos_contenidos_web\/big-band-atarfe-tributo-a-arturo-sandoval-maynard-ferguson-70.jpg?resize=375%2C500\" width=\"375\" height=\"500\" border=\"0\" \/><\/div>\n<div><\/div>\n<div>Un a\u00f1o despu\u00e9s tras aprobar sus oposiciones ingresa en el cuerpo de profesores, siendo profesor durante varios a\u00f1os del Conservatorio Elemental de M\u00fasica de Utrera. Y por \u00faltimo logra su plaza definitiva en 2010, siendo actualmente Profesor en el Conservatorio Profesional de M\u00fasica \u00abManuel Carra\u00bb de M\u00e1laga.<\/div>\n<div><\/div>\n<div>Trabaja con multitud de estudios de Grabaci\u00f3n, teniendo en torno a 300 discos con numerosos artistas, entre ellos Caf\u00e9 Quijano, El Arrebato, El Barrio, Siempre Asi, Jos\u00e9 Manuel Soto, o Siempre Asi, Nazaret Compaz, entre otros.<\/div>\n<div><\/div>\n<div>Trabaja tambi\u00e9n con numerosos artistas en sus Giras anuales, en diversos estilos musicales, y tambi\u00e9n como concertista ofrece varios conciertos cada a\u00f1o. Realiza varias Master Class y Cursos de Perfeccionamiento por toda Espa\u00f1a anualmente. Respecto al panorama del Jazz, forma su Big Band Gualajare Latin&amp;Jazz en 2001, ofreciendo un repertorio hasta entonces nunca escuchado por formaciones espa\u00f1olas, participando en varios festivales de Jazz. Colabora como Lead con la Marbella Big Band, Andy Peacok Big Band, La Peruta Big Band y por supuesto Big Band Atarfe y tambi\u00e9n en Charatooga Big Band con grandes trompetistas en Espa\u00f1a como son Patxi Urchegui y Juan Mungu\u00eda, qui\u00e9n fuera sustituto del mism\u00edsimo Arturo Sandoval en Irakere.<\/div>\n<div><\/div>\n<div>Tiene varios discos como trompetista solista, destacando su \u00e1lbum \u00abLive!\u00bb<\/div>\n<div><\/div>\n<div>Ha grabado con Chucho Vald\u00e9s recientemente.<\/div>\n<div><\/div>\n<div>Tambi\u00e9n trabaja de arreglista y compositor para varios productores y discogr\u00e1ficas.<\/div>\n<div><\/div>\n<div>Actualmente, aunque se encuentra inmerso en varias giras de artistas y multitud de proyectos est\u00e1 preparando la grabaci\u00f3n de su pr\u00f3ximo disco como trompetista solista y preparando una Gira como concertista con el pianista \u00c1ngel Moreno.<\/div>\n<\/div>\n<div><\/div>\n<div class=\"atras\"><\/div>\n<p>&nbsp;<\/p>\n","protected":false},"excerpt":{"rendered":"<p>La Big Band de Atarfe nace en el seno de la Escuela de M\u00fasica Municipal&#8230;<\/p>\n","protected":false},"author":1,"featured_media":10346,"comment_status":"closed","ping_status":"closed","sticky":false,"template":"","format":"standard","meta":{"_coblocks_attr":"","_coblocks_dimensions":"","_coblocks_responsive_height":"","_coblocks_accordion_ie_support":"","jetpack_post_was_ever_published":false,"_jetpack_newsletter_access":"","_jetpack_dont_email_post_to_subs":false,"_jetpack_newsletter_tier_id":0,"_jetpack_memberships_contains_paywalled_content":false,"_jetpack_memberships_contains_paid_content":false,"footnotes":"","jetpack_publicize_message":"","jetpack_publicize_feature_enabled":true,"jetpack_social_post_already_shared":false,"jetpack_social_options":{"image_generator_settings":{"template":"highway","default_image_id":0,"enabled":false},"version":2}},"categories":[2,12,1225,44,6539,15],"tags":[81,1850,566],"class_list":["post-10345","post","type-post","status-publish","format-standard","has-post-thumbnail","hentry","category-atarfe","category-cultura","category-ha-de-atarfe","category-noticias-de-hoy","category-personajes-de-ataref","category-ultimas-noticias","tag-atarfe","tag-big-band","tag-jazz"],"jetpack_publicize_connections":[],"jetpack_featured_media_url":"https:\/\/i0.wp.com\/miradordeatarfe.es\/wp-content\/uploads\/2016\/07\/005.jpg?fit=658%2C185&ssl=1","jetpack_likes_enabled":true,"jetpack_sharing_enabled":true,"_links":{"self":[{"href":"https:\/\/miradordeatarfe.es\/index.php?rest_route=\/wp\/v2\/posts\/10345","targetHints":{"allow":["GET"]}}],"collection":[{"href":"https:\/\/miradordeatarfe.es\/index.php?rest_route=\/wp\/v2\/posts"}],"about":[{"href":"https:\/\/miradordeatarfe.es\/index.php?rest_route=\/wp\/v2\/types\/post"}],"author":[{"embeddable":true,"href":"https:\/\/miradordeatarfe.es\/index.php?rest_route=\/wp\/v2\/users\/1"}],"replies":[{"embeddable":true,"href":"https:\/\/miradordeatarfe.es\/index.php?rest_route=%2Fwp%2Fv2%2Fcomments&post=10345"}],"version-history":[{"count":3,"href":"https:\/\/miradordeatarfe.es\/index.php?rest_route=\/wp\/v2\/posts\/10345\/revisions"}],"predecessor-version":[{"id":10349,"href":"https:\/\/miradordeatarfe.es\/index.php?rest_route=\/wp\/v2\/posts\/10345\/revisions\/10349"}],"wp:featuredmedia":[{"embeddable":true,"href":"https:\/\/miradordeatarfe.es\/index.php?rest_route=\/wp\/v2\/media\/10346"}],"wp:attachment":[{"href":"https:\/\/miradordeatarfe.es\/index.php?rest_route=%2Fwp%2Fv2%2Fmedia&parent=10345"}],"wp:term":[{"taxonomy":"category","embeddable":true,"href":"https:\/\/miradordeatarfe.es\/index.php?rest_route=%2Fwp%2Fv2%2Fcategories&post=10345"},{"taxonomy":"post_tag","embeddable":true,"href":"https:\/\/miradordeatarfe.es\/index.php?rest_route=%2Fwp%2Fv2%2Ftags&post=10345"}],"curies":[{"name":"wp","href":"https:\/\/api.w.org\/{rel}","templated":true}]}}