{"id":10359,"date":"2016-07-09T10:05:04","date_gmt":"2016-07-09T08:05:04","guid":{"rendered":"http:\/\/miradordeatarfe.es\/?p=10359"},"modified":"2016-07-07T09:55:57","modified_gmt":"2016-07-07T07:55:57","slug":"viii-torneo-de-padel-fiestas-de-atarfe","status":"publish","type":"post","link":"https:\/\/miradordeatarfe.es\/?p=10359","title":{"rendered":"VIII TORNEO DE P\u00c1DEL FIESTAS DE ATARFE"},"content":{"rendered":"<p>Desde el pr\u00f3ximo 19 de Julio, y hasta el 22 del mismo mes, tendr\u00e1 lugar el ya tradicional Torneo de P\u00e1del Fiestas de Atarfe.<!--more--><\/p>\n<p>Este a\u00f1o con premios en met\u00e1lico, y hasta 5 categor\u00edas. No lo dudes, y apuntante antes de\u00a0que te quedes sin plaza.<\/p>\n<p>Para inscribirse, llamar al tlf que aparece en el cartel, es el responsable del torneo, y monitor de la Escuela Municipal\u00a0de P\u00e1del Atarfe.<\/p>\n<p><a href=\"https:\/\/i0.wp.com\/miradordeatarfe.es\/wp-content\/uploads\/2016\/07\/689_630_20160701125859.jpg?ssl=1\"><img data-recalc-dims=\"1\" loading=\"lazy\" decoding=\"async\" class=\" wp-image-10360 aligncenter\" src=\"https:\/\/i0.wp.com\/miradordeatarfe.es\/wp-content\/uploads\/2016\/07\/689_630_20160701125859.jpg?resize=439%2C585&#038;ssl=1\" alt=\"689_630_20160701125859\" width=\"439\" height=\"585\" srcset=\"https:\/\/i0.wp.com\/miradordeatarfe.es\/wp-content\/uploads\/2016\/07\/689_630_20160701125859.jpg?w=400&amp;ssl=1 400w, https:\/\/i0.wp.com\/miradordeatarfe.es\/wp-content\/uploads\/2016\/07\/689_630_20160701125859.jpg?resize=225%2C300&amp;ssl=1 225w\" sizes=\"auto, (max-width: 439px) 100vw, 439px\" \/><\/a><\/p>\n","protected":false},"excerpt":{"rendered":"<p>Desde el pr\u00f3ximo 19 de Julio, y hasta el 22 del mismo mes, tendr\u00e1 lugar&#8230;<\/p>\n","protected":false},"author":1,"featured_media":10361,"comment_status":"closed","ping_status":"closed","sticky":false,"template":"","format":"standard","meta":{"_coblocks_attr":"","_coblocks_dimensions":"","_coblocks_responsive_height":"","_coblocks_accordion_ie_support":"","jetpack_post_was_ever_published":false,"_jetpack_newsletter_access":"","_jetpack_dont_email_post_to_subs":false,"_jetpack_newsletter_tier_id":0,"_jetpack_memberships_contains_paywalled_content":false,"_jetpack_memberships_contains_paid_content":false,"footnotes":"","jetpack_publicize_message":"","jetpack_publicize_feature_enabled":true,"jetpack_social_post_already_shared":false,"jetpack_social_options":{"image_generator_settings":{"template":"highway","default_image_id":0,"enabled":false},"version":2}},"categories":[2,182,44,15],"tags":[81,123,2845],"class_list":["post-10359","post","type-post","status-publish","format-standard","has-post-thumbnail","hentry","category-atarfe","category-deportes","category-noticias-de-hoy","category-ultimas-noticias","tag-atarfe","tag-deportes","tag-padel"],"jetpack_publicize_connections":[],"jetpack_featured_media_url":"https:\/\/i0.wp.com\/miradordeatarfe.es\/wp-content\/uploads\/2016\/07\/13778608832872-0-680x276.jpg?fit=680%2C276&ssl=1","jetpack_likes_enabled":true,"jetpack_sharing_enabled":true,"_links":{"self":[{"href":"https:\/\/miradordeatarfe.es\/index.php?rest_route=\/wp\/v2\/posts\/10359","targetHints":{"allow":["GET"]}}],"collection":[{"href":"https:\/\/miradordeatarfe.es\/index.php?rest_route=\/wp\/v2\/posts"}],"about":[{"href":"https:\/\/miradordeatarfe.es\/index.php?rest_route=\/wp\/v2\/types\/post"}],"author":[{"embeddable":true,"href":"https:\/\/miradordeatarfe.es\/index.php?rest_route=\/wp\/v2\/users\/1"}],"replies":[{"embeddable":true,"href":"https:\/\/miradordeatarfe.es\/index.php?rest_route=%2Fwp%2Fv2%2Fcomments&post=10359"}],"version-history":[{"count":2,"href":"https:\/\/miradordeatarfe.es\/index.php?rest_route=\/wp\/v2\/posts\/10359\/revisions"}],"predecessor-version":[{"id":10363,"href":"https:\/\/miradordeatarfe.es\/index.php?rest_route=\/wp\/v2\/posts\/10359\/revisions\/10363"}],"wp:featuredmedia":[{"embeddable":true,"href":"https:\/\/miradordeatarfe.es\/index.php?rest_route=\/wp\/v2\/media\/10361"}],"wp:attachment":[{"href":"https:\/\/miradordeatarfe.es\/index.php?rest_route=%2Fwp%2Fv2%2Fmedia&parent=10359"}],"wp:term":[{"taxonomy":"category","embeddable":true,"href":"https:\/\/miradordeatarfe.es\/index.php?rest_route=%2Fwp%2Fv2%2Fcategories&post=10359"},{"taxonomy":"post_tag","embeddable":true,"href":"https:\/\/miradordeatarfe.es\/index.php?rest_route=%2Fwp%2Fv2%2Ftags&post=10359"}],"curies":[{"name":"wp","href":"https:\/\/api.w.org\/{rel}","templated":true}]}}