{"id":10367,"date":"2016-07-11T06:23:04","date_gmt":"2016-07-11T04:23:04","guid":{"rendered":"http:\/\/miradordeatarfe.es\/?p=10367"},"modified":"2016-07-07T13:27:32","modified_gmt":"2016-07-07T11:27:32","slug":"el-recibo-de-la-luz-del-usuario-medio-subio-un-96-en-junio-segun-el-analisis-de-facua","status":"publish","type":"post","link":"https:\/\/miradordeatarfe.es\/?p=10367","title":{"rendered":"El recibo de la luz del usuario medio subi\u00f3 un 9,6% en junio"},"content":{"rendered":"<p style=\"text-align: justify;\">Seg\u00fan el an\u00e1lisis de FACUA, tras un comienzo de a\u00f1o con sucesivas bajadas gracias al mayor peso que tuvieron las renovables, en los dos \u00faltimos meses ha vuelto la tendencia alcista.<!--more--><\/p>\n<div id=\"contenedor\">\n<div id=\"contenido\" class=\"p70\">\n<div class=\"interior\">\n<div id=\"textoScroll\">\n<div class=\"elemento\">\n<div class=\"txtContenido\">\n<p style=\"text-align: justify;\">Tras un comienzo de a\u00f1o con sucesivas bajadas de la luz gracias al mayor peso que tuvieron las renovables, en los dos \u00faltimos meses ha vuelto la tendencia alcista, con un incremento mensual en junio de nada menos que el 9,6% en el recibo del usuario medio. As\u00ed lo pone de manifiesto el \u00faltimo an\u00e1lisis de FACUA-Consumidores en Acci\u00f3n, que sit\u00faa la factura mensual media en 66,37 euros (impuestos indirectos incluidos), frente a los 60,53 euros de mayo.<\/p>\n<p style=\"text-align: justify;\">Aunque el recibo contin\u00faa muy por debajo de los 76,81 euros de diciembre, FACUA advierte de que lo ocurrido en los cuatro primeros meses del a\u00f1o no compensa en absoluto la gran subida que se produjo durante la legislatura 2012-2015, <a href=\"https:\/\/FACUA.org\/9891\">un 16,2%<\/a> que represent\u00f3 500 euros acumulados para el usuario medio.<\/p>\n<p style=\"text-align: justify;\">FACUA realiza sus estudios a partir de la tarifa PVPC aplicada en domicilios cuyos contadores a\u00fan no tienen la tarificaci\u00f3n por horas. En ellos utiliza un perfil de usuario con una potencia contratada de 4,4 kW y un consumo mensual de 366 kWh mensuales, la media en Espa\u00f1a seg\u00fan un an\u00e1lisis de la asociaci\u00f3n sobre varias decenas de miles de facturas de viviendas habitadas.<\/p>\n<p style=\"text-align: justify;\">El recibo del usuario medio se situ\u00f3 en 66,37 euros en junio, siempre en los casos de usuarios con contadores sin la tarificaci\u00f3n por horas. En cuanto al precio de la energ\u00eda consumida, el kWh supuso durante el mes pasado una media de 12,78 c\u00e9ntimos (10,05 m\u00e1s impuestos). FACUA recuerda que cuando se aplica un precio distinto cada hora, las tarifas suelen ser globalmente m\u00e1s elevadas, ya que en las horas de mayor consumo el kWh es m\u00e1s caro. En cuanto a la tarifa por la potencia contratada, se mantiene en 4,46 euros por kW al mes (3,50 m\u00e1s impuestos).<\/p>\n<p style=\"text-align: justify;\"><strong>FACUA insiste en reclamar un cambio radical en el sistema tarifario,<\/strong> de manera que el Gobierno fije una tarifa m\u00e1xima totalmente regulada, libre de la especulaci\u00f3n que se produce en un mercado energ\u00e9tico dominado por un oligopolio.<\/p>\n<\/div>\n<\/div>\n<\/div>\n<\/div>\n<\/div>\n<\/div>\n","protected":false},"excerpt":{"rendered":"<p>Seg\u00fan el an\u00e1lisis de FACUA, tras un comienzo de a\u00f1o con sucesivas bajadas gracias al&#8230;<\/p>\n","protected":false},"author":1,"featured_media":10369,"comment_status":"closed","ping_status":"closed","sticky":false,"template":"","format":"standard","meta":{"_coblocks_attr":"","_coblocks_dimensions":"","_coblocks_responsive_height":"","_coblocks_accordion_ie_support":"","jetpack_post_was_ever_published":false,"_jetpack_newsletter_access":"","_jetpack_dont_email_post_to_subs":false,"_jetpack_newsletter_tier_id":0,"_jetpack_memberships_contains_paywalled_content":false,"_jetpack_memberships_contains_paid_content":false,"footnotes":"","jetpack_publicize_message":"","jetpack_publicize_feature_enabled":true,"jetpack_social_post_already_shared":false,"jetpack_social_options":{"image_generator_settings":{"template":"highway","default_image_id":0,"enabled":false},"version":2}},"categories":[44,15],"tags":[116,910],"class_list":["post-10367","post","type-post","status-publish","format-standard","has-post-thumbnail","hentry","category-noticias-de-hoy","category-ultimas-noticias","tag-electricidad","tag-facua"],"jetpack_publicize_connections":[],"jetpack_featured_media_url":"https:\/\/i0.wp.com\/miradordeatarfe.es\/wp-content\/uploads\/2016\/07\/noticia10481h.jpg?fit=670%2C400&ssl=1","jetpack_likes_enabled":true,"jetpack_sharing_enabled":true,"_links":{"self":[{"href":"https:\/\/miradordeatarfe.es\/index.php?rest_route=\/wp\/v2\/posts\/10367","targetHints":{"allow":["GET"]}}],"collection":[{"href":"https:\/\/miradordeatarfe.es\/index.php?rest_route=\/wp\/v2\/posts"}],"about":[{"href":"https:\/\/miradordeatarfe.es\/index.php?rest_route=\/wp\/v2\/types\/post"}],"author":[{"embeddable":true,"href":"https:\/\/miradordeatarfe.es\/index.php?rest_route=\/wp\/v2\/users\/1"}],"replies":[{"embeddable":true,"href":"https:\/\/miradordeatarfe.es\/index.php?rest_route=%2Fwp%2Fv2%2Fcomments&post=10367"}],"version-history":[{"count":2,"href":"https:\/\/miradordeatarfe.es\/index.php?rest_route=\/wp\/v2\/posts\/10367\/revisions"}],"predecessor-version":[{"id":10370,"href":"https:\/\/miradordeatarfe.es\/index.php?rest_route=\/wp\/v2\/posts\/10367\/revisions\/10370"}],"wp:featuredmedia":[{"embeddable":true,"href":"https:\/\/miradordeatarfe.es\/index.php?rest_route=\/wp\/v2\/media\/10369"}],"wp:attachment":[{"href":"https:\/\/miradordeatarfe.es\/index.php?rest_route=%2Fwp%2Fv2%2Fmedia&parent=10367"}],"wp:term":[{"taxonomy":"category","embeddable":true,"href":"https:\/\/miradordeatarfe.es\/index.php?rest_route=%2Fwp%2Fv2%2Fcategories&post=10367"},{"taxonomy":"post_tag","embeddable":true,"href":"https:\/\/miradordeatarfe.es\/index.php?rest_route=%2Fwp%2Fv2%2Ftags&post=10367"}],"curies":[{"name":"wp","href":"https:\/\/api.w.org\/{rel}","templated":true}]}}