{"id":10405,"date":"2016-07-07T11:04:08","date_gmt":"2016-07-07T09:04:08","guid":{"rendered":"http:\/\/miradordeatarfe.es\/?p=10405"},"modified":"2016-07-06T11:15:38","modified_gmt":"2016-07-06T09:15:38","slug":"fernando-moreno-ya-manda-en-el-atarfe-industrial","status":"publish","type":"post","link":"https:\/\/miradordeatarfe.es\/?p=10405","title":{"rendered":"Fernando Moreno toma las riendas del Atarfe Industrial"},"content":{"rendered":"<p style=\"text-align: justify;\">Tom\u00f3 las riendas de la Junta Gestora tras la asamblea del pasado martes y ya trabaja en la planificaci\u00f3n de la nueva temporada eligiendo a Rafita como el\u00a0 encargado de dirigir t\u00e9cnica y t\u00e1cticamente al Atarfe Industrial.<!--more--><\/p>\n<p style=\"text-align: justify;\">La situaci\u00f3n de inestabilidad en la que se encontraba sumido el Atarfe se ha resulto con la llegada de Fernando Moreno, un viejo conocido de la entidad.<\/p>\n<p style=\"text-align: justify;\">\u201cEs la quinta vez que estoy dentro del equipo. He vuelto porque la situaci\u00f3n estaba enrarecida en Atarfe, no s\u00e9 los temas ni ya quiero saberlos porque yo hablo de f\u00fatbol y a ver la situaci\u00f3n me llamaron del Ayuntamiento y gente de las directivas anteriores, lo he estado pensando, he estado dudando y ya el domingo me decid\u00ed\u201d, se\u00f1al\u00f3 Moreno en los micr\u00f3fonos de Radio Albolote.<\/p>\n<p style=\"text-align: justify;\">Moreno tom\u00f3 esta decisi\u00f3n tras un vac\u00edo que nadie quer\u00eda llenar. \u201cNadie quer\u00eda seguir adelante, ya hab\u00eda preparado y as\u00ed fue, me present\u00e9, all\u00ed mismo mont\u00e9 un grupo de trabajo y comenzar a tomar decisiones\u201d, indic\u00f3.<\/p>\n<p style=\"text-align: justify;\">Ahora es momento de trabajar y de recabar todas los apoyos necesarios. \u201cEl Ayuntamiento es el primero que tiene que aportar y ayudar para que esto salga adelante. Ahora me estoy rodeando de una serie de gente que no va a aportar solamente trabajo, si pueden van a aportar econ\u00f3micamente tambi\u00e9n\u201d, dijo<\/p>\n<p style=\"text-align: justify;\">\n<p style=\"text-align: justify;\">.<a href=\"https:\/\/i0.wp.com\/miradordeatarfe.es\/wp-content\/uploads\/2016\/07\/imagennoticia29920_0-1.jpg?ssl=1\"><img data-recalc-dims=\"1\" loading=\"lazy\" decoding=\"async\" class=\"size-full wp-image-10410 aligncenter\" src=\"https:\/\/i0.wp.com\/miradordeatarfe.es\/wp-content\/uploads\/2016\/07\/imagennoticia29920_0-1.jpg?resize=375%2C374&#038;ssl=1\" alt=\"imagennoticia29920_0\" width=\"375\" height=\"374\" srcset=\"https:\/\/i0.wp.com\/miradordeatarfe.es\/wp-content\/uploads\/2016\/07\/imagennoticia29920_0-1.jpg?w=375&amp;ssl=1 375w, https:\/\/i0.wp.com\/miradordeatarfe.es\/wp-content\/uploads\/2016\/07\/imagennoticia29920_0-1.jpg?resize=150%2C150&amp;ssl=1 150w, https:\/\/i0.wp.com\/miradordeatarfe.es\/wp-content\/uploads\/2016\/07\/imagennoticia29920_0-1.jpg?resize=300%2C300&amp;ssl=1 300w\" sizes=\"auto, (max-width: 375px) 100vw, 375px\" \/><\/a><\/p>\n<p style=\"text-align: justify;\">El nuevo presidente del Atarfe est\u00e1 convencido de que el proyecto saldr\u00e1 adelante. \u201cNo soy de los que voy pisando charcos, si he dado el paso es porque puedo darlo y tengo que darlo\u201d.<\/p>\n<p style=\"text-align: justify;\">Un proyecto que no dejar\u00e1 de lado el entramado de cantera del club. \u201cSe mueven unos 15 equipos todos los a\u00f1os y tenemos que buscar gente suficiente para que puedan trabajar y llevar esto adelante\u201d.<\/p>\n<p style=\"text-align: justify;\">\u201cEsto es un juego y luego las cosas te pueden salir mejor o peor pero ya llevamos muchos a\u00f1os en esto\u201d, a\u00f1adi\u00f3 el nuevo rector atarfe\u00f1o.<\/p>\n<p style=\"text-align: justify;\">Moreno es realista y subraya que el objetivo seguir\u00e1 siendo la permanencia. \u201cAhora mismo ese es el destino del Atarfe, tenemos que pensar en mantenernos. Si hubiese otros ingresos diferentes pensar\u00edamos en otras cosas pero ahora hay que hacer un equipo para tratar de salvar la categor\u00eda, pensar en otras cosas no ser\u00eda real\u201d.<\/p>\n<p style=\"text-align: justify;\">La b\u00fasqueda de entrenador ya ha comenzado y tras la negativa de Rafilla Morales el nuevo inquilino se podr\u00eda conocer este pr\u00f3ximo lunes. \u201cRafilla Morales est\u00e1 esperando una contestaci\u00f3n del Granada y \u00e9l prefiere seguir all\u00ed, est\u00e1 haciendo un buen trabajo, est\u00e1 `bien mirado\u00b4 y parece que va a seguir all\u00ed, pero hay otras opciones\u201d. ( al final seg\u00fan el noticiario de Atarfe RAFILLA YA HA ACEPTADO)<a href=\"https:\/\/i0.wp.com\/miradordeatarfe.es\/wp-content\/uploads\/2016\/07\/13557690_1219120648098436_519630356753191724_n.jpg?ssl=1\"><img data-recalc-dims=\"1\" loading=\"lazy\" decoding=\"async\" class=\"size-full wp-image-10406 alignleft\" src=\"https:\/\/i0.wp.com\/miradordeatarfe.es\/wp-content\/uploads\/2016\/07\/13557690_1219120648098436_519630356753191724_n.jpg?resize=350%2C381&#038;ssl=1\" alt=\"13557690_1219120648098436_519630356753191724_n\" width=\"350\" height=\"381\" srcset=\"https:\/\/i0.wp.com\/miradordeatarfe.es\/wp-content\/uploads\/2016\/07\/13557690_1219120648098436_519630356753191724_n.jpg?w=350&amp;ssl=1 350w, https:\/\/i0.wp.com\/miradordeatarfe.es\/wp-content\/uploads\/2016\/07\/13557690_1219120648098436_519630356753191724_n.jpg?resize=276%2C300&amp;ssl=1 276w\" sizes=\"auto, (max-width: 350px) 100vw, 350px\" \/><\/a><\/p>\n<p style=\"text-align: justify;\">\u00a0\u00a0\u00a0\u00a0\u00a0\u00a0 <a href=\"https:\/\/i0.wp.com\/miradordeatarfe.es\/wp-content\/uploads\/2016\/07\/13600224_1219929011350933_5156983829000893434_n.jpg?ssl=1\"><img data-recalc-dims=\"1\" loading=\"lazy\" decoding=\"async\" class=\"alignnone size-full wp-image-10413\" src=\"https:\/\/i0.wp.com\/miradordeatarfe.es\/wp-content\/uploads\/2016\/07\/13600224_1219929011350933_5156983829000893434_n.jpg?resize=296%2C394&#038;ssl=1\" alt=\"13600224_1219929011350933_5156983829000893434_n\" width=\"296\" height=\"394\" srcset=\"https:\/\/i0.wp.com\/miradordeatarfe.es\/wp-content\/uploads\/2016\/07\/13600224_1219929011350933_5156983829000893434_n.jpg?w=296&amp;ssl=1 296w, https:\/\/i0.wp.com\/miradordeatarfe.es\/wp-content\/uploads\/2016\/07\/13600224_1219929011350933_5156983829000893434_n.jpg?resize=225%2C300&amp;ssl=1 225w\" sizes=\"auto, (max-width: 296px) 100vw, 296px\" \/><\/a><\/p>\n<p style=\"text-align: justify;\"><a href=\"mailto:redaccion@granadaenjuego.com\">redaccion@granadaenjuego.com<\/a><\/p>\n","protected":false},"excerpt":{"rendered":"<p>Tom\u00f3 las riendas de la Junta Gestora tras la asamblea del pasado martes y ya&#8230;<\/p>\n","protected":false},"author":1,"featured_media":10412,"comment_status":"closed","ping_status":"closed","sticky":false,"template":"","format":"standard","meta":{"_coblocks_attr":"","_coblocks_dimensions":"","_coblocks_responsive_height":"","_coblocks_accordion_ie_support":"","jetpack_post_was_ever_published":false,"_jetpack_newsletter_access":"","_jetpack_dont_email_post_to_subs":false,"_jetpack_newsletter_tier_id":0,"_jetpack_memberships_contains_paywalled_content":false,"_jetpack_memberships_contains_paid_content":false,"footnotes":"","jetpack_publicize_message":"","jetpack_publicize_feature_enabled":true,"jetpack_social_post_already_shared":false,"jetpack_social_options":{"image_generator_settings":{"template":"highway","default_image_id":0,"enabled":false},"version":2}},"categories":[2,182,44,15],"tags":[667,322,666],"class_list":["post-10405","post","type-post","status-publish","format-standard","has-post-thumbnail","hentry","category-atarfe","category-deportes","category-noticias-de-hoy","category-ultimas-noticias","tag-atarfe-industrial","tag-deporte","tag-futbol"],"jetpack_publicize_connections":[],"jetpack_featured_media_url":"https:\/\/i0.wp.com\/miradordeatarfe.es\/wp-content\/uploads\/2016\/07\/imagennoticia29882_0.jpg?fit=700%2C407&ssl=1","jetpack_likes_enabled":true,"jetpack_sharing_enabled":true,"_links":{"self":[{"href":"https:\/\/miradordeatarfe.es\/index.php?rest_route=\/wp\/v2\/posts\/10405","targetHints":{"allow":["GET"]}}],"collection":[{"href":"https:\/\/miradordeatarfe.es\/index.php?rest_route=\/wp\/v2\/posts"}],"about":[{"href":"https:\/\/miradordeatarfe.es\/index.php?rest_route=\/wp\/v2\/types\/post"}],"author":[{"embeddable":true,"href":"https:\/\/miradordeatarfe.es\/index.php?rest_route=\/wp\/v2\/users\/1"}],"replies":[{"embeddable":true,"href":"https:\/\/miradordeatarfe.es\/index.php?rest_route=%2Fwp%2Fv2%2Fcomments&post=10405"}],"version-history":[{"count":4,"href":"https:\/\/miradordeatarfe.es\/index.php?rest_route=\/wp\/v2\/posts\/10405\/revisions"}],"predecessor-version":[{"id":10414,"href":"https:\/\/miradordeatarfe.es\/index.php?rest_route=\/wp\/v2\/posts\/10405\/revisions\/10414"}],"wp:featuredmedia":[{"embeddable":true,"href":"https:\/\/miradordeatarfe.es\/index.php?rest_route=\/wp\/v2\/media\/10412"}],"wp:attachment":[{"href":"https:\/\/miradordeatarfe.es\/index.php?rest_route=%2Fwp%2Fv2%2Fmedia&parent=10405"}],"wp:term":[{"taxonomy":"category","embeddable":true,"href":"https:\/\/miradordeatarfe.es\/index.php?rest_route=%2Fwp%2Fv2%2Fcategories&post=10405"},{"taxonomy":"post_tag","embeddable":true,"href":"https:\/\/miradordeatarfe.es\/index.php?rest_route=%2Fwp%2Fv2%2Ftags&post=10405"}],"curies":[{"name":"wp","href":"https:\/\/api.w.org\/{rel}","templated":true}]}}