{"id":10430,"date":"2016-07-13T07:55:20","date_gmt":"2016-07-13T05:55:20","guid":{"rendered":"http:\/\/miradordeatarfe.es\/?p=10430"},"modified":"2016-07-06T11:58:46","modified_gmt":"2016-07-06T09:58:46","slug":"refranes-o-el-saber-popular","status":"publish","type":"post","link":"https:\/\/miradordeatarfe.es\/?p=10430","title":{"rendered":"Refranes o el saber popular"},"content":{"rendered":"<p style=\"text-align: justify;\">Desde chiquita me cri\u00e9 escuchando esas rimas tan graciosas cuyo significado se me escapaba en numerosas ocasiones.<!--more--><\/p>\n<p style=\"text-align: justify;\">Mi madre, toda ella muy capitalina, hab\u00eda nacido en el primer cuarto del siglo XX. Madrile\u00f1a hasta la m\u00e9dula, y por ende castellana, estaba acostumbrada a escucharlos y a soltarlos; siempre los ten\u00eda en la punta de la lengua.<\/p>\n<p style=\"text-align: justify;\">A medida que fui creciendo, empec\u00e9 a imitarla. Yo comenzaba a decirlos y ella me ayudaba a terminarlos. Un d\u00eda le pregunt\u00e9: \u00abMami, \u00bfpor qu\u00e9 sabes tantas adivinanzas?\u00bb. No son adivinanzas, son refranes \u2013me contest\u00f3\u2014. Y volv\u00ed a preguntar: \u00ab\u00bfQu\u00e9 son los \u2018frefranes\u2019? \u2013ella ri\u00f3 a carcajada limpia porque siempre me inventaba palabras o tergiversaba las colocaci\u00f3n de las letras.<\/p>\n<p style=\"text-align: justify;\">Me hizo repetir la palabra un mont\u00f3n de veces y, despu\u00e9s,\u00a0<strong>me contest\u00f3 que su tatarabuela ya las sab\u00eda. Hab\u00edan pasado de generaci\u00f3n en generaci\u00f3n y formaban parte del saber popular de nuestros antepasados. Sobre el significado, me coment\u00f3 que era un juego de palabras que encerraban una verdad contundente.<\/strong><\/p>\n<p style=\"text-align: justify;\">Me acostumbr\u00e9 a ellos tanto como a merendar Nocilla. En la adolescencia, parec\u00eda un papagayo repiti\u00e9ndolos como el catecismo.\u00a0<strong>Todav\u00eda los utilizo pese a que est\u00e9n cayendo en desuso.\u00a0<\/strong>Cuando mi madre se hizo mayor y comenz\u00f3 a olvidarlos, jug\u00e1bamos a la inversa: yo dec\u00eda el principio y, ella, si lo recordaba, el final. As\u00ed qued\u00f3 el asunto.<\/p>\n<p style=\"text-align: justify;\">Ayer, al coger un cat\u00e1logo del supermercado Aldi vi que estaba repleto de refranes. Me hizo much\u00edsima gracia. Pens\u00e9: \u00abCaray, \u00a1que sabio es el refranero espa\u00f1ol!\u00bb. Y, heme aqu\u00ed, tecleando un art\u00edculo sobre los mismos; desde luego, se lo merecen. Sin embargo, \u00bfcomprendemos su significado y sabemos de d\u00f3nde provienen? Rebuscando por el todopoderoso Internet, he encontrado numerosas entradas. He recogido un poco de cada y aqu\u00ed os dejo el resultado.<\/p>\n<ul style=\"text-align: justify;\">\n<li><strong>Refr\u00e1n:<\/strong>\u00a0adagio, dicho, aforismo, agudeza, apotegma, m\u00e1xima, proverbio, sentencia\u2026<\/li>\n<\/ul>\n<p style=\"text-align: justify;\"><strong>Un refr\u00e1n es una frase corta cuyo significado expresa un consejo \u00fatil en la vida cotidiana o simplemente resume los hechos o situaciones conocidas por el pueblo. Su origen es antiqu\u00edsimo y han existido en la mayor\u00eda de culturas a lo largo del tiempo.<\/strong>\u00a0Por tanto, podemos decir que son atemporales. Como\u00a0<strong>refranes<\/strong>\u00a0en la lengua espa\u00f1ola, datan del siglo XV y son, en parte,\u00a0<strong>descendientes de las estrofas de Los Cantares de Gesta que los juglares divulgaban durante el Medievo entre la poblaci\u00f3n para contar las haza\u00f1as heroicas de personajes importantes en una sociedad mayormente \u00e1grafa.<\/strong><\/p>\n<p style=\"text-align: justify;\"><strong>Los primeros refranes escritos y recogidos por la tradici\u00f3n popular son:\u00a0<a href=\"https:\/\/es.wikipedia.org\/wiki\/Sem_Tob\"><em>El libro de proverbios<\/em>\u00a0de Sem Tob de Carri\u00f3n<\/a>,\u00a0<\/strong><a href=\"http:\/\/barricadaletrahispanic.blogspot.com.es\/2011\/10\/el-libro-de-los-ejemplos-del-conde.html\"><strong><em>El libro de los ejemplos<\/em><\/strong>\u00a0<strong>del Conde Lucanor<\/strong><\/a>\u00a0y\u00a0<strong><a href=\"http:\/\/www.scielo.org.ar\/scielo.php?script=sci_arttext&amp;pid=S1852-44782001000200009\"><em>Refranes que dicen la viejas junto al fuego<\/em>\u00a0del Marqu\u00e9s de Santillana.<\/a><\/strong><\/p>\n<p style=\"text-align: justify;\"><strong>Hay aforismos que aconsejan y otros que aseveran un hecho conocido.\u00a0<\/strong>Aunque, en numerosas ocasiones, pueden acoplarse a los dos apartados. Sin olvidar que en cada pa\u00eds o incluso regi\u00f3n de una misma naci\u00f3n, existen variantes.<\/p>\n<div id=\"attachment_71531\" class=\"wp-caption alignleft\" style=\"text-align: justify;\">\n<p class=\"wp-caption-text\">\n<\/div>\n<p style=\"text-align: justify;\"><strong>Algunos ejemplos, significado y procedencia de las m\u00e1ximas que aconsejan:<\/strong><\/p>\n<ul style=\"text-align: justify;\">\n<li><strong>\u00abHasta el 40 de mayo no te quites el sayo\u00bb.<\/strong>\u00a0Es como decir que se nos recomienda permanecer abrigado hasta estar seguro de que ha desaparecido el fr\u00edo. Su origen es muy antiguo.<\/li>\n<li><strong>\u00abAl mal tiempo, buena cara\u00bb.<\/strong>\u00a0su procedencia se sit\u00faa a mediados del s XIX en Polonia; parece ser que un mendigo calamitoso, la repet\u00eda con una hermosa sonrisa, pese a todas sus desgracias.<\/li>\n<li><strong>\u00abEn boca cerrada no entran moscas\u00bb.<\/strong>\u00a0Aunque hay muchas dudas, se cree que un campesino le dijo al rey Carlos V que mantuviera la boca cerrada porque en esas tierras las moscas eran muy insolentes. Actualmente, prevalece como la insolencia de las personas que hablan demasiado.<\/li>\n<li><strong>\u00abCargar con el mochuelo\u00bb.\u00a0<\/strong>Este dicho denota que un asunto enojoso y dif\u00ed\u00adcil recae sobre alguien contra su voluntad. Se cita como origen la estancia de dos j\u00f3venes en una posada cuya \u00fanica comida era una perdiz y un mochuelo. El andaluz, le dijo al otro, o te comes la perdiz y yo al mochuelo o a la inversa, no hay m\u00e1s.<\/li>\n<li><strong>\u00abAunque la mona se vista de seda, mona queda\u00bb.<\/strong>\u00a0Si bien proviene de la f\u00e1bula de Tom\u00e1s de Iriarte\u00a0<em>La mona<\/em>, indica la banalidad de disfrazar la naturaleza de las personas ya que, a la larga, se descubre tal cual son. \u00a1Amigos esta nos viene de perillas a todos. \u00bfQui\u00e9n no utiliza Photoshops o est\u00e1 tentado en usarlo para embellecerse o rejuvenecerse? Es l\u00f3gico. Cosas de humanos.<\/li>\n<li><strong>\u00abA r\u00edo revuelto, ganancia de pescadores\u00bb.<\/strong>\u00a0Com\u00fan entre pescadores, alude a que se pesca mucho m\u00e1s en el agua turbia que en la clara.\u00a0Quiz\u00e1 porque en la turbia los peces se ciegan y es m\u00e1s f\u00e1cil que caigan en las redes. Por extensi\u00f3n, en humanos sucede algo parecido. \u00a1Ojos con los l\u00edos que pueden li\u00e1rtela! Valga la redundancia.<\/li>\n<li><strong>\u00abA palabras necias, o\u00eddos sordos\u00bb.<\/strong>\u00a0Dicen que un charlat\u00e1n se acerc\u00f3 a\u00a0Arist\u00f3teles y, despu\u00e9s, fue a disculparse. Este respondi\u00f3 que mientras hablaba, \u00e9l pensaba en cosas m\u00e1s interesantes.<\/li>\n<li><strong>\u00abM\u00e1s vale tarde que nunca\u00bb.<\/strong>\u00a0Dicen que el fil\u00f3sofo griego Di\u00f3genes, ya anciano, le solt\u00f3 este proverbio al que deb\u00eda ser su profesor de solfeo y se negaba a ello por lo avanzada de su edad. Todav\u00eda perdura.<\/li>\n<\/ul>\n<p style=\"text-align: justify;\"><strong>Ejemplos y significado de los dichos que aseveran un hecho conocido:<\/strong><\/p>\n<ul style=\"text-align: justify;\">\n<li><strong>\u00abEn abril aguas mil\u00bb.\u00a0<\/strong>Asevera que en el mes de abril, por lo general, llueve bastante. Sentencia conocida desde hace much\u00edsimos siglos.<\/li>\n<li><strong>\u00abEstar de buena o mala Luna\u00bb.<\/strong><strong>\u00a0<\/strong><strong>Conocido desde antiguo y relacionado con las deidades lunares, significar\u00eda algo as\u00ed como tener un car\u00e1cter muy voluble, tanto como las facetas lunares.<\/strong><\/li>\n<li><strong>\u00ab<\/strong><strong>Cada palo aguante su vela<\/strong><strong>\u00bb.<\/strong><strong>\u00a0<\/strong>Proviene de un dicho marinero que alude al m\u00e1stil fijo que sujeta la vela y cuyo significado se acerca a que<strong>\u00a0<\/strong><strong>c<\/strong>ada cual tiene que resignarse con su suerte y responsabilizarse de sus actos.<\/li>\n<li><strong>\u00abEn casa del herrero, cuchillo de palo\u00bb.<\/strong>\u00a0\u00a0De origen incierto, se\u00f1ala que,\u00a0a veces, falta cosas en el lugar donde nunca deber\u00edan de faltar.<\/li>\n<li><strong>\u00abA buen entendedor, sobran palabras\u00bb.<\/strong>\u00a0Se le escuch\u00f3 decir a Plauto. \u00a0Viene a se\u00f1alar que quien posee un buen cerebro no necesita largas explicaciones para comprender algo.<\/li>\n<\/ul>\n<p style=\"text-align: justify;\">Como este art\u00edculo es eterno, me plat\u00f3 con el refr\u00e1n preferido de mi madre:\u00a0<strong>\u00abDe Madrid al cielo y un agujerito para verlo\u00bb.<\/strong>\u00a0\u00a1Ojal\u00e1 que vea su ciudad desde las nubes de algod\u00f3n y las estrellas de fuego!<\/p>\n<p style=\"text-align: justify;\"><strong>\u00a9Anna Genov\u00e9s<\/strong><\/p>\n<p style=\"text-align: justify;\">Anna Genov\u00e9s<br \/>\nDiplomada en Magisterio, Licenciada en Historia Antigua y en Arqueolog\u00eda-Prehistoria por la Universidad de Valencia, desarroll\u00f3 parte de su trayectoria profesional como maestra de Primaria y Profesora de Sociales en diferentes Colegios e IES p\u00fablicos de la Comunidad Valenciana. As\u00ed mismo, trabajo en RTVV. En ocasiones, ha ejercido de monitora deportiva y encargada de moda. Escribe desde la infancia, tiene publicada la novela Bovary21 y varios trabajos en ISSUU. Colabora en diversas webs: Culturamas, Pasionis, Underground Girl 3, La Blogoteca, Blogloving\u2026<br \/>\nPuedes seguirla desde su blog personal: MEMORIA PERDIDA\u2026 El Blog de Anna Genov\u00e9s<br \/>\n<a href=\"http:\/\/annagenoves2012.blogspot.com.es\">http:\/\/annagenoves2012.blogspot.com.es<\/a><\/p>\n","protected":false},"excerpt":{"rendered":"<p>Desde chiquita me cri\u00e9 escuchando esas rimas tan graciosas cuyo significado se me escapaba en&#8230;<\/p>\n","protected":false},"author":1,"featured_media":10431,"comment_status":"closed","ping_status":"closed","sticky":false,"template":"","format":"standard","meta":{"_coblocks_attr":"","_coblocks_dimensions":"","_coblocks_responsive_height":"","_coblocks_accordion_ie_support":"","jetpack_post_was_ever_published":false,"_jetpack_newsletter_access":"","_jetpack_dont_email_post_to_subs":false,"_jetpack_newsletter_tier_id":0,"_jetpack_memberships_contains_paywalled_content":false,"_jetpack_memberships_contains_paid_content":false,"footnotes":"","jetpack_publicize_message":"","jetpack_publicize_feature_enabled":true,"jetpack_social_post_already_shared":false,"jetpack_social_options":{"image_generator_settings":{"template":"highway","default_image_id":0,"enabled":false},"version":2}},"categories":[12,9,44,15],"tags":[2853,1255,2852],"class_list":["post-10430","post","type-post","status-publish","format-standard","has-post-thumbnail","hentry","category-cultura","category-medio-ambiente","category-noticias-de-hoy","category-ultimas-noticias","tag-abuelas","tag-impopular","tag-refranes"],"jetpack_publicize_connections":[],"jetpack_featured_media_url":"https:\/\/i0.wp.com\/miradordeatarfe.es\/wp-content\/uploads\/2016\/07\/Refranes-Los-mejores-refranes-del-refranero-1024x767-768x575.jpg?fit=768%2C575&ssl=1","jetpack_likes_enabled":true,"jetpack_sharing_enabled":true,"_links":{"self":[{"href":"https:\/\/miradordeatarfe.es\/index.php?rest_route=\/wp\/v2\/posts\/10430","targetHints":{"allow":["GET"]}}],"collection":[{"href":"https:\/\/miradordeatarfe.es\/index.php?rest_route=\/wp\/v2\/posts"}],"about":[{"href":"https:\/\/miradordeatarfe.es\/index.php?rest_route=\/wp\/v2\/types\/post"}],"author":[{"embeddable":true,"href":"https:\/\/miradordeatarfe.es\/index.php?rest_route=\/wp\/v2\/users\/1"}],"replies":[{"embeddable":true,"href":"https:\/\/miradordeatarfe.es\/index.php?rest_route=%2Fwp%2Fv2%2Fcomments&post=10430"}],"version-history":[{"count":1,"href":"https:\/\/miradordeatarfe.es\/index.php?rest_route=\/wp\/v2\/posts\/10430\/revisions"}],"predecessor-version":[{"id":10432,"href":"https:\/\/miradordeatarfe.es\/index.php?rest_route=\/wp\/v2\/posts\/10430\/revisions\/10432"}],"wp:featuredmedia":[{"embeddable":true,"href":"https:\/\/miradordeatarfe.es\/index.php?rest_route=\/wp\/v2\/media\/10431"}],"wp:attachment":[{"href":"https:\/\/miradordeatarfe.es\/index.php?rest_route=%2Fwp%2Fv2%2Fmedia&parent=10430"}],"wp:term":[{"taxonomy":"category","embeddable":true,"href":"https:\/\/miradordeatarfe.es\/index.php?rest_route=%2Fwp%2Fv2%2Fcategories&post=10430"},{"taxonomy":"post_tag","embeddable":true,"href":"https:\/\/miradordeatarfe.es\/index.php?rest_route=%2Fwp%2Fv2%2Ftags&post=10430"}],"curies":[{"name":"wp","href":"https:\/\/api.w.org\/{rel}","templated":true}]}}