{"id":10437,"date":"2016-07-13T10:38:59","date_gmt":"2016-07-13T08:38:59","guid":{"rendered":"http:\/\/miradordeatarfe.es\/?p=10437"},"modified":"2023-10-21T19:57:45","modified_gmt":"2023-10-21T17:57:45","slug":"10437","status":"publish","type":"post","link":"https:\/\/miradordeatarfe.es\/?p=10437","title":{"rendered":"\u00abLa mezquita aljama (yami\u2019) o mayor de Madinat Ilbira\u00bb por Jos\u00e9 Enrique Granados"},"content":{"rendered":"<p>Seg\u00fan podemos leer en el art\u00edculo publicado por Carlos V\u00edlchez, en el especial de las fiestas de IDEAL del a\u00f1o 2003 leemos lo que sigue.<!--more--><\/p>\n<p><em>Sabemos por al-Himyari que la mezquita aljama (yami\u2019) o mayor de Madinat Ilbira que fue construida entre los a\u00f1os 716 y 718 por Hanas Abu \u2018Abd Allah al-San\u2019ani, aunque parece que no se termin\u00f3, por la muerte de Hanas en 718-719. Ibn al-Jatib, el gran visir de la etapa nazar\u00ed natural de Loja, hace referencia a un dato curioso y es que el mihrab de la <span class=\"text_exposed_show\">mezquita de Elvira est\u00e1 orientada a Sur, como ocurri\u00f3 con la gran mezquita de C\u00f3rdoba, al disponerlo as\u00ed Hanas al-San\u2019ani en ambas mezquitas. <a href=\"https:\/\/i0.wp.com\/miradordeatarfe.es\/wp-content\/uploads\/2016\/07\/13346843_1040610136025001_275128377493975261_n.jpg?ssl=1\"><img data-recalc-dims=\"1\" loading=\"lazy\" decoding=\"async\" class=\"size-full wp-image-10438 aligncenter\" src=\"https:\/\/i0.wp.com\/miradordeatarfe.es\/wp-content\/uploads\/2016\/07\/13346843_1040610136025001_275128377493975261_n.jpg?resize=594%2C960&#038;ssl=1\" alt=\"13346843_1040610136025001_275128377493975261_n\" width=\"594\" height=\"960\" srcset=\"https:\/\/i0.wp.com\/miradordeatarfe.es\/wp-content\/uploads\/2016\/07\/13346843_1040610136025001_275128377493975261_n.jpg?w=594&amp;ssl=1 594w, https:\/\/i0.wp.com\/miradordeatarfe.es\/wp-content\/uploads\/2016\/07\/13346843_1040610136025001_275128377493975261_n.jpg?resize=186%2C300&amp;ssl=1 186w\" sizes=\"auto, (max-width: 594px) 100vw, 594px\" \/><\/a><\/span><\/em><\/p>\n<div class=\"text_exposed_show\">\n<p><em>El emir cordob\u00e9s Muhammad I (852-886) reconstruy\u00f3 la mezquita de Medina Elvira, termin\u00e1ndose en Diciembre del a\u00f1o 864 bajo el control del gobernador de la cora de Elvira \u2018Abd Allah ibn \u2018Abd Allah. Seg\u00fan Ibn al-Jatib en el mihrab se hizo una inscripci\u00f3n en la que se le\u00eda el texto de su refundaci\u00f3n: \u201cEn el nombre de Allah. Erigida por Dios, bajo las \u00f3rdenes del emir Muhammad, hijo de \u2018Abd al-Rahman (que Allah le devuelva la honra), con la esperanza de obtener su gran recompensa y con el fin de procurar a los ciudadanos una mezquita espaciosa. Terminada con el socorro de Dios bajo la direcci\u00f3n de \u2018Abd Allah, hijo de \u2018Abd Allah, gobernador de la provincia de Elvira, en Dzoucada del a\u00f1o 250 (Diciembre de 864)\u201d.<\/em><\/p>\n<p>Las fotograf\u00edas se corresponden con l\u00e1mparas de dicha mezquita.<\/p>\n<p>Curiosidades elvirenses.<\/p>\n<p>P.D: Y el Museo Arqueol\u00f3gico provincial hace 6 a\u00f1os que est\u00e1 cerrado, por obras dicen. Reapertura ya.<\/p>\n<\/div>\n","protected":false},"excerpt":{"rendered":"<p>Seg\u00fan podemos leer en el art\u00edculo publicado por Carlos V\u00edlchez, en el especial de las&#8230;<\/p>\n","protected":false},"author":1,"featured_media":10439,"comment_status":"closed","ping_status":"closed","sticky":false,"template":"","format":"standard","meta":{"_coblocks_attr":"","_coblocks_dimensions":"","_coblocks_responsive_height":"","_coblocks_accordion_ie_support":"","jetpack_post_was_ever_published":false,"_jetpack_newsletter_access":"","_jetpack_dont_email_post_to_subs":false,"_jetpack_newsletter_tier_id":0,"_jetpack_memberships_contains_paywalled_content":false,"_jetpack_memberships_contains_paid_content":false,"footnotes":"","jetpack_publicize_message":"","jetpack_publicize_feature_enabled":true,"jetpack_social_post_already_shared":false,"jetpack_social_options":{"image_generator_settings":{"template":"highway","default_image_id":0,"enabled":false},"version":2}},"categories":[1225,38,5359,10431],"tags":[81,79],"class_list":["post-10437","post","type-post","status-publish","format-standard","has-post-thumbnail","hentry","category-ha-de-atarfe","category-opinion-de-jose-enrique-granados","category-madinat-ilbira","category-medina-elvira-2","tag-atarfe","tag-medina-elvira"],"jetpack_publicize_connections":[],"jetpack_featured_media_url":"https:\/\/i0.wp.com\/miradordeatarfe.es\/wp-content\/uploads\/2016\/07\/13346931_1040610139358334_7730790567274290815_n.jpg?fit=651%2C960&ssl=1","jetpack_likes_enabled":true,"jetpack_sharing_enabled":true,"_links":{"self":[{"href":"https:\/\/miradordeatarfe.es\/index.php?rest_route=\/wp\/v2\/posts\/10437","targetHints":{"allow":["GET"]}}],"collection":[{"href":"https:\/\/miradordeatarfe.es\/index.php?rest_route=\/wp\/v2\/posts"}],"about":[{"href":"https:\/\/miradordeatarfe.es\/index.php?rest_route=\/wp\/v2\/types\/post"}],"author":[{"embeddable":true,"href":"https:\/\/miradordeatarfe.es\/index.php?rest_route=\/wp\/v2\/users\/1"}],"replies":[{"embeddable":true,"href":"https:\/\/miradordeatarfe.es\/index.php?rest_route=%2Fwp%2Fv2%2Fcomments&post=10437"}],"version-history":[{"count":3,"href":"https:\/\/miradordeatarfe.es\/index.php?rest_route=\/wp\/v2\/posts\/10437\/revisions"}],"predecessor-version":[{"id":10442,"href":"https:\/\/miradordeatarfe.es\/index.php?rest_route=\/wp\/v2\/posts\/10437\/revisions\/10442"}],"wp:featuredmedia":[{"embeddable":true,"href":"https:\/\/miradordeatarfe.es\/index.php?rest_route=\/wp\/v2\/media\/10439"}],"wp:attachment":[{"href":"https:\/\/miradordeatarfe.es\/index.php?rest_route=%2Fwp%2Fv2%2Fmedia&parent=10437"}],"wp:term":[{"taxonomy":"category","embeddable":true,"href":"https:\/\/miradordeatarfe.es\/index.php?rest_route=%2Fwp%2Fv2%2Fcategories&post=10437"},{"taxonomy":"post_tag","embeddable":true,"href":"https:\/\/miradordeatarfe.es\/index.php?rest_route=%2Fwp%2Fv2%2Ftags&post=10437"}],"curies":[{"name":"wp","href":"https:\/\/api.w.org\/{rel}","templated":true}]}}