{"id":10469,"date":"2016-07-08T08:22:14","date_gmt":"2016-07-08T06:22:14","guid":{"rendered":"http:\/\/miradordeatarfe.es\/?p=10469"},"modified":"2016-07-07T13:27:05","modified_gmt":"2016-07-07T11:27:05","slug":"ayudas-para-el-alquiler-de-viviendas-a-personas-con-ingresos-limitados","status":"publish","type":"post","link":"https:\/\/miradordeatarfe.es\/?p=10469","title":{"rendered":"Ayudas para el alquiler de viviendas a personas con ingresos limitados"},"content":{"rendered":"<div class=\"linea\">\n<div class=\"grid_12 alpha omega\">\n<p style=\"text-align: justify;\">Con estas ayudas se subvencionan el 40% de la renta de alquiler de la vivienda, sin que pueda superar 200 euros mensuales. Podr\u00e1 complementarse esta ayuda, hasta alcanzar un m\u00e1ximo del 80%, a las personas que acrediten estar en situaci\u00f3n de especial vulnerabilidad por encontrarse en riesgo de exclusi\u00f3n social.<\/p>\n<p style=\"text-align: justify;\"><!--more--><\/p>\n<p style=\"text-align: justify;\">Se conceder\u00e1n ayudas hasta alcanzar el importe de 16.300.000 de euros, destinadas al pago de la renta de alquiler correspondientes a 2016.De ese importe 1.300.000 euros se destinan a complementar la ayuda hasta el 80% de la renta.<\/p>\n<p style=\"text-align: justify;\">Para la gesti\u00f3n de estas ayudas est\u00e1 prevista la participaci\u00f3n de entidades colaboradoras p\u00fablicas.<\/p>\n<p style=\"text-align: justify;\">Los solicitantes deberan ser titulares de un contrato de alquiler destinado a vivienda habitual y permanente.<\/p>\n<p style=\"text-align: justify;\">Se tendr\u00e1n en cuenta a todos los miembros que compongan la unidad de convivencia (UC) del solicitante, entendiendo como tal el conjunto de personas que est\u00e9n empadronadas en la vivienda para la que se pide la ayuda en el momento de presentaci\u00f3n de la solicitud.<\/p>\n<p style=\"text-align: justify;\">La renta mensual del contrato no superar\u00e1 500 euros.<\/p>\n<p style=\"text-align: justify;\">La suma de los ingresos de todos los miembros, referidos al ejercicio 2014, no podr\u00e1 superar la\u00a0 Cuant\u00eda del L\u00edmite de Ingresos de la Unidad de Convivencia (CLIUC) que es un l\u00edmite espec\u00edfico\u00a0 para cada Unidad de Convivencia, que se calcula en funci\u00f3n del n\u00famero de miembros que la componen y sus edades.<\/p>\n<p style=\"text-align: justify;\">No se dispondr\u00e1 de la titularidad ni un derecho de uso sobre alguna otra vivienda.<\/p>\n<\/div>\n<\/div>\n<div class=\"linea\" style=\"text-align: justify;\">\n<div class=\"grid_3 epigrafe\">Organismo:<\/div>\n<div class=\"grid_12 alpha omega\">\n<p class=\"c_2b2b2b\">Consejer\u00eda de Fomento y Vivienda<\/p>\n<\/div>\n<\/div>\n<div class=\"linea\" style=\"text-align: justify;\">\n<div class=\"grid_3 epigrafe\"><strong>Plazo de solicitud:<\/strong><\/div>\n<div class=\"grid_12 alpha omega\">\n<ul>\n<li><strong>06\/07\/2016 &#8211; 05\/08\/2016<\/strong><\/li>\n<\/ul>\n<\/div>\n<\/div>\n<div class=\"linea\" style=\"text-align: justify;\">\n<div class=\"grid_3 epigrafe\">Estado:<\/div>\n<div class=\"grid_12 alpha omega\">\n<p class=\"c_2b2b2b\">Abierto plazo de solicitud<\/p>\n<\/div>\n<\/div>\n<div class=\"linea\">\n<div class=\"grid_3 epigrafe\" style=\"text-align: justify;\">Documentaci\u00f3n:<\/div>\n<div class=\"grid_12 alpha omega\">\n<p style=\"text-align: justify;\"><a href=\"http:\/\/www.juntadeandalucia.es\/export\/drupaljda\/ayudas\/15\/03\/Anexo%20I.pdf\">Anexo I Solicitud (pdf)<\/a><\/p>\n<p style=\"text-align: justify;\"><a href=\"http:\/\/www.juntadeandalucia.es\/export\/drupaljda\/ayudas\/15\/03\/Anexo%20II.pdf\">Anexo II Ficha de datos complementarios (pdf)<\/a><\/p>\n<p style=\"text-align: justify;\"><a href=\"http:\/\/www.juntadeandalucia.es\/export\/drupaljda\/ayudas\/15\/03\/Anexo%20III.pdf\">Anexo III Alegaciones y presentaci\u00f3n de documentaci\u00f3n (pdf)<\/a><\/p>\n<p style=\"text-align: justify;\"><a href=\"http:\/\/www.juntadeandalucia.es\/export\/drupaljda\/ayudas\/15\/03\/Anexo%20IV.pdf\">Anexo IV Modelo de justificaci\u00f3n de pagos (pdf)<\/a><\/p>\n<\/div>\n<div class=\"clear\"><\/div>\n<\/div>\n","protected":false},"excerpt":{"rendered":"<p>Con estas ayudas se subvencionan el 40% de la renta de alquiler de la vivienda,&#8230;<\/p>\n","protected":false},"author":1,"featured_media":10470,"comment_status":"closed","ping_status":"closed","sticky":false,"template":"","format":"standard","meta":{"_coblocks_attr":"","_coblocks_dimensions":"","_coblocks_responsive_height":"","_coblocks_accordion_ie_support":"","jetpack_post_was_ever_published":false,"_jetpack_newsletter_access":"","_jetpack_dont_email_post_to_subs":false,"_jetpack_newsletter_tier_id":0,"_jetpack_memberships_contains_paywalled_content":false,"_jetpack_memberships_contains_paid_content":false,"footnotes":"","jetpack_publicize_message":"","jetpack_publicize_feature_enabled":true,"jetpack_social_post_already_shared":false,"jetpack_social_options":{"image_generator_settings":{"template":"highway","default_image_id":0,"enabled":false},"version":2}},"categories":[186,44,15],"tags":[2546,2863,922],"class_list":["post-10469","post","type-post","status-publish","format-standard","has-post-thumbnail","hentry","category-instituciones","category-noticias-de-hoy","category-ultimas-noticias","tag-alquiler","tag-unidad-de-convivencia","tag-viviendas"],"jetpack_publicize_connections":[],"jetpack_featured_media_url":"https:\/\/i0.wp.com\/miradordeatarfe.es\/wp-content\/uploads\/2016\/07\/alquiler1.jpg?fit=643%2C362&ssl=1","jetpack_likes_enabled":true,"jetpack_sharing_enabled":true,"_links":{"self":[{"href":"https:\/\/miradordeatarfe.es\/index.php?rest_route=\/wp\/v2\/posts\/10469","targetHints":{"allow":["GET"]}}],"collection":[{"href":"https:\/\/miradordeatarfe.es\/index.php?rest_route=\/wp\/v2\/posts"}],"about":[{"href":"https:\/\/miradordeatarfe.es\/index.php?rest_route=\/wp\/v2\/types\/post"}],"author":[{"embeddable":true,"href":"https:\/\/miradordeatarfe.es\/index.php?rest_route=\/wp\/v2\/users\/1"}],"replies":[{"embeddable":true,"href":"https:\/\/miradordeatarfe.es\/index.php?rest_route=%2Fwp%2Fv2%2Fcomments&post=10469"}],"version-history":[{"count":2,"href":"https:\/\/miradordeatarfe.es\/index.php?rest_route=\/wp\/v2\/posts\/10469\/revisions"}],"predecessor-version":[{"id":10472,"href":"https:\/\/miradordeatarfe.es\/index.php?rest_route=\/wp\/v2\/posts\/10469\/revisions\/10472"}],"wp:featuredmedia":[{"embeddable":true,"href":"https:\/\/miradordeatarfe.es\/index.php?rest_route=\/wp\/v2\/media\/10470"}],"wp:attachment":[{"href":"https:\/\/miradordeatarfe.es\/index.php?rest_route=%2Fwp%2Fv2%2Fmedia&parent=10469"}],"wp:term":[{"taxonomy":"category","embeddable":true,"href":"https:\/\/miradordeatarfe.es\/index.php?rest_route=%2Fwp%2Fv2%2Fcategories&post=10469"},{"taxonomy":"post_tag","embeddable":true,"href":"https:\/\/miradordeatarfe.es\/index.php?rest_route=%2Fwp%2Fv2%2Ftags&post=10469"}],"curies":[{"name":"wp","href":"https:\/\/api.w.org\/{rel}","templated":true}]}}