{"id":10479,"date":"2016-07-08T19:07:01","date_gmt":"2016-07-08T17:07:01","guid":{"rendered":"http:\/\/miradordeatarfe.es\/?p=10479"},"modified":"2016-07-08T19:07:38","modified_gmt":"2016-07-08T17:07:38","slug":"ruth-beitia-hace-historia-en-el-atletismo-europeo-pero-no-ocupa-ni-una-portada","status":"publish","type":"post","link":"https:\/\/miradordeatarfe.es\/?p=10479","title":{"rendered":"Ruth Beitia hace historia en el atletismo europeo, pero no ocupa ni una portada"},"content":{"rendered":"<div id=\"content-wrapper\">\n<div class=\"clear\"><\/div>\n<div id=\"mywrapper\">\n<div id=\"post-wrapper\">\n<div class=\"cookie-choices-inner\">\n<p><b>Ruth Beitia<\/b> se tiene que conformar con unos segundos en el Telediario de TVE, con rinconcitos en las primeras p\u00e1ginas, hace historia en el <b>atletismo europeo<\/b> con tres medallas de oro consecutivas en salto de altura, saltando 1.98 con 37 a\u00f1os, pero su haza\u00f1a en <b>\u00c1msterdam<\/b> pasa desapercibida en su pa\u00eds. Como muestra, las portadas de la prensa generales<!--more--><\/p>\n<div id=\"content-wrapper\">\n<div class=\"clear\"><\/div>\n<div id=\"mywrapper\">\n<div id=\"post-wrapper\">\n<div class=\"post-container\">\n<div id=\"singlepage\">\n<div id=\"main\" class=\"main section\">\n<div id=\"Blog1\" class=\"widget Blog\" data-version=\"1\">\n<div class=\"blog-posts hfeed\">\n<div class=\"date-outer\">\n<div class=\"date-posts\">\n<div class=\"post-outer\">\n<article class=\"post hentry\">\n<div id=\"post-body-3234081016916603899\" class=\"post-body entry-content\">\n<div><b>Ruth Beitia<\/b> se tiene que conformar con unos segundos en el Telediario de TVE, con rinconcitos en las primeras p\u00e1ginas, hace historia en el <b>atletismo europeo<\/b> con tres medallas de oro consecutivas en salto de altura, saltando 1.98 con 37 a\u00f1os, pero su haza\u00f1a en <b>\u00c1msterdam<\/b> pasa desapercibida en su pa\u00eds. Como muestra, las portadas de la prensa generalista.<\/div>\n<\/div>\n<div><a href=\"https:\/\/i0.wp.com\/miradordeatarfe.es\/wp-content\/uploads\/2016\/07\/elmundo.200.jpg?ssl=1\"><img data-recalc-dims=\"1\" loading=\"lazy\" decoding=\"async\" class=\"alignnone size-full wp-image-10480\" src=\"https:\/\/i0.wp.com\/miradordeatarfe.es\/wp-content\/uploads\/2016\/07\/elmundo.200.jpg?resize=145%2C200&#038;ssl=1\" alt=\"elmundo.200\" width=\"145\" height=\"200\" \/><\/a><a href=\"https:\/\/i0.wp.com\/miradordeatarfe.es\/wp-content\/uploads\/2016\/07\/elpais.200.jpg?ssl=1\"><img data-recalc-dims=\"1\" loading=\"lazy\" decoding=\"async\" class=\"alignnone size-full wp-image-10481\" src=\"https:\/\/i0.wp.com\/miradordeatarfe.es\/wp-content\/uploads\/2016\/07\/elpais.200.jpg?resize=140%2C200&#038;ssl=1\" alt=\"elpais.200\" width=\"140\" height=\"200\" \/>\u00a0\u00a0 <\/a><a href=\"https:\/\/i0.wp.com\/miradordeatarfe.es\/wp-content\/uploads\/2016\/07\/larazon.200.jpg?ssl=1\"><img data-recalc-dims=\"1\" loading=\"lazy\" decoding=\"async\" class=\"alignnone size-full wp-image-10482\" src=\"https:\/\/i0.wp.com\/miradordeatarfe.es\/wp-content\/uploads\/2016\/07\/larazon.200.jpg?resize=156%2C200&#038;ssl=1\" alt=\"larazon.200\" width=\"156\" height=\"200\" \/>\u00a0\u00a0\u00a0 <\/a><a href=\"https:\/\/i0.wp.com\/miradordeatarfe.es\/wp-content\/uploads\/2016\/07\/lavanguardia.200.jpg?ssl=1\"><img data-recalc-dims=\"1\" loading=\"lazy\" decoding=\"async\" class=\"alignnone size-full wp-image-10483\" src=\"https:\/\/i0.wp.com\/miradordeatarfe.es\/wp-content\/uploads\/2016\/07\/lavanguardia.200.jpg?resize=143%2C200&#038;ssl=1\" alt=\"lavanguardia.200\" width=\"143\" height=\"200\" \/><\/a><a href=\"https:\/\/miradordeatarfe.es\/wp-content\/uploads\/2016\/07\/larazon.200.jpg\">\u00a0\u00a0 <\/a><a href=\"https:\/\/i0.wp.com\/miradordeatarfe.es\/wp-content\/uploads\/2016\/07\/abc.200.jpg?ssl=1\"><img data-recalc-dims=\"1\" loading=\"lazy\" decoding=\"async\" class=\"alignnone size-full wp-image-10484\" src=\"https:\/\/i0.wp.com\/miradordeatarfe.es\/wp-content\/uploads\/2016\/07\/abc.200.jpg?resize=145%2C200&#038;ssl=1\" alt=\"abc.200\" width=\"145\" height=\"200\" \/><\/a><\/div>\n<div id=\"post-body-3234081016916603899\" class=\"post-body entry-content\">\n<div class=\"separator\"><\/div>\n<h3 class=\"separator\">\u00bfSorprendidos? Si la prensa es generalista, quiz\u00e1s no \u00bfpero la prensa deportiva espa\u00f1ola?<\/h3>\n<\/div>\n<\/article>\n<\/div>\n<\/div>\n<\/div>\n<\/div>\n<\/div>\n<\/div>\n<\/div>\n<\/div>\n<\/div>\n<\/div>\n<\/div>\n<p><a href=\"https:\/\/i0.wp.com\/miradordeatarfe.es\/wp-content\/uploads\/2016\/07\/as.200.jpg?ssl=1\"><img data-recalc-dims=\"1\" loading=\"lazy\" decoding=\"async\" class=\"alignnone size-full wp-image-10485\" src=\"https:\/\/i0.wp.com\/miradordeatarfe.es\/wp-content\/uploads\/2016\/07\/as.200.jpg?resize=147%2C200&#038;ssl=1\" alt=\"as.200\" width=\"147\" height=\"200\" \/>\u00a0 \u00a0 \u00a0 \u00a0 \u00a0\u00a0 <\/a><a href=\"https:\/\/i0.wp.com\/miradordeatarfe.es\/wp-content\/uploads\/2016\/07\/marca.200.jpg?ssl=1\"><img data-recalc-dims=\"1\" loading=\"lazy\" decoding=\"async\" class=\"alignnone size-full wp-image-10486\" src=\"https:\/\/i0.wp.com\/miradordeatarfe.es\/wp-content\/uploads\/2016\/07\/marca.200.jpg?resize=147%2C200&#038;ssl=1\" alt=\"marca.200\" width=\"147\" height=\"200\" \/>\u00a0\u00a0\u00a0\u00a0\u00a0\u00a0\u00a0\u00a0 <\/a><a href=\"https:\/\/i0.wp.com\/miradordeatarfe.es\/wp-content\/uploads\/2016\/07\/sport.200.jpg?ssl=1\"><img data-recalc-dims=\"1\" loading=\"lazy\" decoding=\"async\" class=\"alignnone size-full wp-image-10487\" src=\"https:\/\/i0.wp.com\/miradordeatarfe.es\/wp-content\/uploads\/2016\/07\/sport.200.jpg?resize=165%2C200&#038;ssl=1\" alt=\"sport.200\" width=\"165\" height=\"200\" \/>\u00a0\u00a0\u00a0\u00a0\u00a0\u00a0\u00a0\u00a0 <\/a><a href=\"https:\/\/i0.wp.com\/miradordeatarfe.es\/wp-content\/uploads\/2016\/07\/mundodeportivo.200.jpg?ssl=1\"><img data-recalc-dims=\"1\" loading=\"lazy\" decoding=\"async\" class=\"alignnone size-full wp-image-10488\" src=\"https:\/\/i0.wp.com\/miradordeatarfe.es\/wp-content\/uploads\/2016\/07\/mundodeportivo.200.jpg?resize=163%2C200&#038;ssl=1\" alt=\"mundodeportivo.200\" width=\"163\" height=\"200\" \/><\/a><\/p>\n<\/div>\n<\/div>\n<\/div>\n<div class=\"cookie-choices-inner\">\n<div><\/div>\n<div>S\u00ed, lo s\u00e9, te has quedado asombrado sobre c\u00f3mo los diarios espa\u00f1oles llevan a portada a la selecci\u00f3n francesa de f\u00fatbol o Sport corta la Diagonal de Barcelona con un futbolista, pero as\u00ed es este pa\u00eds.<\/div>\n<div><\/div>\n<div>Mientras en las redacciones se esperaba que comenzara el Francia-Alemania de la Eurocopa,<strong> Ruth Beitia<\/strong> superaba sin problemas los listones <strong>sobre 1.84 y 1.89, realiz\u00f3 un nulo sobre 1.93 para superar la altura en el segundo salto, comenz\u00f3 entonces la lucha por las medallas con la belga Nafissatou Thiam, la b\u00falgara Mirela Demireva, la lituana Airine Palsyte y la alemana Marie-Laurence Jungfleisch, pero entonces Beitia salt\u00f3 1.96 a la primera asegurando la medalla y certific\u00f3 el oro a la primera sobre 1.98,<\/strong> aniquil\u00f3 a sus rivales con Palsyte y Demireva compartiendo la plata. Beitia intent\u00f3 los 2 metros ya con el t\u00edtulo en el bolsillo, pero fall\u00f3 los tres intentos ante una alegr\u00eda desbordante.<\/div>\n<div>Mientras el atletismo espa\u00f1ol y Cantabria estaban de fiesta en Holanda en las redacciones se miraban las alineaciones de Francia y Alemania para ver cu\u00e1ntos jugadores de la liga espa\u00f1ola podr\u00edan alabar o criticar y qui\u00e9n se iba a enfrentar a Cristiano Ronaldo en la final. Pero es que para colmo,<span style=\"text-decoration: underline;\"><strong> esta ma\u00f1ana en la web de la Real Federaci\u00f3n Espa\u00f1ola de Atletismo tampoco aparec\u00eda la haza\u00f1a de Ruth Beitia, se ve que la comunicaci\u00f3n y el marketing brilla por su ausencia para este deporte en nuestro pa\u00eds.<\/strong><\/span><\/div>\n<div><\/div>\n<p><iframe loading=\"lazy\" src=\"https:\/\/www.youtube.com\/embed\/AoQpdp9aJFo\" width=\"700\" height=\"400\" frameborder=\"0\" allowfullscreen=\"allowfullscreen\"><\/iframe><\/p>\n<\/div>\n<div id=\"mywrapper\"><\/div>\n<\/div>\n","protected":false},"excerpt":{"rendered":"<p>Ruth Beitia se tiene que conformar con unos segundos en el Telediario de TVE, con&#8230;<\/p>\n","protected":false},"author":1,"featured_media":10489,"comment_status":"closed","ping_status":"closed","sticky":false,"template":"","format":"standard","meta":{"_coblocks_attr":"","_coblocks_dimensions":"","_coblocks_responsive_height":"","_coblocks_accordion_ie_support":"","jetpack_post_was_ever_published":false,"_jetpack_newsletter_access":"","_jetpack_dont_email_post_to_subs":false,"_jetpack_newsletter_tier_id":0,"_jetpack_memberships_contains_paywalled_content":false,"_jetpack_memberships_contains_paid_content":false,"footnotes":"","jetpack_publicize_message":"","jetpack_publicize_feature_enabled":true,"jetpack_social_post_already_shared":false,"jetpack_social_options":{"image_generator_settings":{"template":"highway","default_image_id":0,"enabled":false},"version":2}},"categories":[182,186,44,15],"tags":[123,19,2864],"class_list":["post-10479","post","type-post","status-publish","format-standard","has-post-thumbnail","hentry","category-deportes","category-instituciones","category-noticias-de-hoy","category-ultimas-noticias","tag-deportes","tag-mujeres","tag-record"],"jetpack_publicize_connections":[],"jetpack_featured_media_url":"https:\/\/i0.wp.com\/miradordeatarfe.es\/wp-content\/uploads\/2016\/07\/Ruth-Beitia.jpg?fit=640%2C407&ssl=1","jetpack_likes_enabled":true,"jetpack_sharing_enabled":true,"_links":{"self":[{"href":"https:\/\/miradordeatarfe.es\/index.php?rest_route=\/wp\/v2\/posts\/10479","targetHints":{"allow":["GET"]}}],"collection":[{"href":"https:\/\/miradordeatarfe.es\/index.php?rest_route=\/wp\/v2\/posts"}],"about":[{"href":"https:\/\/miradordeatarfe.es\/index.php?rest_route=\/wp\/v2\/types\/post"}],"author":[{"embeddable":true,"href":"https:\/\/miradordeatarfe.es\/index.php?rest_route=\/wp\/v2\/users\/1"}],"replies":[{"embeddable":true,"href":"https:\/\/miradordeatarfe.es\/index.php?rest_route=%2Fwp%2Fv2%2Fcomments&post=10479"}],"version-history":[{"count":2,"href":"https:\/\/miradordeatarfe.es\/index.php?rest_route=\/wp\/v2\/posts\/10479\/revisions"}],"predecessor-version":[{"id":10491,"href":"https:\/\/miradordeatarfe.es\/index.php?rest_route=\/wp\/v2\/posts\/10479\/revisions\/10491"}],"wp:featuredmedia":[{"embeddable":true,"href":"https:\/\/miradordeatarfe.es\/index.php?rest_route=\/wp\/v2\/media\/10489"}],"wp:attachment":[{"href":"https:\/\/miradordeatarfe.es\/index.php?rest_route=%2Fwp%2Fv2%2Fmedia&parent=10479"}],"wp:term":[{"taxonomy":"category","embeddable":true,"href":"https:\/\/miradordeatarfe.es\/index.php?rest_route=%2Fwp%2Fv2%2Fcategories&post=10479"},{"taxonomy":"post_tag","embeddable":true,"href":"https:\/\/miradordeatarfe.es\/index.php?rest_route=%2Fwp%2Fv2%2Ftags&post=10479"}],"curies":[{"name":"wp","href":"https:\/\/api.w.org\/{rel}","templated":true}]}}