{"id":10569,"date":"2016-07-17T08:23:51","date_gmt":"2016-07-17T06:23:51","guid":{"rendered":"http:\/\/miradordeatarfe.es\/?p=10569"},"modified":"2016-07-17T11:26:36","modified_gmt":"2016-07-17T09:26:36","slug":"manuel-nino-con-leucemia-necesita-un-traspante-de-medula","status":"publish","type":"post","link":"https:\/\/miradordeatarfe.es\/?p=10569","title":{"rendered":"MANUEL ( ni\u00f1o con leucemia) necesita un traspante de medula"},"content":{"rendered":"<p>Manuel es un ni\u00f1o de 6 a\u00f1os que necesita un trasplante de m\u00e9dula \u00f3sea urgente. S\u00famate al carro y dona vida! , tienes la oportunidad de hacerte donante el<strong> dia 19 de julio en ATARFE DE 17 A 21 HORA EN EL CENTRO CULTURAL MEDINA ELVIRA.<\/strong><!--more--><\/p>\n<div class=\"TextBlockView block block343028 first heading_top float_top_left no_images\" data-cocktail-params=\"{&quot;blockId&quot;: 343028}\">\n<div class=\"text_container\">\n<p><a href=\"https:\/\/i0.wp.com\/miradordeatarfe.es\/wp-content\/uploads\/2016\/07\/13606899_1125664540830748_8092071057537017917_n.jpg?ssl=1\"><img data-recalc-dims=\"1\" loading=\"lazy\" decoding=\"async\" class=\"size-full wp-image-10577 aligncenter\" src=\"https:\/\/i0.wp.com\/miradordeatarfe.es\/wp-content\/uploads\/2016\/07\/13606899_1125664540830748_8092071057537017917_n.jpg?resize=640%2C905&#038;ssl=1\" alt=\"13606899_1125664540830748_8092071057537017917_n\" width=\"640\" height=\"905\" srcset=\"https:\/\/i0.wp.com\/miradordeatarfe.es\/wp-content\/uploads\/2016\/07\/13606899_1125664540830748_8092071057537017917_n.jpg?w=679&amp;ssl=1 679w, https:\/\/i0.wp.com\/miradordeatarfe.es\/wp-content\/uploads\/2016\/07\/13606899_1125664540830748_8092071057537017917_n.jpg?resize=212%2C300&amp;ssl=1 212w, https:\/\/i0.wp.com\/miradordeatarfe.es\/wp-content\/uploads\/2016\/07\/13606899_1125664540830748_8092071057537017917_n.jpg?resize=600%2C848&amp;ssl=1 600w\" sizes=\"auto, (max-width: 640px) 100vw, 640px\" \/><\/a>Bajo la denominaci\u00f3n c\u00e1ncer se incluyen un conjunto de enfermedades caracterizadas por una producci\u00f3n an\u00f3mala de un determinado tipo celular del organismo. Estas c\u00e9lulas tienen una velocidad de crecimiento y divisi\u00f3n m\u00e1s all\u00e1 de los l\u00edmites normales, por lo que progresivamente van invadiendo el organismo.<\/p>\n<p>La <strong>leucemia<\/strong> consiste en la <strong>proliferaci\u00f3n incontrolada de una poblaci\u00f3n an\u00f3mala de c\u00e9lulas de la sangre<\/strong>. Estas c\u00e9lulas an\u00f3malas infiltran la <a href=\"http:\/\/www.fcarreras.org\/es\/-para-qu%C3%A9-sirve-la-m%C3%A9dula-%C3%B3sea-_55013\" target=\"_self\">m\u00e9dula \u00f3sea<\/a>, impidiendo la producci\u00f3n de las restantes c\u00e9lulas normales, e invaden la sangre y otros \u00f3rganos.<\/p>\n<p>Manuel es un ni\u00f1o de Albolote (Granada) que necesita URGENTEMENTE un trasplante de m\u00e9dula \u00f3sea. Tanto \u00e9l como otros enfermos de Leucemia <strong>necesitan la ayuda de donantes an\u00f3nimos y altruistas<\/strong> que, con responsabilidad, entren a formar parte del Banco de Donantes de M\u00e9dula \u00d3sea.<br \/>\nInf\u00f3rmate en el siguiente enlace y, si tienes entre 18 y 55 a\u00f1os y est\u00e1s decidido, tienes la oportunidad de hacerte donante el<strong> dia 19 de julio en ATARFE DE 17 A 21 HORA EN EL CENTRO CULTURAL MEDINA ELVIRA.<\/strong><\/p>\n<\/div>\n<\/div>\n<p><a href=\"https:\/\/i0.wp.com\/miradordeatarfe.es\/wp-content\/uploads\/2016\/07\/13590418_10201927838034373_610677390909436005_n.jpg?ssl=1\"><img data-recalc-dims=\"1\" loading=\"lazy\" decoding=\"async\" class=\"size-full wp-image-10570 aligncenter\" src=\"https:\/\/i0.wp.com\/miradordeatarfe.es\/wp-content\/uploads\/2016\/07\/13590418_10201927838034373_610677390909436005_n.jpg?resize=529%2C754&#038;ssl=1\" alt=\"13590418_10201927838034373_610677390909436005_n\" width=\"529\" height=\"754\" srcset=\"https:\/\/i0.wp.com\/miradordeatarfe.es\/wp-content\/uploads\/2016\/07\/13590418_10201927838034373_610677390909436005_n.jpg?w=529&amp;ssl=1 529w, https:\/\/i0.wp.com\/miradordeatarfe.es\/wp-content\/uploads\/2016\/07\/13590418_10201927838034373_610677390909436005_n.jpg?resize=210%2C300&amp;ssl=1 210w\" sizes=\"auto, (max-width: 529px) 100vw, 529px\" \/><\/a><\/p>\n","protected":false},"excerpt":{"rendered":"<p>Manuel es un ni\u00f1o de 6 a\u00f1os que necesita un trasplante de m\u00e9dula \u00f3sea urgente&#8230;.<\/p>\n","protected":false},"author":1,"featured_media":10571,"comment_status":"closed","ping_status":"closed","sticky":false,"template":"","format":"standard","meta":{"_coblocks_attr":"","_coblocks_dimensions":"","_coblocks_responsive_height":"","_coblocks_accordion_ie_support":"","jetpack_post_was_ever_published":false,"_jetpack_newsletter_access":"","_jetpack_dont_email_post_to_subs":false,"_jetpack_newsletter_tier_id":0,"_jetpack_memberships_contains_paywalled_content":false,"_jetpack_memberships_contains_paid_content":false,"footnotes":"","jetpack_publicize_message":"","jetpack_publicize_feature_enabled":true,"jetpack_social_post_already_shared":false,"jetpack_social_options":{"image_generator_settings":{"template":"highway","default_image_id":0,"enabled":false},"version":2}},"categories":[2,1161,44,15,10],"tags":[2711,2878,1721],"class_list":["post-10569","post","type-post","status-publish","format-standard","has-post-thumbnail","hentry","category-atarfe","category-ciudadania","category-noticias-de-hoy","category-ultimas-noticias","category-salud","tag-celulas-madres","tag-leucemia","tag-transplante"],"jetpack_publicize_connections":[],"jetpack_featured_media_url":"https:\/\/i0.wp.com\/miradordeatarfe.es\/wp-content\/uploads\/2016\/07\/images.jpeg?fit=330%2C153&ssl=1","jetpack_likes_enabled":true,"jetpack_sharing_enabled":true,"_links":{"self":[{"href":"https:\/\/miradordeatarfe.es\/index.php?rest_route=\/wp\/v2\/posts\/10569","targetHints":{"allow":["GET"]}}],"collection":[{"href":"https:\/\/miradordeatarfe.es\/index.php?rest_route=\/wp\/v2\/posts"}],"about":[{"href":"https:\/\/miradordeatarfe.es\/index.php?rest_route=\/wp\/v2\/types\/post"}],"author":[{"embeddable":true,"href":"https:\/\/miradordeatarfe.es\/index.php?rest_route=\/wp\/v2\/users\/1"}],"replies":[{"embeddable":true,"href":"https:\/\/miradordeatarfe.es\/index.php?rest_route=%2Fwp%2Fv2%2Fcomments&post=10569"}],"version-history":[{"count":4,"href":"https:\/\/miradordeatarfe.es\/index.php?rest_route=\/wp\/v2\/posts\/10569\/revisions"}],"predecessor-version":[{"id":10579,"href":"https:\/\/miradordeatarfe.es\/index.php?rest_route=\/wp\/v2\/posts\/10569\/revisions\/10579"}],"wp:featuredmedia":[{"embeddable":true,"href":"https:\/\/miradordeatarfe.es\/index.php?rest_route=\/wp\/v2\/media\/10571"}],"wp:attachment":[{"href":"https:\/\/miradordeatarfe.es\/index.php?rest_route=%2Fwp%2Fv2%2Fmedia&parent=10569"}],"wp:term":[{"taxonomy":"category","embeddable":true,"href":"https:\/\/miradordeatarfe.es\/index.php?rest_route=%2Fwp%2Fv2%2Fcategories&post=10569"},{"taxonomy":"post_tag","embeddable":true,"href":"https:\/\/miradordeatarfe.es\/index.php?rest_route=%2Fwp%2Fv2%2Ftags&post=10569"}],"curies":[{"name":"wp","href":"https:\/\/api.w.org\/{rel}","templated":true}]}}