{"id":10584,"date":"2016-07-14T10:00:05","date_gmt":"2016-07-14T08:00:05","guid":{"rendered":"http:\/\/miradordeatarfe.es\/?p=10584"},"modified":"2016-07-14T10:03:22","modified_gmt":"2016-07-14T08:03:22","slug":"10584","status":"publish","type":"post","link":"https:\/\/miradordeatarfe.es\/?p=10584","title":{"rendered":"ATARFE: PROGRAMA DE FIESTAS 2016"},"content":{"rendered":"<p>Un a\u00f1o m\u00e1s las fiestas de Atarfe est\u00e1n aqu\u00ed. Los ni\u00f1os, los j\u00f3venes y nuestros mayores ven cumplido su deseo de pasar unos d\u00edas inolvidables con\u00a0 la familia y amigos.<!--more-->En este enlace puedes encontrar el programa de fiestas de ATARFE 2016<\/p>\n<h3><a href=\"https:\/\/www.dropbox.com\/s\/4cx0mkan20q8fxq\/fiestasATARFE2016.pdf?dl=0\">https:\/\/www.dropbox.com\/s\/4cx0mkan20q8fxq\/fiestasATARFE2016.pdf?dl=0<\/a><\/h3>\n<p>&nbsp;<\/p>\n<p>Una oportunidad para profundizar en la convivencia entre todos los vecinos y vecinas, poner en com\u00fan lo que nos une: el territorio, el\u00a0 paisaje, nuestra historia, nuestra gastronom\u00eda\u2026 Una ocasi\u00f3n para sentirnos orgullosos de nuestra identidad atarfe\u00f1a, nuestras manifestaciones culturales, nuestras tradiciones, nuestras creencias, la m\u00fasica, el baile, el juego, la familia, nuestros recuerdos, el enamoramiento y el encuentro con los que vienen de fuera.<br \/>\nUn buen momento para felicitar a nuestros colegios e institutos por el trabajo realizado y los premios obtenidos, a nuestros universitarios, a nuestros deportistas por los retos conseguidos, a los artistas (m\u00fasicos,actores, pintores\u2026), a los voluntarios de las asociaciones, a los comerciantes, empresarios y emprendedores,a los sanitarios que cuidan de nuestra salud, a los grupos pol\u00edticos, a todas aquellas personas que se preocupan y que tienen un compromiso c\u00edvico con la mejora de nuestro pueblo.<\/p>\n<p style=\"padding-left: 60px;\">Para el equipo de gobierno ha sido un a\u00f1o muy complicado por los diferentes problemas que hemos encontrado y que nos preocupan: el desempleo, la deuda, la exclusi\u00f3n social, la inseguridad, la limpieza, los desahucios, la violencia de g\u00e9nero, la desigualdad, la contaminaci\u00f3n\u2026 No los olvidamos. Los afrontamos con decisi\u00f3n y compromiso, y vislumbramos con optimismo el camino que nos queda por recorrer, porque deseamos un pueblo m\u00e1s justo y solidario. Pero no queremos dejar pasar los recuerdos y las emociones que nos embargan con nuestras fiestas:<\/p>\n<p style=\"padding-left: 60px;\"><em>\u201cCon los ojos brillantes de la emoci\u00f3n, un peque\u00f1o orienta su dedo \u00edndice hacia el alumbrado de colores de la calle<\/em><br \/>\n<em>Real, gritando a su madre: \u201c\u00a1Mam\u00e1, ya empiezan las fiestas!\u201d. El ni\u00f1o se agarra al cuello de su madre por el paso<\/em><br \/>\n<em>de los cabezudos, mientras las campanillas y el bullicio por la presencia del trenecito se escuchan a lo lejos. Un<\/em><br \/>\n<em>aroma de churros y chocolate invade la plaza de la Iglesia, una r\u00e1faga de cohetes nos asusta. La noche va llegando,<\/em><br \/>\n<em>los adolescentes sonr\u00eden con las manos en los bolsillos contando los euros para los columpios en direcci\u00f3n al<\/em><br \/>\n<em>ferial. Los j\u00f3venes en pandilla se dirigen a la fiesta. Un pa\u00f1uelo de Santa Ana en el balc\u00f3n de aquella casa nos da<\/em><br \/>\n<em>la bienvenida. Los Tres Juanes y el Tajo \u201ccolorao\u201d son testigos desde su privilegiado emplazamiento, al igual que<\/em><br \/>\n<em>los verdes maizales y choperas de la vega que se agitan porque las Fiestas de Atarfe ya est\u00e1n aqu\u00ed\u201d.<\/em><\/p>\n<p style=\"padding-left: 60px;\">Vecinos y vecinas de Atarfe: es hora de salir a la calle y disfrutar, de sentir y compartir nuestras fiestas con<br \/>\ndiversi\u00f3n y mucha alegr\u00eda. \u00a1Felices fiestas!<\/p>\n<p style=\"padding-left: 60px;\"><a href=\"https:\/\/i0.wp.com\/miradordeatarfe.es\/wp-content\/uploads\/2016\/07\/15_07_20_Fiestas_Atarfe.jpg?ssl=1\"><img data-recalc-dims=\"1\" loading=\"lazy\" decoding=\"async\" class=\"size-full wp-image-10586 aligncenter\" src=\"https:\/\/i0.wp.com\/miradordeatarfe.es\/wp-content\/uploads\/2016\/07\/15_07_20_Fiestas_Atarfe.jpg?resize=480%2C270&#038;ssl=1\" alt=\"15_07_20_Fiestas_Atarfe\" width=\"480\" height=\"270\" srcset=\"https:\/\/i0.wp.com\/miradordeatarfe.es\/wp-content\/uploads\/2016\/07\/15_07_20_Fiestas_Atarfe.jpg?w=480&amp;ssl=1 480w, https:\/\/i0.wp.com\/miradordeatarfe.es\/wp-content\/uploads\/2016\/07\/15_07_20_Fiestas_Atarfe.jpg?resize=300%2C169&amp;ssl=1 300w\" sizes=\"auto, (max-width: 480px) 100vw, 480px\" \/><\/a><\/p>\n<p style=\"padding-left: 60px;\">EL EQUIPO DE GOBIERNO<\/p>\n<p style=\"padding-left: 60px;\">\n","protected":false},"excerpt":{"rendered":"<p>Un a\u00f1o m\u00e1s las fiestas de Atarfe est\u00e1n aqu\u00ed. Los ni\u00f1os, los j\u00f3venes y nuestros&#8230;<\/p>\n","protected":false},"author":1,"featured_media":10585,"comment_status":"closed","ping_status":"closed","sticky":false,"template":"","format":"standard","meta":{"_coblocks_attr":"","_coblocks_dimensions":"","_coblocks_responsive_height":"","_coblocks_accordion_ie_support":"","jetpack_post_was_ever_published":false,"_jetpack_newsletter_access":"","_jetpack_dont_email_post_to_subs":false,"_jetpack_newsletter_tier_id":0,"_jetpack_memberships_contains_paywalled_content":false,"_jetpack_memberships_contains_paid_content":false,"footnotes":"","jetpack_publicize_message":"","jetpack_publicize_feature_enabled":true,"jetpack_social_post_already_shared":false,"jetpack_social_options":{"image_generator_settings":{"template":"highway","default_image_id":0,"enabled":false},"version":2}},"categories":[2,12,1225,44,15],"tags":[81,2881,1333],"class_list":["post-10584","post","type-post","status-publish","format-standard","has-post-thumbnail","hentry","category-atarfe","category-cultura","category-ha-de-atarfe","category-noticias-de-hoy","category-ultimas-noticias","tag-atarfe","tag-diversion","tag-fiestas"],"jetpack_publicize_connections":[],"jetpack_featured_media_url":"https:\/\/i0.wp.com\/miradordeatarfe.es\/wp-content\/uploads\/2016\/07\/P7260080.jpg?fit=400%2C300&ssl=1","jetpack_likes_enabled":true,"jetpack_sharing_enabled":true,"_links":{"self":[{"href":"https:\/\/miradordeatarfe.es\/index.php?rest_route=\/wp\/v2\/posts\/10584","targetHints":{"allow":["GET"]}}],"collection":[{"href":"https:\/\/miradordeatarfe.es\/index.php?rest_route=\/wp\/v2\/posts"}],"about":[{"href":"https:\/\/miradordeatarfe.es\/index.php?rest_route=\/wp\/v2\/types\/post"}],"author":[{"embeddable":true,"href":"https:\/\/miradordeatarfe.es\/index.php?rest_route=\/wp\/v2\/users\/1"}],"replies":[{"embeddable":true,"href":"https:\/\/miradordeatarfe.es\/index.php?rest_route=%2Fwp%2Fv2%2Fcomments&post=10584"}],"version-history":[{"count":2,"href":"https:\/\/miradordeatarfe.es\/index.php?rest_route=\/wp\/v2\/posts\/10584\/revisions"}],"predecessor-version":[{"id":10588,"href":"https:\/\/miradordeatarfe.es\/index.php?rest_route=\/wp\/v2\/posts\/10584\/revisions\/10588"}],"wp:featuredmedia":[{"embeddable":true,"href":"https:\/\/miradordeatarfe.es\/index.php?rest_route=\/wp\/v2\/media\/10585"}],"wp:attachment":[{"href":"https:\/\/miradordeatarfe.es\/index.php?rest_route=%2Fwp%2Fv2%2Fmedia&parent=10584"}],"wp:term":[{"taxonomy":"category","embeddable":true,"href":"https:\/\/miradordeatarfe.es\/index.php?rest_route=%2Fwp%2Fv2%2Fcategories&post=10584"},{"taxonomy":"post_tag","embeddable":true,"href":"https:\/\/miradordeatarfe.es\/index.php?rest_route=%2Fwp%2Fv2%2Ftags&post=10584"}],"curies":[{"name":"wp","href":"https:\/\/api.w.org\/{rel}","templated":true}]}}