{"id":10607,"date":"2016-07-15T09:50:31","date_gmt":"2016-07-15T07:50:31","guid":{"rendered":"http:\/\/miradordeatarfe.es\/?p=10607"},"modified":"2016-07-15T09:57:17","modified_gmt":"2016-07-15T07:57:17","slug":"atarfe-decide-asumir-la-gestion-directa-de-la-ayuda-a-domicilio-2","status":"publish","type":"post","link":"https:\/\/miradordeatarfe.es\/?p=10607","title":{"rendered":"Atarfe decide asumir la gesti\u00f3n directa de la ayuda a domicilio"},"content":{"rendered":"<p><span class=\"contenidos_subtitulo\">Todos los grupos pol\u00edticos, a excepci\u00f3n del PSOE, votaron a favor de un modelo p\u00fablico que permitir\u00e1 contratar a las trabajadoras por un periodo de tres a\u00f1os mediante concurso oposici\u00f3n.<\/span><br \/>\n<!--more--><\/p>\n<p style=\"text-align: justify;\">\u00a0El servicio de ayuda a domicilio que se presta a 175 vecinos del municipio pasar\u00e1 en unos meses a gestionarse de forma directa por el Ayuntamiento de Atarfe, lo que permitir\u00e1 mejorar las condiciones laborales de las trabajadoras y tambi\u00e9n la calidad de la atenci\u00f3n a los usuarios.<\/p>\n<p style=\"text-align: justify;\">As\u00ed lo entienden la mayor parte de los partidos que forman parte de la corporaci\u00f3n, entre ellos <strong>Por Atarfe S\u00ed (PASI)<\/strong>, en el equipo de gobierno; <strong>PP<\/strong>, <strong>Ciudadanos <\/strong>y <strong>Ganemos <\/strong>que aprobaron inicialmente en el pleno extraordinario celebrado el jueves 3 de marzo la propuesta de cambio a un modelo de gesti\u00f3n directa. Se abre ahora un turno de alegaciones antes de su aprobaci\u00f3n definitiva en un pr\u00f3ximo pleno.<\/p>\n<p style=\"text-align: justify;\">Esta f\u00f3rmula permitir\u00e1 contratar a las trabajadoras -en la actualidad 47 mujeres- de forma temporal por un periodo de 3 a\u00f1os mediante procedimiento de concurso oposici\u00f3n y crear una bolsa de trabajo que cubra las eventualidades del servicio. S\u00f3lo el <strong>PSOE <\/strong>se opuso al modelo de gesti\u00f3n directa que avalan los informes de los t\u00e9cnicos de las \u00e1reas de Contrataci\u00f3n, Intervenci\u00f3n y Secretar\u00eda <span style=\"text-decoration: underline;\">por entender que el sistema de contrataci\u00f3n temporal no se ajustaba a la legalidad y disparaba los costes.<\/span><\/p>\n<p style=\"text-align: justify;\">Entre el p\u00fablico, que llen\u00f3 una vez m\u00e1s el sal\u00f3n de plenos, se encontraban la mayor parte de las trabajadoras que en las reuniones mantenidas con los distintos partidos expusieron su deseo de que se regularizara su situaci\u00f3n y se apostara por un modelo de gesti\u00f3n directa por parte del Ayuntamiento en lugar de la prestaci\u00f3n indirecta, como se ha venido haciendo en los \u00faltimos 20 a\u00f1os mediante la <strong>Comunidad de Bienes Hinojosa y Navarro<\/strong> con la que el Ayuntamiento no ten\u00eda suscrito contrato alguno.<\/p>\n<p style=\"text-align: justify;\">El servicio de ayuda a domicilio es una competencia de la Junta de Andaluc\u00eda que delega en los ayuntamientos <em>bajo la supervisi\u00f3n de la Diputaci\u00f3n Provincial si se trata de municipios menores de 20.000 habitantes, como es el caso de Atarfe<\/em>. La financiaci\u00f3n corre a cargo de la administraci\u00f3n auton\u00f3mica.<\/p>\n<p style=\"text-align: justify;\"><strong><span style=\"font-size: small;\">Debate<\/span><\/strong><\/p>\n<p style=\"text-align: justify;\">Todos los partidos pol\u00edticos, incluido el PSOE, votaron a favor de iniciar el expediente de revisi\u00f3n de oficio, es decir, el tr\u00e1mite necesario para cambiar un modelo de prestaci\u00f3n -el de la comunidad de bienes Hinojosa y Navarro- que no se ajusta al sistema de contrataci\u00f3n legalmente establecido, seg\u00fan consta en el informe t\u00e9cnico del \u00e1rea de Contrataci\u00f3n.<\/p>\n<p style=\"text-align: justify;\">\u00a0<img data-recalc-dims=\"1\" decoding=\"async\" class=\"aligncenter\" src=\"https:\/\/i0.wp.com\/www.ciudadatarfe.com\/data\/fotos_contenidos_web\/1511_1837_20160304162823.jpg?w=640\" border=\"0\" \/><\/p>\n<p style=\"text-align: justify;\">La portavoz del equipo de gobierno, <strong>Rosa F\u00e9lix<\/strong> (PASI), aludi\u00f3 a los argumentos de dicho informe donde se cuestiona que no exista contrato administrativo por escrito ni expediente de contrataci\u00f3n legalmente establecido para formalizar una relaci\u00f3n contratactual. La Comunidad de Bienes carec\u00eda igualmente de personalidad jur\u00eddica para formalizar contratos con la Administraci\u00f3n. Rosa F\u00e9lix explic\u00f3 que, de aprobarse la revisi\u00f3n, como as\u00ed sucedi\u00f3 minutos despu\u00e9s, era obligado remitir el expediente al Consejo Consultivo para que se pronuncie sobre el mismo, un tr\u00e1mite que puede demorarse entre dos y cuatro meses, si bien ofreci\u00f3 el compromiso del equipo de gobierno de agilizar en este tiempo el proceso de cambio de gesti\u00f3n sin que ello repercuta al servicio que se est\u00e1 prestando en la actualidad a los usuarios.<\/p>\n<p style=\"text-align: justify;\">Donde no hubo unanimidad fue en el punto referido a la modificaci\u00f3n del modelo de gesti\u00f3n. El portavoz del PSOE, <strong>\u00d3scar Gonz\u00e1lez<\/strong>, cuestion\u00f3 la legalidad de un procedimiento de contrataci\u00f3n temporal y present\u00f3 como argumento varias sentencias condenatorias que reconoc\u00edan los derechos laborales de las trabajadoras frente a la administraci\u00f3n, es decir, que exist\u00eda una relaci\u00f3n de continuidad laboral que pod\u00eda ser causa de posibles indemnizaciones por despido. El PSOE mantiene que el servicio de ayuda a domicilio se presta de forma permanente y critica al equipo de gobierno por no garantizar una plantilla estable.<\/p>\n<p style=\"text-align: justify;\">Sin embargo, los informes t\u00e9cnicos se\u00f1alan que es un servicio delegado por la Junta de Andaluc\u00eda que dejar\u00eda de prestarse en el momento en el que la administraci\u00f3n auton\u00f3mica lo considerase preciso; de ah\u00ed que el equipo de gobierno se haya decantado finalmente por un modelo de gesti\u00f3n directa, de contrataci\u00f3n temporal por 3 a\u00f1os mediante un proceso de selecci\u00f3n de concurso oposici\u00f3n. Por otro lado, el plan de ajuste que se aprob\u00f3 en el anterior mandato socialista para reducir la elevada deuda y la\u00a0ley de racionalizaci\u00f3n y sostenibilidad de la administraci\u00f3n local, que puso en marcha el Gobierno de Mariano Rajoy, limitan la capacidad de maniobra del Ayuntamiento de Atarfe en materia de contrataci\u00f3n, seg\u00fan record\u00f3 Rosa F\u00e9lix.<\/p>\n<p style=\"text-align: justify;\">En la actualidad, las 47 auxiliares de ayuda a domicilio forman parte del r\u00e9gimen especial de aut\u00f3nomos y a lo largo de estos a\u00f1os vienen denunciando su situaci\u00f3n de precariedad.<\/p>\n<p style=\"text-align: justify;\">El PSOE tambi\u00e9n puso en duda la memoria econ\u00f3mica elaborada por el interventor donde, seg\u00fan los socialistas, no se contemplan los costes indirectos y, por tanto, auguran \u00abdesviaciones\u00bb que ocasionar\u00e1n da\u00f1os al ayuntamiento. Dicho grupo present\u00f3 la misma ma\u00f1ana del pleno un escrito para que este punto del orden del d\u00eda se quedara sobre la mesa ante la posibilidad de que se incurriera, con su aprobaci\u00f3n, en un \u00abfraude de ley\u00bb.<\/p>\n<p style=\"text-align: justify;\">El equipo de gobierno, molesto con el PSOE por haber dado la \u00abcallada por respuesta\u00bb a lo largo de seis meses de reuniones entre los representantes de los partidos y los t\u00e9cnicos, se neg\u00f3 a retirar el punto del orden del d\u00eda, desmintiendo que en dicho informe no se recogiesen los costes indirectos.<\/p>\n<p style=\"text-align: justify;\">Los reparos expuestos por los socialistas llevaron al portavoz del PP, <strong>Antonio D\u00edaz<\/strong>, a amagar con abandonar el pleno si bien finalmente votaron a favor del cambio de modelo despu\u00e9s de que el secretario municipal hiciera, a petici\u00f3n del concejal popular, una defensa de la labor realizada por los t\u00e9cnicos del Ayuntamiento que, seg\u00fan afirm\u00f3, \u00abhan actuado de buena fe\u00bb en todo el proceso de preparaci\u00f3n del expediente. Antonio D\u00edaz destac\u00f3 que su voto era un \u00abcompromiso\u00bb que el PP hab\u00eda adquirido con las trabajadoras y record\u00f3 que al inicio del mandato su grupo present\u00f3 una moci\u00f3n para solucionar el problema del servicio de ayuda a domicilio.<\/p>\n<p style=\"text-align: justify;\">Por su parte, el portavoz de Ciudadanos, <strong>Antonio Pascual Mart\u00edn<\/strong>, anunci\u00f3 el voto favorable de su grupo recordando que la gesti\u00f3n directa era la f\u00f3rmula preferida por las trabajadoras, respaldada en los informes de los t\u00e9cnicos municipales y \u00abconforme a los cauces de legalidad\u00bb. El edil de Ciudadanos advirti\u00f3, no obstante, que en las distintas reuniones mantenidas en los \u00faltimos seis meses han constatado \u00abobst\u00e1culos\u00bb en el procedimiento, pues no se podr\u00e1 garantizar la continuidad laboral del 100% de las personas que prestan el servicio, que pasar\u00e1n a tener un contrato con fecha de extinci\u00f3n previamente establecida y que se formalizar\u00e1 conforme a un proceso selectivo en el que concurran los principios de m\u00e9rito, capacidad y publicidad. \u00abVenimos a hacer la voluntad del pueblo, que es lo que nos han solicitado, y votaremos a favor\u00bb, concluy\u00f3.<\/p>\n<p style=\"text-align: justify;\">Por su parte, el concejal de Ganemos, <strong>Antonio Lucena<\/strong>, present\u00f3 una propuesta que se tuvo en cuenta en la votaci\u00f3n final para que no se fijara ahora el n\u00famero de trabajadoras que se beneficiar\u00e1n de los contratos de 3 a\u00f1os y se esperara al momento de la convocatoria, una vez que se conozca el n\u00famero de horas que deben prestar. Su compa\u00f1era <strong>Silvia Lara<\/strong> defendi\u00f3 la gesti\u00f3n p\u00fablica de los servicios municipales, record\u00f3 que su grupo incluy\u00f3 en el programa electoral el compromiso de regularizar la situaci\u00f3n de las afectadas y aludi\u00f3 a las distintas reuniones que se han mantenido en las comisiones informativas y con las propias trabajadoras para tratar de buscar un modelo que, si bien no garantiza el 100% de las contrataciones, estim\u00f3 que era el m\u00e1s adecuado, como as\u00ed hab\u00edan reconocido las propias afectadas.<\/p>\n<p style=\"text-align: justify;\">La portavoz del gobierno, <strong>Rosa F\u00e9lix<\/strong>, agradeci\u00f3 el apoyo de los grupos municipales del PP, Ciudadanos y Ganemos porque \u00abdesatasca\u00bb una situaci\u00f3n que llevaba enquistada muchos a\u00f1os\u00bb. La concejal del PASI reconoci\u00f3 que la soluci\u00f3n \u00abno es f\u00e1cil\u00bb pero \u00abcon ayuda, sentido com\u00fan y esfuerzo vamos a conseguir un servicio de calidad y que las trabajadoras tengan unas condiciones dignas\u00bb.<\/p>\n<p style=\"text-align: justify;\"><strong><u>Nota aclaratoria<\/u><\/strong>: La noticia que han le\u00eddo es un resumen de lo ocurrido en el pleno. Pueden acceder al debate \u00edntegro que se desarroll\u00f3 en el pleno a trav\u00e9s del siguiente<a class=\"enlaces_contenidos\" href=\"http:\/\/ustre.am\/1uPqa\" target=\"_blank\"><strong> enlace al video que se grab\u00f3 en directo<\/strong><\/a>. Tambi\u00e9n se adjunta m\u00e1s abajo distintos informes de los t\u00e9cnicos a los que se aludi\u00f3 durante el pleno, as\u00ed como el escrito del PSOE presentado el mismo d\u00eda del pleno extraordinario.<\/p>\n<p style=\"text-align: justify;\">\n<div class=\"contenedor_contenidos_extra\" style=\"text-align: justify;\">FICHEROS ADJUNTOS<\/p>\n<p><img data-recalc-dims=\"1\" decoding=\"async\" src=\"https:\/\/i0.wp.com\/www.ciudadatarfe.com\/imagenes\/pdf_fondogris.jpg?w=640\" align=\"absmiddle\" border=\"0\" \/><img data-recalc-dims=\"1\" loading=\"lazy\" decoding=\"async\" src=\"https:\/\/i0.wp.com\/www.ciudadatarfe.com\/imagenes\/espacio.gif?resize=8%2C18\" width=\"8\" height=\"18\" align=\"absmiddle\" border=\"0\" \/><a class=\"contenidos_extra_enlacesinteres_txt\" href=\"http:\/\/www.ciudadatarfe.com\/data\/ficherosadjuntos_contenidosweb\/contenidos_1511_1078_20160304164507.pdf\" target=\"_blank\">Memoria econ\u00f3mica. Informe del interventor<\/a><span class=\"contenidos_extra_enlacesinteres_url\"> [550,48 Kb] <\/span><br \/>\n<img data-recalc-dims=\"1\" loading=\"lazy\" decoding=\"async\" src=\"https:\/\/i0.wp.com\/www.ciudadatarfe.com\/imagenes\/espacio.gif?resize=1%2C5\" width=\"1\" height=\"5\" border=\"0\" \/><br \/>\n<img data-recalc-dims=\"1\" decoding=\"async\" src=\"https:\/\/i0.wp.com\/www.ciudadatarfe.com\/imagenes\/pdf_fondogris.jpg?w=640\" align=\"absmiddle\" border=\"0\" \/><img data-recalc-dims=\"1\" loading=\"lazy\" decoding=\"async\" src=\"https:\/\/i0.wp.com\/www.ciudadatarfe.com\/imagenes\/espacio.gif?resize=8%2C18\" width=\"8\" height=\"18\" align=\"absmiddle\" border=\"0\" \/><a class=\"contenidos_extra_enlacesinteres_txt\" href=\"http:\/\/www.ciudadatarfe.com\/data\/ficherosadjuntos_contenidosweb\/contenidos_1511_1079_20160304164627.pdf\" target=\"_blank\">Informe del \u00e1rea de Contrataci\u00f3n<\/a><span class=\"contenidos_extra_enlacesinteres_url\"> [922,55 Kb] <\/span><br \/>\n<img data-recalc-dims=\"1\" loading=\"lazy\" decoding=\"async\" src=\"https:\/\/i0.wp.com\/www.ciudadatarfe.com\/imagenes\/espacio.gif?resize=1%2C5\" width=\"1\" height=\"5\" border=\"0\" \/><br \/>\n<img data-recalc-dims=\"1\" decoding=\"async\" src=\"https:\/\/i0.wp.com\/www.ciudadatarfe.com\/imagenes\/pdf_fondogris.jpg?w=640\" align=\"absmiddle\" border=\"0\" \/><img data-recalc-dims=\"1\" loading=\"lazy\" decoding=\"async\" src=\"https:\/\/i0.wp.com\/www.ciudadatarfe.com\/imagenes\/espacio.gif?resize=8%2C18\" width=\"8\" height=\"18\" align=\"absmiddle\" border=\"0\" \/><a class=\"contenidos_extra_enlacesinteres_txt\" href=\"http:\/\/www.ciudadatarfe.com\/data\/ficherosadjuntos_contenidosweb\/contenidos_1511_1080_20160304164744.pdf\" target=\"_blank\">Informe del secretario sobre las bases reguladoras de la ayuda a domicilio<\/a><span class=\"contenidos_extra_enlacesinteres_url\"> [930,73 Kb] <\/span><br \/>\n<img data-recalc-dims=\"1\" loading=\"lazy\" decoding=\"async\" src=\"https:\/\/i0.wp.com\/www.ciudadatarfe.com\/imagenes\/espacio.gif?resize=1%2C5\" width=\"1\" height=\"5\" border=\"0\" \/><br \/>\n<img data-recalc-dims=\"1\" decoding=\"async\" src=\"https:\/\/i0.wp.com\/www.ciudadatarfe.com\/imagenes\/pdf_fondogris.jpg?w=640\" align=\"absmiddle\" border=\"0\" \/><img data-recalc-dims=\"1\" loading=\"lazy\" decoding=\"async\" src=\"https:\/\/i0.wp.com\/www.ciudadatarfe.com\/imagenes\/espacio.gif?resize=8%2C18\" width=\"8\" height=\"18\" align=\"absmiddle\" border=\"0\" \/><a class=\"contenidos_extra_enlacesinteres_txt\" href=\"http:\/\/www.ciudadatarfe.com\/data\/ficherosadjuntos_contenidosweb\/contenidos_1511_1082_20160304174025.pdf\" target=\"_blank\">Reparos del Grupo Municipal Socialista<\/a><span class=\"contenidos_extra_enlacesinteres_url\"> [395,91 Kb] <\/span><br \/>\n<img data-recalc-dims=\"1\" loading=\"lazy\" decoding=\"async\" src=\"https:\/\/i0.wp.com\/www.ciudadatarfe.com\/imagenes\/espacio.gif?resize=1%2C5\" width=\"1\" height=\"5\" border=\"0\" \/><\/div>\n","protected":false},"excerpt":{"rendered":"<p>Todos los grupos pol\u00edticos, a excepci\u00f3n del PSOE, votaron a favor de un modelo p\u00fablico&#8230;<\/p>\n","protected":false},"author":1,"featured_media":10608,"comment_status":"closed","ping_status":"closed","sticky":false,"template":"","format":"standard","meta":{"_coblocks_attr":"","_coblocks_dimensions":"","_coblocks_responsive_height":"","_coblocks_accordion_ie_support":"","jetpack_post_was_ever_published":false,"_jetpack_newsletter_access":"","_jetpack_dont_email_post_to_subs":false,"_jetpack_newsletter_tier_id":0,"_jetpack_memberships_contains_paywalled_content":false,"_jetpack_memberships_contains_paid_content":false,"footnotes":"","jetpack_publicize_message":"","jetpack_publicize_feature_enabled":true,"jetpack_social_post_already_shared":false,"jetpack_social_options":{"image_generator_settings":{"template":"highway","default_image_id":0,"enabled":false},"version":2}},"categories":[2,44,15],"tags":[81,2287,864,65],"class_list":["post-10607","post","type-post","status-publish","format-standard","has-post-thumbnail","hentry","category-atarfe","category-noticias-de-hoy","category-ultimas-noticias","tag-atarfe","tag-ayuda-a-domicilio","tag-ayuntamiento","tag-economia"],"jetpack_publicize_connections":[],"jetpack_featured_media_url":"https:\/\/i0.wp.com\/miradordeatarfe.es\/wp-content\/uploads\/2016\/07\/%C3%ADndice-4.jpg?fit=275%2C183&ssl=1","jetpack_likes_enabled":true,"jetpack_sharing_enabled":true,"_links":{"self":[{"href":"https:\/\/miradordeatarfe.es\/index.php?rest_route=\/wp\/v2\/posts\/10607","targetHints":{"allow":["GET"]}}],"collection":[{"href":"https:\/\/miradordeatarfe.es\/index.php?rest_route=\/wp\/v2\/posts"}],"about":[{"href":"https:\/\/miradordeatarfe.es\/index.php?rest_route=\/wp\/v2\/types\/post"}],"author":[{"embeddable":true,"href":"https:\/\/miradordeatarfe.es\/index.php?rest_route=\/wp\/v2\/users\/1"}],"replies":[{"embeddable":true,"href":"https:\/\/miradordeatarfe.es\/index.php?rest_route=%2Fwp%2Fv2%2Fcomments&post=10607"}],"version-history":[{"count":1,"href":"https:\/\/miradordeatarfe.es\/index.php?rest_route=\/wp\/v2\/posts\/10607\/revisions"}],"predecessor-version":[{"id":10609,"href":"https:\/\/miradordeatarfe.es\/index.php?rest_route=\/wp\/v2\/posts\/10607\/revisions\/10609"}],"wp:featuredmedia":[{"embeddable":true,"href":"https:\/\/miradordeatarfe.es\/index.php?rest_route=\/wp\/v2\/media\/10608"}],"wp:attachment":[{"href":"https:\/\/miradordeatarfe.es\/index.php?rest_route=%2Fwp%2Fv2%2Fmedia&parent=10607"}],"wp:term":[{"taxonomy":"category","embeddable":true,"href":"https:\/\/miradordeatarfe.es\/index.php?rest_route=%2Fwp%2Fv2%2Fcategories&post=10607"},{"taxonomy":"post_tag","embeddable":true,"href":"https:\/\/miradordeatarfe.es\/index.php?rest_route=%2Fwp%2Fv2%2Ftags&post=10607"}],"curies":[{"name":"wp","href":"https:\/\/api.w.org\/{rel}","templated":true}]}}