{"id":10610,"date":"2016-07-16T09:58:18","date_gmt":"2016-07-16T07:58:18","guid":{"rendered":"http:\/\/miradordeatarfe.es\/?p=10610"},"modified":"2016-07-15T10:24:26","modified_gmt":"2016-07-15T08:24:26","slug":"exito-de-participacion-en-los-talleres-sobre-huertos-urbanos","status":"publish","type":"post","link":"https:\/\/miradordeatarfe.es\/?p=10610","title":{"rendered":"Los talleres sobre huertos urbanos en Atarfe"},"content":{"rendered":"<p><span class=\"contenidos_subtitulo\">Ni\u00f1os y mayores acudieron el mi\u00e9rcoles a los talleres pr\u00e1cticos sobre huertos urbanos ecol\u00f3gicos que organiz\u00f3 el Ayuntamiento de Atarfe en el parque del Corredor Verde. <\/span><br \/>\n<!--more--><\/p>\n<div><\/div>\n<div>\n<div style=\"text-align: justify;\">Medio centenar de vecinos participaron el mi\u00e9rcoles en una jornada sobre huertas urbanos en el parque del Corredor Verde donde hubo oportunidad de llevar a cabo talleres pr\u00e1cticos sobre cultivos ecol\u00f3gicos.<\/div>\n<div style=\"text-align: justify;\"><\/div>\n<div style=\"text-align: justify;\">La actividad gir\u00f3 en torno a \u00abJardines comestibles y macetohuertos\u00bb, y en ella tambi\u00e9n participaron por la ma\u00f1ana alumnos de primaria de la Escuela Municipal de Verano, que tuvieron oportunidad de plantar hortalizas en las jardineras de los alrededores del parque, al tiempo que se les explicaba la importancia que tiene la agricultura de la Vega en la alimentaci\u00f3n.<\/div>\n<div style=\"text-align: justify;\"><\/div>\n<div style=\"text-align: justify;\">Por la tarde, numerosos vecinos acudieron a la convocatoria que realiz\u00f3 el Ayuntamiento para seguir plantando hortalizas. Al acto acudieron las concejalas de Medio Ambiente y Urbanismo, Gloria Casado y Rosa F\u00e9lix respectivamente, que quisieron apoyar con su presencia el proyecto de huertos urbanos ecol\u00f3gicos que se pondr\u00e1 en marcha a la vuelta del verano en distintos puntos de la ciudad. Precisamente, se aprovech\u00f3 la convocatoria para informar sobre el estado de un proyecto que trata de aportar una nueva visi\u00f3n del paisaje y desarrollo urbano en su relaci\u00f3n con los espacios verdes, la vega y la alimentaci\u00f3n.<a href=\"https:\/\/i0.wp.com\/miradordeatarfe.es\/wp-content\/uploads\/2016\/07\/HUERTO1.jpg?ssl=1\"><img data-recalc-dims=\"1\" loading=\"lazy\" decoding=\"async\" class=\"size-full wp-image-10613 aligncenter\" src=\"https:\/\/i0.wp.com\/miradordeatarfe.es\/wp-content\/uploads\/2016\/07\/HUERTO1.jpg?resize=442%2C332&#038;ssl=1\" alt=\"HUERTO1\" width=\"442\" height=\"332\" srcset=\"https:\/\/i0.wp.com\/miradordeatarfe.es\/wp-content\/uploads\/2016\/07\/HUERTO1.jpg?w=442&amp;ssl=1 442w, https:\/\/i0.wp.com\/miradordeatarfe.es\/wp-content\/uploads\/2016\/07\/HUERTO1.jpg?resize=300%2C225&amp;ssl=1 300w\" sizes=\"auto, (max-width: 442px) 100vw, 442px\" \/><\/a><\/div>\n<div style=\"text-align: justify;\"><\/div>\n<div style=\"text-align: justify;\">Los vecinos que acudieron al Corredor Verde pudieron llevarse a sus casas plantones ecol\u00f3gicos de tomate, pimiento, lechuga y calabac\u00edn, entre otros productos, despu\u00e9s de asistir al taller para conocer la t\u00e9cnica del cultivo en macetas.<\/div>\n<\/div>\n<div style=\"text-align: justify;\"><\/div>\n<p>&nbsp;<\/p>\n<p>&nbsp;<\/p>\n","protected":false},"excerpt":{"rendered":"<p>Ni\u00f1os y mayores acudieron el mi\u00e9rcoles a los talleres pr\u00e1cticos sobre huertos urbanos ecol\u00f3gicos que&#8230;<\/p>\n","protected":false},"author":1,"featured_media":10617,"comment_status":"closed","ping_status":"closed","sticky":false,"template":"","format":"standard","meta":{"_coblocks_attr":"","_coblocks_dimensions":"","_coblocks_responsive_height":"","_coblocks_accordion_ie_support":"","jetpack_post_was_ever_published":false,"_jetpack_newsletter_access":"","_jetpack_dont_email_post_to_subs":false,"_jetpack_newsletter_tier_id":0,"_jetpack_memberships_contains_paywalled_content":false,"_jetpack_memberships_contains_paid_content":false,"footnotes":"","jetpack_publicize_message":"","jetpack_publicize_feature_enabled":true,"jetpack_social_post_already_shared":false,"jetpack_social_options":{"image_generator_settings":{"template":"highway","default_image_id":0,"enabled":false},"version":2}},"categories":[2,186,44,15],"tags":[2884,99,74],"class_list":["post-10610","post","type-post","status-publish","format-standard","has-post-thumbnail","hentry","category-atarfe","category-instituciones","category-noticias-de-hoy","category-ultimas-noticias","tag-huertos-ciudadanos","tag-medio-ambiente","tag-trabajo"],"jetpack_publicize_connections":[],"jetpack_featured_media_url":"https:\/\/i0.wp.com\/miradordeatarfe.es\/wp-content\/uploads\/2016\/07\/HUERTO3.jpg?fit=407%2C120&ssl=1","jetpack_likes_enabled":true,"jetpack_sharing_enabled":true,"_links":{"self":[{"href":"https:\/\/miradordeatarfe.es\/index.php?rest_route=\/wp\/v2\/posts\/10610","targetHints":{"allow":["GET"]}}],"collection":[{"href":"https:\/\/miradordeatarfe.es\/index.php?rest_route=\/wp\/v2\/posts"}],"about":[{"href":"https:\/\/miradordeatarfe.es\/index.php?rest_route=\/wp\/v2\/types\/post"}],"author":[{"embeddable":true,"href":"https:\/\/miradordeatarfe.es\/index.php?rest_route=\/wp\/v2\/users\/1"}],"replies":[{"embeddable":true,"href":"https:\/\/miradordeatarfe.es\/index.php?rest_route=%2Fwp%2Fv2%2Fcomments&post=10610"}],"version-history":[{"count":3,"href":"https:\/\/miradordeatarfe.es\/index.php?rest_route=\/wp\/v2\/posts\/10610\/revisions"}],"predecessor-version":[{"id":10615,"href":"https:\/\/miradordeatarfe.es\/index.php?rest_route=\/wp\/v2\/posts\/10610\/revisions\/10615"}],"wp:featuredmedia":[{"embeddable":true,"href":"https:\/\/miradordeatarfe.es\/index.php?rest_route=\/wp\/v2\/media\/10617"}],"wp:attachment":[{"href":"https:\/\/miradordeatarfe.es\/index.php?rest_route=%2Fwp%2Fv2%2Fmedia&parent=10610"}],"wp:term":[{"taxonomy":"category","embeddable":true,"href":"https:\/\/miradordeatarfe.es\/index.php?rest_route=%2Fwp%2Fv2%2Fcategories&post=10610"},{"taxonomy":"post_tag","embeddable":true,"href":"https:\/\/miradordeatarfe.es\/index.php?rest_route=%2Fwp%2Fv2%2Ftags&post=10610"}],"curies":[{"name":"wp","href":"https:\/\/api.w.org\/{rel}","templated":true}]}}