{"id":10620,"date":"2016-07-17T09:16:52","date_gmt":"2016-07-17T07:16:52","guid":{"rendered":"http:\/\/miradordeatarfe.es\/?p=10620"},"modified":"2016-07-17T09:46:21","modified_gmt":"2016-07-17T07:46:21","slug":"se-cumplen-80-anos-de-la-sublebacion-antirepublicana-en-granada","status":"publish","type":"post","link":"https:\/\/miradordeatarfe.es\/?p=10620","title":{"rendered":"SE CUMPLEN 80 A\u00d1OS DE LA SUBLEVACI\u00d3N ANTIREPUBLICANA EN GRANADA EL \u00ab20 A LAS 20\u00bb"},"content":{"rendered":"<p>EL PR\u00d3XIMO D\u00cdA <strong>20 DE JULIO DEL 2016\u00a0 A LAS 20:30 DE LA TARDE\u00a0<\/strong> SE CELEBRAR\u00c1 EL ACTO HOMENAJE EN LA <strong>TAPIA DEL CEMENTERIO DE GRANADA<\/strong> ORGANIZADO POR LA <span style=\"text-decoration: underline;\">ASOCIACI\u00d3N GRANADINA PARA LA RECUPERACI\u00d3N DE LA MEMORIA HISTORICA<\/span><\/p>\n<p><!--more--><\/p>\n<p>Los Familiares y el Colectivo Memorialista granadino,\u00a0 a una semana del\u00a0 <strong>ACTO DE HOMENAJE A LAS VICTIMAS DE LOS FUSILAMIENTOS EN LAS TAPIAS DEL CEMENTERIO DE GRANADA,<\/strong> quieren haceros llegar este recordatorio del mismo. Se va a celebrar, <strong>un a\u00f1o m\u00e1s, el \u00ab20 a las 20\u00bb,<\/strong> y no es un d\u00eda al azar sino la fecha en que en la Granada de 1936 \u00a0los sublevados tomaron el poder y comenzaron los Asesinatos de personas inocentes.<\/p>\n<p>Sabemos que es verano, somos conscientes de que har\u00e1 calor, tambi\u00e9n que todos los d\u00edas no reivindicamos unos hechos tan lamentables con un recuerdo emocionado, como m\u00ednimo a los MAS DE CUATRO MIL FUSILADOS EN EL CEMENTERIO DE GRANADA.<\/p>\n<p><wbr \/>Nos gustar\u00eda contar con vuestra presencia, es una causa justa&#8230;.<\/p>\n<p>Una tarde calurosa de verano, finales del mes de Julio en las tapias traseras del Cementerio de Granada&#8230;<br \/>\nLas sombras de los olivos contra el muro, parecen la premonici\u00f3n de los que a partir del 20 de Julio de 1936 les van a arrebatar sus vidas en ellas defendiendo sus ideas republicanas y su deseos de libertad!.<\/p>\n<p><a href=\"https:\/\/i0.wp.com\/miradordeatarfe.es\/wp-content\/uploads\/2016\/07\/13631644_1129667017094067_5710018312247502564_n.jpg?ssl=1\"><img data-recalc-dims=\"1\" loading=\"lazy\" decoding=\"async\" class=\"size-full wp-image-10622 aligncenter\" src=\"https:\/\/i0.wp.com\/miradordeatarfe.es\/wp-content\/uploads\/2016\/07\/13631644_1129667017094067_5710018312247502564_n.jpg?resize=424%2C600&#038;ssl=1\" alt=\"13631644_1129667017094067_5710018312247502564_n\" width=\"424\" height=\"600\" srcset=\"https:\/\/i0.wp.com\/miradordeatarfe.es\/wp-content\/uploads\/2016\/07\/13631644_1129667017094067_5710018312247502564_n.jpg?w=424&amp;ssl=1 424w, https:\/\/i0.wp.com\/miradordeatarfe.es\/wp-content\/uploads\/2016\/07\/13631644_1129667017094067_5710018312247502564_n.jpg?resize=212%2C300&amp;ssl=1 212w\" sizes=\"auto, (max-width: 424px) 100vw, 424px\" \/><\/a><\/p>\n<p>Se merecen un recuerdo y esta es una oportunidad de dignificar su sacrificio.<\/p>\n<h5 id=\"js_3\" class=\"_5pbw _11dd\" data-ft=\"{&quot;tn&quot;:&quot;C&quot;}\"><span class=\"fwn fcg\"><span class=\"fcg\"><span class=\"fwb\"><a id=\"js_12\" class=\"profileLink\" href=\"https:\/\/www.facebook.com\/Asociaci%C3%B3n-Granadina-para-la-Recuperaci%C3%B3n-de-la-Memoria-Hist%C3%B3rica-503791799681595\/\" data-ft=\"{&quot;tn&quot;:&quot;k&quot;}\" data-hovercard=\"\/ajax\/hovercard\/page.php?id=503791799681595\">Asociaci\u00f3n Granadina para la Recuperaci\u00f3n de la Memoria Hist\u00f3rica<\/a><\/span><\/span><\/span><\/h5>\n","protected":false},"excerpt":{"rendered":"<p>EL PR\u00d3XIMO D\u00cdA 20 DE JULIO DEL 2016\u00a0 A LAS 20:30 DE LA TARDE\u00a0 SE&#8230;<\/p>\n","protected":false},"author":1,"featured_media":10621,"comment_status":"closed","ping_status":"closed","sticky":false,"template":"","format":"standard","meta":{"_coblocks_attr":"","_coblocks_dimensions":"","_coblocks_responsive_height":"","_coblocks_accordion_ie_support":"","jetpack_post_was_ever_published":false,"_jetpack_newsletter_access":"","_jetpack_dont_email_post_to_subs":false,"_jetpack_newsletter_tier_id":0,"_jetpack_memberships_contains_paywalled_content":false,"_jetpack_memberships_contains_paid_content":false,"footnotes":"","jetpack_publicize_message":"","jetpack_publicize_feature_enabled":true,"jetpack_social_post_already_shared":false,"jetpack_social_options":{"image_generator_settings":{"template":"highway","default_image_id":0,"enabled":false},"version":2}},"categories":[44,15],"tags":[455],"class_list":["post-10620","post","type-post","status-publish","format-standard","has-post-thumbnail","hentry","category-noticias-de-hoy","category-ultimas-noticias","tag-memoria-historica"],"jetpack_publicize_connections":[],"jetpack_featured_media_url":"https:\/\/i0.wp.com\/miradordeatarfe.es\/wp-content\/uploads\/2016\/07\/13718780_1129666940427408_1151763255867179123_n.jpg?fit=911%2C394&ssl=1","jetpack_likes_enabled":true,"jetpack_sharing_enabled":true,"_links":{"self":[{"href":"https:\/\/miradordeatarfe.es\/index.php?rest_route=\/wp\/v2\/posts\/10620","targetHints":{"allow":["GET"]}}],"collection":[{"href":"https:\/\/miradordeatarfe.es\/index.php?rest_route=\/wp\/v2\/posts"}],"about":[{"href":"https:\/\/miradordeatarfe.es\/index.php?rest_route=\/wp\/v2\/types\/post"}],"author":[{"embeddable":true,"href":"https:\/\/miradordeatarfe.es\/index.php?rest_route=\/wp\/v2\/users\/1"}],"replies":[{"embeddable":true,"href":"https:\/\/miradordeatarfe.es\/index.php?rest_route=%2Fwp%2Fv2%2Fcomments&post=10620"}],"version-history":[{"count":6,"href":"https:\/\/miradordeatarfe.es\/index.php?rest_route=\/wp\/v2\/posts\/10620\/revisions"}],"predecessor-version":[{"id":10640,"href":"https:\/\/miradordeatarfe.es\/index.php?rest_route=\/wp\/v2\/posts\/10620\/revisions\/10640"}],"wp:featuredmedia":[{"embeddable":true,"href":"https:\/\/miradordeatarfe.es\/index.php?rest_route=\/wp\/v2\/media\/10621"}],"wp:attachment":[{"href":"https:\/\/miradordeatarfe.es\/index.php?rest_route=%2Fwp%2Fv2%2Fmedia&parent=10620"}],"wp:term":[{"taxonomy":"category","embeddable":true,"href":"https:\/\/miradordeatarfe.es\/index.php?rest_route=%2Fwp%2Fv2%2Fcategories&post=10620"},{"taxonomy":"post_tag","embeddable":true,"href":"https:\/\/miradordeatarfe.es\/index.php?rest_route=%2Fwp%2Fv2%2Ftags&post=10620"}],"curies":[{"name":"wp","href":"https:\/\/api.w.org\/{rel}","templated":true}]}}