{"id":10626,"date":"2016-07-17T06:36:21","date_gmt":"2016-07-17T04:36:21","guid":{"rendered":"http:\/\/miradordeatarfe.es\/?p=10626"},"modified":"2016-07-15T18:07:55","modified_gmt":"2016-07-15T16:07:55","slug":"aguasvira-ha-instruido-ya-a-mas-de-150-escolares-en-el-buen-uso-del-agua-y-el-cuidado-del-medio-ambiente","status":"publish","type":"post","link":"https:\/\/miradordeatarfe.es\/?p=10626","title":{"rendered":"AGUASVIRA HA INSTRUIDO YA A M\u00c1S DE 150 ESCOLARES EN EL BUEN USO DEL AGUA Y EL CUIDADO DEL MEDIO AMBIENTE"},"content":{"rendered":"<div class=\"column1\">\n<div id=\"highlight\" class=\"mar1Bottom\">\n<div class=\"box\">\n<div class=\"boxcontent\">\n<div class=\"txt cBlue1\">\n<p style=\"text-align: justify;\"><b>El CEIP MEDINA ELVIRA\u00a0 de Atarfe, junto con otros centros de Albolote, Cijuela y Calicasas se han beneficiado del programa de Aqualog\u00eda<\/b><\/p>\n<p style=\"text-align: justify;\"><!--more--><\/p>\n<p style=\"text-align: justify;\">M\u00e1s de 150 escolares de municipios del cintur\u00f3n han aprendido en sus aulas a hacer uso racional y sostenible del agua y a cuidar al medio ambiente y los recursos naturales gracias al programa \u2018Aqualog\u00eda\u2019, desarrollado por Aguasvira, la empresa que gestiona el ciclo integral del agua en 22 municipios de la zona norte del \u00e1rea metropolitana de Granada y que se encuentra integrada en el Consorcio Vega-Sierra Elvira y participada por el grupo andaluz Hidralia.<\/p>\n<p style=\"text-align: justify;\">En lo que va de a\u00f1o, el programa, impartido por un educador con ayuda de instrumentos digitales y din\u00e1micas de grupo, se ha realizado con \u00e9xito ante alumnos de tercero de Primaria de los colegios \u2018Abad\u00eda\u2019 de Albolote, <strong>\u2018Medina Elvira\u2019 de Atarfe<\/strong>, \u2018Nuestra Se\u00f1ora del Rosario\u2019 de Calicasas y \u2018Rogelio Arasil Esteban\u2019, de Cijuela.<\/p>\n<p style=\"text-align: justify;\">Seg\u00fan el director-gerente de Aguasvira, Gonzalo Jim\u00e9nez, el programa educativo es \u201cm\u00e1s ambicioso\u201d y se quiere llevar\u00a0 a m\u00e1s colegios de su entorno, \u201cpara que el agua y el medio ambiente est\u00e9n presentes entre los escolares y as\u00ed contribuir a la difusi\u00f3n de la cultura e importancia de un desarrollo sostenible y del cuidado de la naturaleza y sus elementos\u201d.<\/p>\n<p style=\"text-align: justify;\">El programa tiene al agua como protagonista y la presenta desde un una perspectiva y un punto de vista acorde y ajustado con los retos y oportunidades del mundo actual y futuro: inteligente, saludable y sostenible. As\u00ed, con la ayuda del educador, y de cinco personajes imaginarios, se desarrollan talleres sobre el ciclo integral del agua con la intenci\u00f3n de fomentar entre los alumnos una actitud positiva ante el medio ambiente.<\/p>\n<p style=\"text-align: justify;\">Los alumnos realizan actividades pr\u00e1cticas donde, en funci\u00f3n del nivel educativo, son parte activa en el desarrollo de un cuento, construyen el ciclo del agua a partir de sus conocimientos previos, juegan a descubrir el consumo de agua en un centro educativo, descubren la red de transporte de aguas, simulan la gesti\u00f3n del agua de una ciudad, reflexionan sobre c\u00f3mo ahorrar agua y c\u00f3mo evitar que se ensucie, experimentan t\u00e9cnicas de laboratorio para analizar y limpiar el agua, etc\u2026. Todo ello para llegar a construir los conocimientos te\u00f3ricos que plantea el programa: potabilizaci\u00f3n, consumo, depuraci\u00f3n, reutilizaci\u00f3n y retorno al medio.<\/p>\n<p style=\"text-align: justify;\">\u201cSe trata &#8211; a\u00f1adi\u00f3 el presidente del Consorcio Vega-Sierra Elvira, Noel L\u00f3pez- &#8211; de que los peque\u00f1os conozcan y aprendan, de manera divertida y \u00e1gil, el ciclo integral del agua en sus municipios, y mediante los juegos puedan trabajar en clase qu\u00e9 uso del agua se hace en el colegio, c\u00f3mo llega el agua a sus casas o qu\u00e9 tratamientos se deben hacer para poder beberla o para devolverla al medio natural\u201d.<\/p>\n<p style=\"text-align: justify;\">Los objetivos educativos de Aqualog\u00eda, al margen de promover el uso racional del agua, pasan, por\u00a0 concienciar a los escolares sobre la importancia del agua y el medio ambiente, acercar a los escolares el conocimiento de los ciclos natural y urbano del agua, potenciar la participaci\u00f3n y poner a disposici\u00f3n de los profesores un recurso did\u00e1ctico adaptado al curr\u00edculum de cada ciclo educativo.<\/p>\n<\/div>\n<p><a href=\"http:\/\/www.aguasvira.net\/ESP\/26_2700.asp\">http:\/\/www.aguasvira.net\/ESP\/26_2700.asp<\/a><\/p>\n<\/div>\n<\/div>\n<\/div>\n<\/div>\n<p>&nbsp;<\/p>\n","protected":false},"excerpt":{"rendered":"<p>El CEIP MEDINA ELVIRA\u00a0 de Atarfe, junto con otros centros de Albolote, Cijuela y Calicasas&#8230;<\/p>\n","protected":false},"author":1,"featured_media":10627,"comment_status":"closed","ping_status":"closed","sticky":false,"template":"","format":"standard","meta":{"_coblocks_attr":"","_coblocks_dimensions":"","_coblocks_responsive_height":"","_coblocks_accordion_ie_support":"","jetpack_post_was_ever_published":false,"_jetpack_newsletter_access":"","_jetpack_dont_email_post_to_subs":false,"_jetpack_newsletter_tier_id":0,"_jetpack_memberships_contains_paywalled_content":false,"_jetpack_memberships_contains_paid_content":false,"footnotes":"","jetpack_publicize_message":"","jetpack_publicize_feature_enabled":true,"jetpack_social_post_already_shared":false,"jetpack_social_options":{"image_generator_settings":{"template":"highway","default_image_id":0,"enabled":false},"version":2}},"categories":[2,187,44,15,10],"tags":[977,81,2885,248],"class_list":["post-10626","post","type-post","status-publish","format-standard","has-post-thumbnail","hentry","category-atarfe","category-centros-educativos","category-noticias-de-hoy","category-ultimas-noticias","category-salud","tag-aguasvira","tag-atarfe","tag-ceip-medina-elvira","tag-talleres"],"jetpack_publicize_connections":[],"jetpack_featured_media_url":"https:\/\/i0.wp.com\/miradordeatarfe.es\/wp-content\/uploads\/2016\/07\/Aguasvira_ColegiosX250.jpg?fit=250%2C188&ssl=1","jetpack_likes_enabled":true,"jetpack_sharing_enabled":true,"_links":{"self":[{"href":"https:\/\/miradordeatarfe.es\/index.php?rest_route=\/wp\/v2\/posts\/10626","targetHints":{"allow":["GET"]}}],"collection":[{"href":"https:\/\/miradordeatarfe.es\/index.php?rest_route=\/wp\/v2\/posts"}],"about":[{"href":"https:\/\/miradordeatarfe.es\/index.php?rest_route=\/wp\/v2\/types\/post"}],"author":[{"embeddable":true,"href":"https:\/\/miradordeatarfe.es\/index.php?rest_route=\/wp\/v2\/users\/1"}],"replies":[{"embeddable":true,"href":"https:\/\/miradordeatarfe.es\/index.php?rest_route=%2Fwp%2Fv2%2Fcomments&post=10626"}],"version-history":[{"count":1,"href":"https:\/\/miradordeatarfe.es\/index.php?rest_route=\/wp\/v2\/posts\/10626\/revisions"}],"predecessor-version":[{"id":10628,"href":"https:\/\/miradordeatarfe.es\/index.php?rest_route=\/wp\/v2\/posts\/10626\/revisions\/10628"}],"wp:featuredmedia":[{"embeddable":true,"href":"https:\/\/miradordeatarfe.es\/index.php?rest_route=\/wp\/v2\/media\/10627"}],"wp:attachment":[{"href":"https:\/\/miradordeatarfe.es\/index.php?rest_route=%2Fwp%2Fv2%2Fmedia&parent=10626"}],"wp:term":[{"taxonomy":"category","embeddable":true,"href":"https:\/\/miradordeatarfe.es\/index.php?rest_route=%2Fwp%2Fv2%2Fcategories&post=10626"},{"taxonomy":"post_tag","embeddable":true,"href":"https:\/\/miradordeatarfe.es\/index.php?rest_route=%2Fwp%2Fv2%2Ftags&post=10626"}],"curies":[{"name":"wp","href":"https:\/\/api.w.org\/{rel}","templated":true}]}}