{"id":10641,"date":"2016-07-16T09:09:43","date_gmt":"2016-07-16T07:09:43","guid":{"rendered":"http:\/\/miradordeatarfe.es\/?p=10641"},"modified":"2016-07-16T15:47:00","modified_gmt":"2016-07-16T13:47:00","slug":"atarfe-se-solidariza-con-francia-tras-el-ultimo-atentado","status":"publish","type":"post","link":"https:\/\/miradordeatarfe.es\/?p=10641","title":{"rendered":"Atarfe se solidariza con Francia tras el \u00faltimo atentado"},"content":{"rendered":"<p><span class=\"contenidos_subtitulo\">Medio centenar de vecinos se concentra a las puertas del Ayuntamiento para condenar el \u00faltimo acto terrorista ocurrido en Niza y solidarizarse con las v\u00edctimas y sus familiares.<\/span><br \/>\n<!--more--><\/p>\n<p>Atarfe se ha sumado este mediod\u00eda a los actos de condena por el atentado en Niza y ha guardado un minuto de silencio en recuerdo de las v\u00edctimas y en solidaridad con las familias y el pueblo franc\u00e9s.<\/p>\n<p>Representantes pol\u00edticos, miembros de las Fuerzas de Seguridad, trabajadores del Ayuntamiento y vecinos de Atarfe se han concentrado a las puertas del Consistorio para mostrar su m\u00e1s en\u00e9rgica repulsa al \u00faltimo atentado que se ha cobrado la vida de 84 personas.<\/p>\n<p>El alcalde Francisco Rodr\u00edguez Quesada ha recordado a las v\u00edctimas del brutal atentado y ha hecho una reflexi\u00f3n sobre la necesidad de defender el di\u00e1logo como mejor forma de resolver los problemas de los ciudadanos. \u00abQue este minuto de silencio se convierta en un grito por la paz\u00bb, ha subrayado.<\/p>\n<p>Las banderas del balc\u00f3n consistorial han ondeado a media asta y, tras el minuto de silencio, el p\u00fablico ha prorrumpido en un aplauso con el que se ha dado por finalizada la concentraci\u00f3n.<\/p>\n<p><a href=\"https:\/\/i0.wp.com\/miradordeatarfe.es\/wp-content\/uploads\/2016\/07\/NIZA.jpg?ssl=1\"><img data-recalc-dims=\"1\" loading=\"lazy\" decoding=\"async\" class=\"alignnone size-full wp-image-10642\" src=\"https:\/\/i0.wp.com\/miradordeatarfe.es\/wp-content\/uploads\/2016\/07\/NIZA.jpg?resize=442%2C295&#038;ssl=1\" alt=\"NIZA\" width=\"442\" height=\"295\" srcset=\"https:\/\/i0.wp.com\/miradordeatarfe.es\/wp-content\/uploads\/2016\/07\/NIZA.jpg?w=442&amp;ssl=1 442w, https:\/\/i0.wp.com\/miradordeatarfe.es\/wp-content\/uploads\/2016\/07\/NIZA.jpg?resize=300%2C200&amp;ssl=1 300w\" sizes=\"auto, (max-width: 442px) 100vw, 442px\" \/><\/a><\/p>\n<p>&nbsp;<\/p>\n<div align=\"right\"><a href=\"http:\/\/www.ciudadatarfe.com\/index.php\"><img data-recalc-dims=\"1\" decoding=\"async\" src=\"https:\/\/i0.wp.com\/www.ciudadatarfe.com\/imagenes\/boton_volver.gif?w=640\" alt=\"Volver al Listado\" align=\"absmiddle\" border=\"0\" \/><\/a><\/div>\n","protected":false},"excerpt":{"rendered":"<p>Medio centenar de vecinos se concentra a las puertas del Ayuntamiento para condenar el \u00faltimo&#8230;<\/p>\n","protected":false},"author":1,"featured_media":10644,"comment_status":"closed","ping_status":"closed","sticky":false,"template":"","format":"standard","meta":{"_coblocks_attr":"","_coblocks_dimensions":"","_coblocks_responsive_height":"","_coblocks_accordion_ie_support":"","jetpack_post_was_ever_published":false,"_jetpack_newsletter_access":"","_jetpack_dont_email_post_to_subs":false,"_jetpack_newsletter_tier_id":0,"_jetpack_memberships_contains_paywalled_content":false,"_jetpack_memberships_contains_paid_content":false,"footnotes":"","jetpack_publicize_message":"","jetpack_publicize_feature_enabled":true,"jetpack_social_post_already_shared":false,"jetpack_social_options":{"image_generator_settings":{"template":"highway","default_image_id":0,"enabled":false},"version":2}},"categories":[2,1161,44,15],"tags":[81,1864],"class_list":["post-10641","post","type-post","status-publish","format-standard","has-post-thumbnail","hentry","category-atarfe","category-ciudadania","category-noticias-de-hoy","category-ultimas-noticias","tag-atarfe","tag-solidaridad"],"jetpack_publicize_connections":[],"jetpack_featured_media_url":"https:\/\/i0.wp.com\/miradordeatarfe.es\/wp-content\/uploads\/2016\/07\/unnamed-1.jpg?fit=127%2C85&ssl=1","jetpack_likes_enabled":true,"jetpack_sharing_enabled":true,"_links":{"self":[{"href":"https:\/\/miradordeatarfe.es\/index.php?rest_route=\/wp\/v2\/posts\/10641","targetHints":{"allow":["GET"]}}],"collection":[{"href":"https:\/\/miradordeatarfe.es\/index.php?rest_route=\/wp\/v2\/posts"}],"about":[{"href":"https:\/\/miradordeatarfe.es\/index.php?rest_route=\/wp\/v2\/types\/post"}],"author":[{"embeddable":true,"href":"https:\/\/miradordeatarfe.es\/index.php?rest_route=\/wp\/v2\/users\/1"}],"replies":[{"embeddable":true,"href":"https:\/\/miradordeatarfe.es\/index.php?rest_route=%2Fwp%2Fv2%2Fcomments&post=10641"}],"version-history":[{"count":1,"href":"https:\/\/miradordeatarfe.es\/index.php?rest_route=\/wp\/v2\/posts\/10641\/revisions"}],"predecessor-version":[{"id":10643,"href":"https:\/\/miradordeatarfe.es\/index.php?rest_route=\/wp\/v2\/posts\/10641\/revisions\/10643"}],"wp:featuredmedia":[{"embeddable":true,"href":"https:\/\/miradordeatarfe.es\/index.php?rest_route=\/wp\/v2\/media\/10644"}],"wp:attachment":[{"href":"https:\/\/miradordeatarfe.es\/index.php?rest_route=%2Fwp%2Fv2%2Fmedia&parent=10641"}],"wp:term":[{"taxonomy":"category","embeddable":true,"href":"https:\/\/miradordeatarfe.es\/index.php?rest_route=%2Fwp%2Fv2%2Fcategories&post=10641"},{"taxonomy":"post_tag","embeddable":true,"href":"https:\/\/miradordeatarfe.es\/index.php?rest_route=%2Fwp%2Fv2%2Ftags&post=10641"}],"curies":[{"name":"wp","href":"https:\/\/api.w.org\/{rel}","templated":true}]}}