{"id":10645,"date":"2016-07-17T08:49:29","date_gmt":"2016-07-17T06:49:29","guid":{"rendered":"http:\/\/miradordeatarfe.es\/?p=10645"},"modified":"2016-07-16T15:52:15","modified_gmt":"2016-07-16T13:52:15","slug":"aguasvira-crea-un-protocolo-pionero-que-garantiza-el-suministro-de-agua-a-familias-en-riesgo-de-exclusion","status":"publish","type":"post","link":"https:\/\/miradordeatarfe.es\/?p=10645","title":{"rendered":"Aguasvira crea un protocolo pionero que garantiza el suministro de agua a familias en riesgo de exclusi\u00f3n"},"content":{"rendered":"<p>El documento es \u00ab<strong>un compromiso con los sectores sociales<\/strong> \u00abque han visto c\u00f3mo la crisis econ\u00f3mica ha empeorado sus condiciones\u00bb<!--more--><\/p>\n<p style=\"text-align: justify;\">El Consejo de Administraci\u00f3n de <strong>Aguasvira<\/strong>, empresa que presta servicio en 22 municipios de la zona Norte del <strong>\u00c1rea Metropolitana<\/strong> de Granada, ha aprobado este viernes un protocolo pionero para garantizar el suministro de agua a familias con vulnerabilidad econ\u00f3mica y en riesgo de exclusi\u00f3n social.<\/p>\n<p style=\"text-align: justify;\">El documento, el primero de estas caracter\u00edsticas que se ponen en marcha en Andaluc\u00eda, es \u201cun compromiso\u201d con los sectores sociales \u201cque han visto c\u00f3mo la crisis econ\u00f3mica ha empeorado sus condiciones y viven en el umbral de la pobreza\u201d, ha explicado el presidente del Consorcio Vega-Sierra Elvira, Noel L\u00f3pez, tras la aprobaci\u00f3n del denominado \u2018Protocolo regulador de medidas contra la pobreza h\u00eddrica y la vulnerabilidad econ\u00f3mica\u2019.<\/p>\n<p style=\"text-align: justify;\">\u201cSe trata de poder garantizar el servicio de agua a todas las personas y familias que se encuentren en una situaci\u00f3n econ\u00f3mica complicada\u201d, ha agregado L\u00f3pez. Seg\u00fan ha explicado, lo que se pretende es que se eviten cortes en el suministro a las personas \u201cque no pueden hacer frente a estos gastos\u201d. \u201cEs una medida solidaria que ponemos en marcha porque debemos tener una cosa muy clara: el agua debe ser asequible para todo el mundo\u201d, ha dicho.<\/p>\n<p style=\"text-align: justify;\">Con este protocolo es fundamental que el usuario afectado contacte con la compa\u00f1\u00eda suministradora para exponer su delicada situaci\u00f3n, o bien con los Servicios Sociales del Ayuntamiento correspondiente para acogerse al plan.<\/p>\n<p style=\"text-align: justify;\">El director-gerente de Aguasvira, compa\u00f1\u00eda participada por Hidralia, Gonzalo Jim\u00e9nez, ha explicado que esta medida \u201crefuerza la coordinaci\u00f3n con los servicios sociales y las ONGs para detectar los s\u00edntomas que impiden a familias vulnerables hacer frente a los pagos\u201d.<\/p>\n<p style=\"text-align: justify;\">\u201cEs un primer paso, pero una garant\u00eda y un compromiso con todos nuestros usuarios\u201d, ha concluido.<\/p>\n","protected":false},"excerpt":{"rendered":"<p>El documento es \u00abun compromiso con los sectores sociales \u00abque han visto c\u00f3mo la crisis&#8230;<\/p>\n","protected":false},"author":1,"featured_media":10646,"comment_status":"closed","ping_status":"closed","sticky":false,"template":"","format":"standard","meta":{"_coblocks_attr":"","_coblocks_dimensions":"","_coblocks_responsive_height":"","_coblocks_accordion_ie_support":"","jetpack_post_was_ever_published":false,"_jetpack_newsletter_access":"","_jetpack_dont_email_post_to_subs":false,"_jetpack_newsletter_tier_id":0,"_jetpack_memberships_contains_paywalled_content":false,"_jetpack_memberships_contains_paid_content":false,"footnotes":"","jetpack_publicize_message":"","jetpack_publicize_feature_enabled":true,"jetpack_social_post_already_shared":false,"jetpack_social_options":{"image_generator_settings":{"template":"highway","default_image_id":0,"enabled":false},"version":2}},"categories":[2,1161,186,44,15],"tags":[977,81,49,2887],"class_list":["post-10645","post","type-post","status-publish","format-standard","has-post-thumbnail","hentry","category-atarfe","category-ciudadania","category-instituciones","category-noticias-de-hoy","category-ultimas-noticias","tag-aguasvira","tag-atarfe","tag-pobreza","tag-protocolo"],"jetpack_publicize_connections":[],"jetpack_featured_media_url":"https:\/\/i0.wp.com\/miradordeatarfe.es\/wp-content\/uploads\/2016\/07\/Consejo-Aguasvira-552x311.jpg?fit=552%2C311&ssl=1","jetpack_likes_enabled":true,"jetpack_sharing_enabled":true,"_links":{"self":[{"href":"https:\/\/miradordeatarfe.es\/index.php?rest_route=\/wp\/v2\/posts\/10645","targetHints":{"allow":["GET"]}}],"collection":[{"href":"https:\/\/miradordeatarfe.es\/index.php?rest_route=\/wp\/v2\/posts"}],"about":[{"href":"https:\/\/miradordeatarfe.es\/index.php?rest_route=\/wp\/v2\/types\/post"}],"author":[{"embeddable":true,"href":"https:\/\/miradordeatarfe.es\/index.php?rest_route=\/wp\/v2\/users\/1"}],"replies":[{"embeddable":true,"href":"https:\/\/miradordeatarfe.es\/index.php?rest_route=%2Fwp%2Fv2%2Fcomments&post=10645"}],"version-history":[{"count":1,"href":"https:\/\/miradordeatarfe.es\/index.php?rest_route=\/wp\/v2\/posts\/10645\/revisions"}],"predecessor-version":[{"id":10647,"href":"https:\/\/miradordeatarfe.es\/index.php?rest_route=\/wp\/v2\/posts\/10645\/revisions\/10647"}],"wp:featuredmedia":[{"embeddable":true,"href":"https:\/\/miradordeatarfe.es\/index.php?rest_route=\/wp\/v2\/media\/10646"}],"wp:attachment":[{"href":"https:\/\/miradordeatarfe.es\/index.php?rest_route=%2Fwp%2Fv2%2Fmedia&parent=10645"}],"wp:term":[{"taxonomy":"category","embeddable":true,"href":"https:\/\/miradordeatarfe.es\/index.php?rest_route=%2Fwp%2Fv2%2Fcategories&post=10645"},{"taxonomy":"post_tag","embeddable":true,"href":"https:\/\/miradordeatarfe.es\/index.php?rest_route=%2Fwp%2Fv2%2Ftags&post=10645"}],"curies":[{"name":"wp","href":"https:\/\/api.w.org\/{rel}","templated":true}]}}