{"id":10660,"date":"2016-07-24T08:40:50","date_gmt":"2016-07-24T06:40:50","guid":{"rendered":"http:\/\/miradordeatarfe.es\/?p=10660"},"modified":"2016-07-21T17:44:56","modified_gmt":"2016-07-21T15:44:56","slug":"viva-el-glorioso-alzamiento-nacional-por-juan-alfredo-bellon","status":"publish","type":"post","link":"https:\/\/miradordeatarfe.es\/?p=10660","title":{"rendered":"VIVA EL GLORIOSO ALZAMIENTO NACIONAL  Por Juan Alfredo Bell\u00f3n,"},"content":{"rendered":"<p style=\"text-align: justify;\"><i><b>VIVA EL GLORIOSO ALZAMIENTO NACIONAL<\/b><\/i><\/p>\n<p style=\"text-align: justify;\"><b>Por Juan Alfredo Bell\u00f3n, del domingo 24-07-2016<\/b><\/p>\n<p style=\"text-align: justify;\"><b> <\/b>Hab\u00eda pensado dedicar la columna de la semana pasada al 80 aniversario del levantamiento fascista y anticonstitucional del 18 de julio de 1936 y (lo que son las cosas) me fui enredando en la prosa period\u00edstica de la glosa de proximidad en que suelen consistir estas colaboraciones hasta llegar a un nuevo t\u00edtulo (POBRE DE M\u00cd) con el que pretend\u00eda relacionar el canto de despedida de los Sanfermines (se acab\u00f3 la fiesta) con la terminaci\u00f3n de la alegr\u00eda original y juvenil de quienes hab\u00edamos de enfrentarnos a partir de ahora con las consecuencias dolorosas de la coyuntura social y pol\u00edtica local, regional, nacional e Internacional. Total que en vez de concluir recordando y criticando la intentona golpista que acab\u00f3 arrastr\u00e1ndonos a una cruel\u00edsima Guerra Civil que todos los historiadores consideran antesala de la Segunda Guerra Mundial, me enzarc\u00e9 en el pobre de m\u00ed y pobres de nosotros que estamos sufriendo la masacre de Niza, a camionazo limpio, y otros cr\u00edmenes de lesa humanidad como los de Turqu\u00eda, La Meca, Siria, Iraq y Afganist\u00e1n, que tampoco son moco de pavo.<\/p>\n<p style=\"text-align: justify;\">Y h\u00e9teme aqu\u00ed que anteayer levanto la prensa diaria granadina y leo que, en sesi\u00f3n p\u00fablica de una comisi\u00f3n municipal. la concejal <i>residual<\/i> del PP capitalino de Granada, Telesfora Ruiz, ha intervenido pomposamente rectificando a quien propon\u00eda dedicar varias calles del callejero local a los acaldes de la etapa republicana cruel e ilegalmente ejecutados por las autoridades fascistas que se hab\u00eda sublevado contra la legalidad de la Segunda Rep\u00fablica el 18 de julio de 1936. Luego de un sonado rifirafe a prop\u00f3sito de tal salida de tono democr\u00e1tico, la se\u00f1ora <i>Telesf\u00e9rica,<\/i> que tanto nos machac\u00f3 a los albaycineros y al resto de los granadinos con sus ocurrencias constates en el terreno del \u00e1rea de Movilidad que con Torres Hurtado <i>detent\u00f3, <\/i>intent\u00f3 recular achacando a la iron\u00eda su calificaci\u00f3n encomi\u00e1stica del Golpe Militar Fascista, pero dejando clara su inclinaci\u00f3n indudable no a la <i>movilidad ciudadana <\/i>sino<i> al Movimiento Nacional, <\/i>nombre con que se conoc\u00eda desde 1936 a la operaci\u00f3n franquista que subyug\u00f3 a Espa\u00f1a durante los siguientes cuarenta tr\u00e1gicos a\u00f1os.<\/p>\n<p style=\"text-align: justify;\">Sabe la se\u00f1ora Ruiz y las personas, como ella, proclives al fascismo, que hoy no debe jugarse con las cosas de comer ni con los derechos sacrosantos de las personas y menos cuando han sido los de su condici\u00f3n sediciosa quienes privaron sistem\u00e1ticamente de ellos, incluyendo la libertad y la vida, a quienes solo pretend\u00edan su disfrute en beneficio del bien com\u00fan y de la sociedad. Y sabemos nosotros, que hemos pasado buena parte de nuestra vida bajo la amenaza de personas de su condici\u00f3n, cu\u00e1l era la clase de humor que esgrim\u00eda el general golpista y sedicioso Queipo de Llano cuando ordenaba dar a detenidos como Federico Garc\u00eda Lorca \u201ccaf\u00e9, mucho caf\u00e9\u201d haciendo un macabro juego de palabras con las siglas de la frase \u201cCamaradas: arriba Falange Espa\u00f1ola\u201d. As\u00ed de glorioso fue y sigue siendo su <i>glorioso alzamiento nacional <\/i>y as\u00ed de gracioso el humor del que alardean en lugares p\u00fablicos y en el ejercicio de su autoridad delegada por el pueblo soberano.<\/p>\n<p style=\"text-align: justify;\">Y como quiera que su nombre significa en griego a la hija de Esculapio, &#8216;encargada de cuidar la salud y la convalecencia&#8217;, perm\u00edtaseme que le dedique la letra de una petenera en la que, con una leve licencia por venir al caso, se resume la sabidur\u00eda popular que el flamenco destila en sus <i>quej\u00edos<\/i> m\u00e1s habituales: <i>Quien te te puso Telesfora \/ no supo ponerte nombre, \/ deb\u00eda de haberte puesto, \/ prima, mira t\u00fa qu\u00e9 pista, \/ Telesf\u00e9rica, fascista \/ y amiga de Pepe Torres.<\/i><\/p>\n","protected":false},"excerpt":{"rendered":"<p>VIVA EL GLORIOSO ALZAMIENTO NACIONAL Por Juan Alfredo Bell\u00f3n, del domingo 24-07-2016 Hab\u00eda pensado dedicar&#8230;<\/p>\n","protected":false},"author":1,"featured_media":10661,"comment_status":"closed","ping_status":"closed","sticky":false,"template":"","format":"standard","meta":{"_coblocks_attr":"","_coblocks_dimensions":"","_coblocks_responsive_height":"","_coblocks_accordion_ie_support":"","jetpack_post_was_ever_published":false,"_jetpack_newsletter_access":"","_jetpack_dont_email_post_to_subs":false,"_jetpack_newsletter_tier_id":0,"_jetpack_memberships_contains_paywalled_content":false,"_jetpack_memberships_contains_paid_content":false,"footnotes":"","jetpack_publicize_message":"","jetpack_publicize_feature_enabled":true,"jetpack_social_post_already_shared":false,"jetpack_social_options":{"image_generator_settings":{"template":"highway","default_image_id":0,"enabled":false},"version":2}},"categories":[36,44,15],"tags":[],"class_list":["post-10660","post","type-post","status-publish","format-standard","has-post-thumbnail","hentry","category-opinion-de-juan-alfredo-bellon","category-noticias-de-hoy","category-ultimas-noticias"],"jetpack_publicize_connections":[],"jetpack_featured_media_url":"https:\/\/i0.wp.com\/miradordeatarfe.es\/wp-content\/uploads\/2016\/07\/58.jpg?fit=1000%2C567&ssl=1","jetpack_likes_enabled":true,"jetpack_sharing_enabled":true,"_links":{"self":[{"href":"https:\/\/miradordeatarfe.es\/index.php?rest_route=\/wp\/v2\/posts\/10660","targetHints":{"allow":["GET"]}}],"collection":[{"href":"https:\/\/miradordeatarfe.es\/index.php?rest_route=\/wp\/v2\/posts"}],"about":[{"href":"https:\/\/miradordeatarfe.es\/index.php?rest_route=\/wp\/v2\/types\/post"}],"author":[{"embeddable":true,"href":"https:\/\/miradordeatarfe.es\/index.php?rest_route=\/wp\/v2\/users\/1"}],"replies":[{"embeddable":true,"href":"https:\/\/miradordeatarfe.es\/index.php?rest_route=%2Fwp%2Fv2%2Fcomments&post=10660"}],"version-history":[{"count":1,"href":"https:\/\/miradordeatarfe.es\/index.php?rest_route=\/wp\/v2\/posts\/10660\/revisions"}],"predecessor-version":[{"id":10662,"href":"https:\/\/miradordeatarfe.es\/index.php?rest_route=\/wp\/v2\/posts\/10660\/revisions\/10662"}],"wp:featuredmedia":[{"embeddable":true,"href":"https:\/\/miradordeatarfe.es\/index.php?rest_route=\/wp\/v2\/media\/10661"}],"wp:attachment":[{"href":"https:\/\/miradordeatarfe.es\/index.php?rest_route=%2Fwp%2Fv2%2Fmedia&parent=10660"}],"wp:term":[{"taxonomy":"category","embeddable":true,"href":"https:\/\/miradordeatarfe.es\/index.php?rest_route=%2Fwp%2Fv2%2Fcategories&post=10660"},{"taxonomy":"post_tag","embeddable":true,"href":"https:\/\/miradordeatarfe.es\/index.php?rest_route=%2Fwp%2Fv2%2Ftags&post=10660"}],"curies":[{"name":"wp","href":"https:\/\/api.w.org\/{rel}","templated":true}]}}