{"id":10858,"date":"2016-09-10T10:21:34","date_gmt":"2016-09-10T08:21:34","guid":{"rendered":"http:\/\/miradordeatarfe.es\/?p=10858"},"modified":"2019-12-28T12:52:43","modified_gmt":"2019-12-28T11:52:43","slug":"monumento-al-dr-jimenez-rueda-por-jose-enrique-granados","status":"publish","type":"post","link":"https:\/\/miradordeatarfe.es\/?p=10858","title":{"rendered":"\u00abMONUMENTO AL DR JIMENEZ RUEDA\u00bb por Jos\u00e9 Enrique Granados"},"content":{"rendered":"<p style=\"text-align: justify;\">En julio de 1954 el ayuntamiento solicit\u00f3 la colaboraci\u00f3n de los vecinos para erigir un monumento al Dr. Jim\u00e9nez Rueda, elaborando el texto que transcribimos a continuaci\u00f3n. Desconocemos el por qu\u00e9 no se levant\u00f3.<!--more--><\/p>\n<p style=\"text-align: justify;\">Como ilustraci\u00f3n a la entrada hemos elegido la firma de tal insigne matem\u00e1tico, extractada de un documento familiar en la que \u00e9l actuaba como testigo.<\/p>\n<p style=\"text-align: justify;\">\u201cAtarfe\u00f1os, recogiendo el sentir general de los vecinos de este pueblo, el Ayuntamiento, en sesi\u00f3n plenaria tom\u00f3 p<span class=\"text_exposed_show\">or unanimidad, el acuerdo de levantar un monumento al Excmo. Sr. D. Cecilio Jim\u00e9nez Rueda (q.e.p.d) hijo benem\u00e9rito de Atarfe.<\/span><\/p>\n<div class=\"text_exposed_show\">\n<p style=\"text-align: justify;\">No creemos necesario hacer la apolog\u00eda del insigne maestro, porque en el \u00e1nimo de todos los que le conocieron permanecer\u00e1 imborrable su recuerdo; pero para gloria de Atarfe y conocimiento y ejemplaridad de las futuras generaciones, si vemos conveniente que en la plaza m\u00e1s importante y c\u00e9ntrica de la localidad se eleve, esculpida en m\u00e1rmoles, la figura egregia del hombre que ha dado m\u00e1s gloria a nuestro pueblo.<\/p>\n<p style=\"text-align: justify;\">Si el honrar la memoria de los que aportan a los pueblos bienes materiales es deuda de gratitud, el perpetuar el recuerdo de los que, como D. Cecilio, dieron honor y gloria, no s\u00f3lo a su pueblo sino a Espa\u00f1a entera, aportando a la Ciencia valiosos adelantos con una vida de trabajo, esfuerzo y laboriosidad, es s\u00f3lo corresponder en algo a lo recibido y, al mismos tiempo, es honrarse a s\u00ed mismo, pues los bienes de orden moral e intelectual son de tipo universal e imperecederos.<\/p>\n<p style=\"text-align: justify;\">Atarfe\u00f1os, un\u00e1monos todos para que pronto, muy pronto, sea una realidad el feliz acuerdo de nuestro Ayuntamiento. Aportemos al proyecto, sin regateos, nuestro entusiasmo y nuestra ayuda econ\u00f3mica para que el monumento sea digno del hombre a quien se destina.<\/p>\n<p style=\"text-align: justify;\">La memoria del Dr. Jim\u00e9nez Rueda permanecer\u00e1 imborrable en el campo de la ciencia espa\u00f1ola: sus obras, sus trabajos de c\u00e1tedra, su ingente aportaci\u00f3n al avance de las Ciencias Exactas, base y fundamento de las dem\u00e1s ciencias, lo elevaron a los puestos donde toman asiento los sabios m\u00e1s ilustres: la Real Academia de Ciencias, el Instituto Espa\u00f1a, el instituto de Co\u00edmbra, etc, etc.<\/p>\n<p style=\"text-align: justify;\">El pueblo de Atarfe, donde naci\u00f3, empez\u00f3 a formarse, vivi\u00f3 sus \u00faltimos a\u00f1os y muri\u00f3 hombre de tal val\u00eda; este pueblo culto y laborioso que recibi\u00f3 en multitud de ocasiones el ben\u00e9fico influjo de su saber enciclopedista, durante toda una larga vida de apostolado moral y cient\u00edfico, tiene el ineludible deber de mostrarse enaltecido y honrado, honrando la memoria de su hijo predilecto.<\/p>\n<p style=\"text-align: justify;\">Atarfe\u00f1os, este ayuntamiento ha cre\u00eddo que obra tan hermosa, sentida y popular, debe ser de todos, para hacerla as\u00ed m\u00e1s espiritual y emotiva. Acudamos por ello con el mayor entusiasmo a engrosar la suscripci\u00f3n p\u00fablica que se abrir\u00e1 al efecto en esta Alcald\u00eda.<\/p>\n<p style=\"text-align: justify;\">La comisi\u00f3n del Monumento, tendr\u00e1 el honor de visitarle, y espera de usted contribuir\u00e1 con esplendidez para que pronto este proyecto pueda ser una feliz realidad.\u201d<\/p>\n<p style=\"text-align: justify;\">Curiosidades elvirenses.<\/p>\n<p style=\"text-align: justify;\">\n<\/div>\n<p style=\"text-align: justify;\"><strong>DESDE EL MIRADOR DE ATARFE CREEMOS QUE ES HORA DE RECUPERAR ESTA INICIATIVA<\/strong><\/p>\n","protected":false},"excerpt":{"rendered":"<p>En julio de 1954 el ayuntamiento solicit\u00f3 la colaboraci\u00f3n de los vecinos para erigir un&#8230;<\/p>\n","protected":false},"author":1,"featured_media":10859,"comment_status":"closed","ping_status":"closed","sticky":false,"template":"","format":"standard","meta":{"_coblocks_attr":"","_coblocks_dimensions":"","_coblocks_responsive_height":"","_coblocks_accordion_ie_support":"","jetpack_post_was_ever_published":false,"_jetpack_newsletter_access":"","_jetpack_dont_email_post_to_subs":false,"_jetpack_newsletter_tier_id":0,"_jetpack_memberships_contains_paywalled_content":false,"_jetpack_memberships_contains_paid_content":false,"footnotes":"","jetpack_publicize_message":"","jetpack_publicize_feature_enabled":true,"jetpack_social_post_already_shared":false,"jetpack_social_options":{"image_generator_settings":{"template":"highway","default_image_id":0,"enabled":false},"version":2}},"categories":[1161,1225,186,38,44,6539,15],"tags":[2926,2925],"class_list":["post-10858","post","type-post","status-publish","format-standard","has-post-thumbnail","hentry","category-ciudadania","category-ha-de-atarfe","category-instituciones","category-opinion-de-jose-enrique-granados","category-noticias-de-hoy","category-personajes-de-ataref","category-ultimas-noticias","tag-curiosidades-elvirenses","tag-dr-jimenez-rueda"],"jetpack_publicize_connections":[],"jetpack_featured_media_url":"https:\/\/i0.wp.com\/miradordeatarfe.es\/wp-content\/uploads\/2016\/09\/14045762_1097009057051775_6969032349578007114_n.jpg?fit=480%2C180&ssl=1","jetpack_likes_enabled":true,"jetpack_sharing_enabled":true,"_links":{"self":[{"href":"https:\/\/miradordeatarfe.es\/index.php?rest_route=\/wp\/v2\/posts\/10858","targetHints":{"allow":["GET"]}}],"collection":[{"href":"https:\/\/miradordeatarfe.es\/index.php?rest_route=\/wp\/v2\/posts"}],"about":[{"href":"https:\/\/miradordeatarfe.es\/index.php?rest_route=\/wp\/v2\/types\/post"}],"author":[{"embeddable":true,"href":"https:\/\/miradordeatarfe.es\/index.php?rest_route=\/wp\/v2\/users\/1"}],"replies":[{"embeddable":true,"href":"https:\/\/miradordeatarfe.es\/index.php?rest_route=%2Fwp%2Fv2%2Fcomments&post=10858"}],"version-history":[{"count":3,"href":"https:\/\/miradordeatarfe.es\/index.php?rest_route=\/wp\/v2\/posts\/10858\/revisions"}],"predecessor-version":[{"id":36452,"href":"https:\/\/miradordeatarfe.es\/index.php?rest_route=\/wp\/v2\/posts\/10858\/revisions\/36452"}],"wp:featuredmedia":[{"embeddable":true,"href":"https:\/\/miradordeatarfe.es\/index.php?rest_route=\/wp\/v2\/media\/10859"}],"wp:attachment":[{"href":"https:\/\/miradordeatarfe.es\/index.php?rest_route=%2Fwp%2Fv2%2Fmedia&parent=10858"}],"wp:term":[{"taxonomy":"category","embeddable":true,"href":"https:\/\/miradordeatarfe.es\/index.php?rest_route=%2Fwp%2Fv2%2Fcategories&post=10858"},{"taxonomy":"post_tag","embeddable":true,"href":"https:\/\/miradordeatarfe.es\/index.php?rest_route=%2Fwp%2Fv2%2Ftags&post=10858"}],"curies":[{"name":"wp","href":"https:\/\/api.w.org\/{rel}","templated":true}]}}