{"id":1129,"date":"2015-04-17T10:25:14","date_gmt":"2015-04-17T10:25:14","guid":{"rendered":"http:\/\/miradordeatarfe.es\/?p=1129"},"modified":"2015-04-19T08:56:23","modified_gmt":"2015-04-19T08:56:23","slug":"biografias-candidatos-psoe-atarfe-2015","status":"publish","type":"post","link":"https:\/\/miradordeatarfe.es\/?p=1129","title":{"rendered":"BIOGRAF\u00cdAS CANDIDATOS PSOE ATARFE 2015"},"content":{"rendered":"<p>Como venimos haciendo durante esta semana, publicamos la candidatura del Psoe de Atarfe a las elecciones municipales de Mayo.<!--more--><span style=\"text-decoration: underline;\"><br \/>\n<\/span><\/p>\n<p><strong><span style=\"text-decoration: underline;\">OSCAR GONZ\u00c1LEZ COBALEDA<\/span> <\/strong>38 a\u00f1os<\/p>\n<p>Candidato a Alcalde<\/p>\n<ul>\n<ul>\n<li>Diplomado en Relaciones Laborales por la Facultad de Ciencias del Trabajo de la Universidad de Granada.Grado Superior de Comercio Exterior y Administraci\u00f3n en el IES La Vega de Atarfe.<\/li>\n<\/ul>\n<\/ul>\n<ul>\n<ul>\n<li>Gesti\u00f3n de calidad espec\u00edfica en los puestos de trabajo. Contabilidad general en formaci\u00f3n continua. Prevenci\u00f3n de Riesgos Laborales Especializaci\u00f3n en Atenci\u00f3n al p\u00fablico<\/li>\n<li>Trabajador del Ayuntamiento de Atarfe como T\u00e9cnico en el Departamento de Recursos Humanos y Econom\u00eda.<\/li>\n<li>\u201cMi proyecto es fuerte, renovado y transparente, consciente del trabajo y esfuerzo diario que requiere nuestro municipio. Quiero salir al encuentro de los problemas para tratar de solucionarlos y de las oportunidades para aprovecharlas. Quiero hacerlo tal como soy y tal como me conoc\u00e9is.\u201d<\/li>\n<\/ul>\n<\/ul>\n<p>&nbsp;<\/p>\n<p><strong><span style=\"text-decoration: underline;\">PAQUI GARC\u00cdA OLIVARES <\/span><\/strong> 58 a\u00f1os<\/p>\n<p><strong><span style=\"text-decoration: underline;\">\u00a0<\/span><\/strong>Licenciada en Psicolog\u00eda y en Pedagog\u00eda. Profesional del \u00c1rea de Igualdad y Bienestar Social,<\/p>\n<p>.Ha venido ejerciendo su trabajo como Psic\u00f3loga Municipal en el Ayuntamiento de Atarfe durante cerca de treinta a\u00f1os, desempe\u00f1ando su labor con personas, familias y colectivos de mayores, personas discapacitadas, minor\u00edas \u00e9tnicas, mujeres, escolares, proporcionando orientaci\u00f3n educativa y profesional a padres, madres, profesores y profesoras, mujeres, j\u00f3venes &#8230;..<\/p>\n<p>.<em> Profundamente vinculada a los movimientos sociales, ha sido cofundadora de la asociaci\u00f3n de mujeres m\u00e1s numerosa de la provincia, la asociaci\u00f3n de mujeres Margarita Nelken, de Atarfe.<\/em><\/p>\n<p><strong><span style=\"text-decoration: underline;\">\u00a0<\/span><\/strong><strong><span style=\"text-decoration: underline;\">GUILLERMO RODR\u00cdGUEZ RAM\u00cdREZ <\/span><\/strong> 59 a\u00f1os\u00a0\u00a0o\u00a0\u00a0 Licenciatura en Medicina Universidad de Granada<strong><span style=\"text-decoration: underline;\">\u00a0<\/span><\/strong>o\u00a0\u00a0 M\u00e9dico Especialista en Pediatr\u00eda\/Medicina Familia.<\/p>\n<p>o\u00a0\u00a0 M\u00e1ster en Paliativos.<\/p>\n<p>o\u00a0\u00a0 Experto en Servicios Urgencias.<\/p>\n<p><em>\u00a0<\/em><\/p>\n<p><strong><span style=\"text-decoration: underline;\">ISABEL MU\u00d1OZ DE ESCALONA<\/span><\/strong> 47 a\u00f1os<\/p>\n<p><strong><span style=\"text-decoration: underline;\">\u00a0<\/span><\/strong>Diplomada en Ciencias Econ\u00f3micas y Empresariales por la Universidad de Granada.<\/p>\n<p>Experto Universitario en Direcci\u00f3n y Administraci\u00f3n de Peque\u00f1as y Medianas Empresas en Andaluc\u00eda.<\/p>\n<p>Experto Universitario en Asesor\u00eda Contable y Experiencia laboral en Asesoramiento Empresarial.<\/p>\n<p>T\u00e9cnica de la Unidad de Promoci\u00f3n y Empleo de Atarfe, 6 a\u00f1os como t\u00e9cnica de Unidad Territorial de Empleo y Desarrollo Local y Tecnol\u00f3gico de Atarfe y actualmente (m\u00e1s de 7 a\u00f1os) de T\u00e9cnica del Centro de Apoyo al Desarrollo Empresarial de Atarfe.<\/p>\n<p><em>\u201cAhora quiero poner a disposici\u00f3n de la ciudadan\u00eda de Atarfe, toda mi formaci\u00f3n y experiencia profesional para seguir Construyendo Ciudad desde el respeto, la transparencia, apostando por el empleo de calidad, la creaci\u00f3n de empresas y la promoci\u00f3n de las existentes\u201d<\/em><\/p>\n<p><strong><span style=\"text-decoration: underline;\">\u00a0<\/span><\/strong><\/p>\n<p><strong><span style=\"text-decoration: underline;\">JUAN GARC\u00cdA RODR\u00cdGUEZ<\/span><\/strong> 35 a\u00f1os<\/p>\n<p>T\u00e9cnico superior en Administraci\u00f3n y Finanzas especialidad contabilidad general, marketing y protecci\u00f3n de datos.<\/p>\n<p>Actualmente trabaja como administrativo en empresa privada.<br \/>\n<em>\u201cMe comprometer\u00e9 a desarrollar las inquietudes e ilusiones de las futuras generaciones. Por Atarfe siempre\u201d<\/em><\/p>\n<p><strong><span style=\"text-decoration: underline;\">ELISABETH L\u00d3PEZ OSUNA<\/span> <\/strong>32 a\u00f1os<\/p>\n<ul>\n<ul>\n<li>Titulada en Arquitecta T\u00e9cnica.<\/li>\n<li>Forma parte del COAAT de Granada, N\u00ba de Colegiado: 2829.<\/li>\n<li>Grado en Ingenier\u00eda de la Edificaci\u00f3n.<\/li>\n<li>Direcci\u00f3n Facultativa en obra nueva y rehabilitaci\u00f3n: Direcci\u00f3n de la ejecuci\u00f3n material de las obras y coordinadora de seguridad y salud. Constructora: Labores de Jefe de Obra y de producci\u00f3n tanto en edificaci\u00f3n como en urbanizaci\u00f3n. Estudios de viabilidad, Control de costes y control de calidad. Estudio de arquitectura: Estudio, planificaci\u00f3n y redacci\u00f3n de proyectos de edificaci\u00f3n y proyectos urban\u00edsticos.<\/li>\n<li>Formaci\u00f3n y especializaci\u00f3n en: Inspecciones t\u00e9cnicas, certificados energ\u00e9ticos, valoraciones y tasaciones, informes y dict\u00e1menes periciales, estudio de costes y presupuestos\u2026<\/li>\n<\/ul>\n<\/ul>\n<p><em>\u201cMi prop\u00f3sito es seguir haciendo de Atarfe una ciudad habitable y hermosa, comprometida con las personas y el medio ambiente. Una ciudad con mejores servicios p\u00fablicos, equipamientos, zonas verdes, parques, jardines y con espacios urbanos que contribuyan a la creaci\u00f3n de un sentimiento de identidad y orgullo de nuestra ciudad.\u201d<\/em><\/p>\n<p><strong><span style=\"text-decoration: underline;\">\u00a0<\/span><\/strong><\/p>\n<p><strong><span style=\"text-decoration: underline;\">JAVIER BAIL\u00d3N GUITI\u00c9RREZ<\/span><\/strong> 55 a\u00f1os<\/p>\n<p><strong><span style=\"text-decoration: underline;\">\u00a0<\/span><\/strong>Personal de empresa de limpieza.<\/p>\n<p><em>\u201cLa prioridad son los ciudadanos de Atarfe, y por ello es por lo que luchar\u00e9\u201d<\/em><\/p>\n<p>&nbsp;<\/p>\n<p><strong><span style=\"text-decoration: underline;\">CORAL GARC\u00cdA GUADIX<\/span><\/strong> 27 a\u00f1os<\/p>\n<p>Licenciada en Derecho por la Universidad de Granada.<\/p>\n<p>M\u00e1ster en Negocio y Derecho de la Energ\u00eda, Universidad Complutense de Madrid.<\/p>\n<p>Asesora Legal.<\/p>\n<p>.<em>\u201cAtarfe ha de seguir avanzando, atendiendo a las necesidades de sus ciudadanos e impulsando sus proyectos, y la pol\u00edtica ha de ser el instrumento para ello\u201d<\/em><\/p>\n<p><strong><span style=\"text-decoration: underline;\">\u00a0<\/span><\/strong><\/p>\n<p><strong><span style=\"text-decoration: underline;\">DANIEL TRASSIERRA L\u00d3PEZ<\/span> <\/strong>31a\u00f1os<\/p>\n<p>Diplomado en Educaci\u00f3n F\u00edsica<\/p>\n<p>Docente y T\u00e9cnico Deportivo (12 a\u00f1os en la ense\u00f1anza del deporte, ni\u00f1os y adultos.<\/p>\n<p>Monitor Deportivo en ACIDESA.<\/p>\n<p><em>\u201cQuiero trabajar para los atarfe\u00f1os, para que sigamos teniendo un pueblo implicado en el desarrollo y bienestar de sus ciudadanos. Trabajar para dar calidad de vida a los vecinos poniendo en alza el ocio, la salud y el deporte\u201d<\/em><\/p>\n<p>&nbsp;<\/p>\n<p><strong><span style=\"text-decoration: underline;\">TRINIDAD RODR\u00cdGUEZ S\u00c1NCHEZ <\/span><\/strong>56 a\u00f1osT\u00e9cnica en hosteler\u00eda y servicios.<\/p>\n<p>T\u00e9cnico de Laboratorio\/ Biolog\u00eda.<\/p>\n<p>Auxiliar de cl\u00ednica<\/p>\n<p>Actualmente en desempleo<\/p>\n<p><em>\u201cLa pol\u00edtica debe de ser trabajar por y para las personas\u201d <\/em><\/p>\n<p><em>\u00a0<\/em><\/p>\n<p><strong><span style=\"text-decoration: underline;\">RAFAEL L\u00d3PEZ ARREDONDO<\/span> <\/strong>29 a\u00f1os<\/p>\n<p>Licenciado en Administraci\u00f3n y Direcci\u00f3n de Empresas.<\/p>\n<p>M\u00e1ster Oficial en Econom\u00eda y Organizaci\u00f3n de Empresas.<\/p>\n<p>M\u00e1ster Oficial de Profesorado en la especialidad de Econom\u00eda, Empresa y Comercio.<\/p>\n<p>Doctorado en Ciencias Econ\u00f3micas y Empresariales.<\/p>\n<p>Actualmente Dinamizador y Gestor de Proyectos Europeos.<\/p>\n<p><em>\u00abQuiero aportar a este nuevo proyecto para Atarfe la ilusi\u00f3n y las ganas propias de la juventud, as\u00ed como el tes\u00f3n en el trabajo y la preparaci\u00f3n que he adquirido con la formaci\u00f3n permanente. Juntos siempre, por y para Atarfe.\u00bb<\/em><\/p>\n<p>&nbsp;<\/p>\n<p><strong><span style=\"text-decoration: underline;\">LAURA SANTAMARINA SANCHO<\/span> <\/strong>37 a\u00f1os<\/p>\n<p>Licenciada en Historia del Arte.<\/p>\n<p>T\u00e9cnico en Orientaci\u00f3n Profesional.<\/p>\n<p><em>\u201cFomentare y trabajar\u00e9 en una buena educaci\u00f3n p\u00fablica en Atarfe, es el pasaporte hacia un exitoso desarrollo social, econ\u00f3mico y democr\u00e1tico\u00bb.<\/em><\/p>\n<p>&nbsp;<\/p>\n<p><strong><span style=\"text-decoration: underline;\">RAFAEL TORRES L\u00d3PEZ<\/span> <\/strong>26 a\u00f1os<\/p>\n<p>Grado MedioEquipos e Instalaciones Electrot\u00e9cnicas.<\/p>\n<p>Miembro Protecci\u00f3n Civil Atarfe.<\/p>\n<p><em>\u201cTrabajare con empe\u00f1o e ilusi\u00f3n para los ciudadanos de mi pueblo, en todo lo que pueda\u201d<\/em><\/p>\n<p>&nbsp;<\/p>\n<p><strong><span style=\"text-decoration: underline;\">CRISTINA MAC\u00cdAS S\u00c1NCHEZ<\/span> <\/strong>32 a\u00f1os<\/p>\n<p>T\u00e9cnico de Laboratorio\/ Biolog\u00eda.<\/p>\n<p>Estudiante de Enfermer\u00eda.<\/p>\n<p><em>\u201cSocialista desde que nac\u00ed, idealista, tenaz y con empe\u00f1o en conseguir lo que me propongo. Junt@s haremos de Ciudad Atarfe el punto de referencia de la provincia\u201d<\/em><\/p>\n<p><strong><span style=\"text-decoration: underline;\">\u00a0<\/span><\/strong><\/p>\n<p><strong><span style=\"text-decoration: underline;\">CELIA JIM\u00c9NEZ MOLES <\/span><\/strong> 51 a\u00f1os<\/p>\n<p>T\u00e9cnico en Gesti\u00f3n Administrativa Diplomada en Est\u00e9tica.<\/p>\n<p>Presidenta y Voluntaria de la Junta Local contra el C\u00e1ncer de Atarfe.<\/p>\n<p><em>\u201cQuiero y deseo trabajar por y para mi pueblo sin\u00a0convencionalismos y con dignidad, sin faltar la alegr\u00eda y el humor\u201d<\/em><\/p>\n<p><em>\u00a0<\/em><strong><span style=\"text-decoration: underline;\"><br \/>\n<\/span><\/strong><\/p>\n<p><strong><span style=\"text-decoration: underline;\">RAFAEL \u00c1NGEL CONTRERAS D\u00cdAZ<\/span><\/strong> 52 a\u00f1os<\/p>\n<p>Graduado escolar.<\/p>\n<p>Coordinador del Servicio de Limpieza Local.<\/p>\n<p><em>\u201cLuchare por todo aquello que sea para la mejora del pueblo y su entorno, para el disfrute de sus habitantes\u201d<\/em><\/p>\n<p><strong><span style=\"text-decoration: underline;\">\u00a0<\/span><\/strong><\/p>\n<p><strong><span style=\"text-decoration: underline;\">NURIA HERRERA<\/span> <\/strong>47 a\u00f1os<\/p>\n<p>Licenciada en Derecho.<\/p>\n<p>Trabaja como Orientadora Laboral y T\u00e9cnica en Empleo Juvenil.<\/p>\n<p><em>\u201cMe volcar\u00e9 en todo lo que puedan necesitar loa atarfe\u00f1os\u201d<\/em><\/p>\n<p><strong><span style=\"text-decoration: underline;\">\u00a0<\/span><\/strong><\/p>\n<p><strong><span style=\"text-decoration: underline;\">FRANCISCO LOPEZ RAMOS<\/span> <\/strong>51 a\u00f1os<\/p>\n<p>Trabaja de Mec\u00e1nico de motos y bicis.<\/p>\n<p>Vinculado al Atarfe Industrial club de futbol.<\/p>\n<p><em>\u201cMuy conocedor de mi pueblo y su realidad, por eso s\u00e9 lo que necesita\u201d<\/em><\/p>\n<p><strong><span style=\"text-decoration: underline;\">\u00a0<\/span><\/strong><\/p>\n<p><strong><span style=\"text-decoration: underline;\">RA\u00daL LECHUGA PRIETO<\/span> <\/strong>37 a\u00f1os<\/p>\n<p>Estudios primarios.<\/p>\n<p>Trabaja en el servicio de limpieza local.<\/p>\n<p><em>\u201cTrabajar\u00e9 sin descanso por los ciudadanos de atarfe\u201d<\/em><\/p>\n<p><em>\u00a0<\/em><\/p>\n<p><strong><span style=\"text-decoration: underline;\">JULIA PATRICIA JIM\u00c9NEZ L\u00d3PEZ <\/span><\/strong> 24 a\u00f1os<\/p>\n<p>Estudiante en Graduado de Educaci\u00f3n Primaria y Lengua Extranjera.<\/p>\n<p><em>\u201cQuiero que Atarfe siga siendo un referente de cultura, m\u00fasica e iniciativas en la Provincia de Granada\u201d<\/em><\/p>\n<p><em><strong><span style=\"text-decoration: underline;\">\u00a0<\/span><\/strong><\/em><\/p>\n<p><strong><span style=\"text-decoration: underline;\">MAR\u00cdA CARMEN GRANADOS MORENO<\/span> <\/strong>56 a\u00f1os<\/p>\n<p>Trabaja en el sector de la limpieza.<\/p>\n<p>En contacto diario con la gente del pueblo.<\/p>\n<p><em>\u201cLuchar\u00e9 por la ayuda directa a la gente de Atarfe, en especial a los sectores m\u00e1s desfavorecidos y necesitados\u201d<\/em><\/p>\n<p><strong><span style=\"text-decoration: underline;\">\u00a0<\/span><\/strong><\/p>\n<p><strong><span style=\"text-decoration: underline;\">LUIS MANUEL MORENO MORALES<\/span><\/strong><\/p>\n<p>T\u00e9cnico Especialista en Empresas Agropuecuarias.<\/p>\n<p>Agricultor y Ganadero en Caparacena.<\/p>\n<p>&nbsp;<\/p>\n<p><strong><span style=\"text-decoration: underline;\">SUSANA JIM\u00c9NEZ CRUZ<\/span><\/strong> 37a\u00f1os<\/p>\n<p>Diplomada en Enfermer\u00eda por la Universidad de Granada.<\/p>\n<p>Enfermera del SAS.<\/p>\n<p><em>\u201cQuiero colaborar para la mejora del pueblo y sus ciudadanos\u201d<\/em><\/p>\n<p>&nbsp;<\/p>\n<p><strong><span style=\"text-decoration: underline;\">\u00a0<\/span><\/strong><\/p>\n<p><strong><span style=\"text-decoration: underline;\">\u00a0<\/span><\/strong><\/p>\n<p>&nbsp;<\/p>\n<p>&nbsp;<\/p>\n","protected":false},"excerpt":{"rendered":"<p>Como venimos haciendo durante esta semana, publicamos la candidatura del Psoe de Atarfe a las&#8230;<\/p>\n","protected":false},"author":1,"featured_media":1199,"comment_status":"closed","ping_status":"closed","sticky":false,"template":"","format":"standard","meta":{"_coblocks_attr":"","_coblocks_dimensions":"","_coblocks_responsive_height":"","_coblocks_accordion_ie_support":"","jetpack_post_was_ever_published":false,"_jetpack_newsletter_access":"","_jetpack_dont_email_post_to_subs":false,"_jetpack_newsletter_tier_id":0,"_jetpack_memberships_contains_paywalled_content":false,"_jetpack_memberships_contains_paid_content":false,"footnotes":"","jetpack_publicize_message":"","jetpack_publicize_feature_enabled":true,"jetpack_social_post_already_shared":false,"jetpack_social_options":{"image_generator_settings":{"template":"highway","default_image_id":0,"enabled":false},"version":2}},"categories":[2,15],"tags":[438,437],"class_list":["post-1129","post","type-post","status-publish","format-standard","has-post-thumbnail","hentry","category-atarfe","category-ultimas-noticias","tag-politica-elecciones","tag-psoe-atarfe"],"jetpack_publicize_connections":[],"jetpack_featured_media_url":"https:\/\/i0.wp.com\/miradordeatarfe.es\/wp-content\/uploads\/2015\/04\/10982162_1566903050227975_2399983824281722261_o.jpg?fit=2048%2C1313&ssl=1","jetpack_likes_enabled":true,"jetpack_sharing_enabled":true,"_links":{"self":[{"href":"https:\/\/miradordeatarfe.es\/index.php?rest_route=\/wp\/v2\/posts\/1129","targetHints":{"allow":["GET"]}}],"collection":[{"href":"https:\/\/miradordeatarfe.es\/index.php?rest_route=\/wp\/v2\/posts"}],"about":[{"href":"https:\/\/miradordeatarfe.es\/index.php?rest_route=\/wp\/v2\/types\/post"}],"author":[{"embeddable":true,"href":"https:\/\/miradordeatarfe.es\/index.php?rest_route=\/wp\/v2\/users\/1"}],"replies":[{"embeddable":true,"href":"https:\/\/miradordeatarfe.es\/index.php?rest_route=%2Fwp%2Fv2%2Fcomments&post=1129"}],"version-history":[{"count":1,"href":"https:\/\/miradordeatarfe.es\/index.php?rest_route=\/wp\/v2\/posts\/1129\/revisions"}],"predecessor-version":[{"id":1130,"href":"https:\/\/miradordeatarfe.es\/index.php?rest_route=\/wp\/v2\/posts\/1129\/revisions\/1130"}],"wp:featuredmedia":[{"embeddable":true,"href":"https:\/\/miradordeatarfe.es\/index.php?rest_route=\/wp\/v2\/media\/1199"}],"wp:attachment":[{"href":"https:\/\/miradordeatarfe.es\/index.php?rest_route=%2Fwp%2Fv2%2Fmedia&parent=1129"}],"wp:term":[{"taxonomy":"category","embeddable":true,"href":"https:\/\/miradordeatarfe.es\/index.php?rest_route=%2Fwp%2Fv2%2Fcategories&post=1129"},{"taxonomy":"post_tag","embeddable":true,"href":"https:\/\/miradordeatarfe.es\/index.php?rest_route=%2Fwp%2Fv2%2Ftags&post=1129"}],"curies":[{"name":"wp","href":"https:\/\/api.w.org\/{rel}","templated":true}]}}