{"id":11652,"date":"2016-10-18T06:27:04","date_gmt":"2016-10-18T04:27:04","guid":{"rendered":"http:\/\/miradordeatarfe.es\/?p=11652"},"modified":"2016-10-14T11:29:16","modified_gmt":"2016-10-14T09:29:16","slug":"el-papa-francisco-toma-una-polemica-decision-que-desata-la-ira-de-algunos-dentro-del-vaticano","status":"publish","type":"post","link":"https:\/\/miradordeatarfe.es\/?p=11652","title":{"rendered":"El Papa Francisco toma una pol\u00e9mica decisi\u00f3n que desata la ira de algunos dentro del vaticano\u2026"},"content":{"rendered":"<p style=\"text-align: justify;\">El papa Francisco representa un cambio positivo para la iglesia cat\u00f3lica y ha tenido muy buena receptividad en todas sus declaraciones, incluso de personas no creyentes. <strong>Ha mantenido una postura muy sensible y cercana<\/strong> a la realidad de hoy, fortaleciendo la funci\u00f3n de la iglesia como mediadora.<!--more--><\/p>\n<p style=\"text-align: justify;\">En esta oportunidad ha manifestado de forma contundente su <strong>rechazo al cobro que realizan algunas iglesias por celebrar los sacramentos como bautizos, primeras comuniones, confirmaciones y matrimonios<\/strong>. Manifest\u00f3 que la salvaci\u00f3n ni tiene precio ni se puede pagar con dinero. Tambi\u00e9n convoc\u00f3 a todos los feligreses a tener el valor de informar a los sacerdotes que eso es un pecado si llegan a ver en las iglesias una lista de precios.<\/p>\n<p style=\"text-align: justify;\"><strong>No se puede contemplar ni aceptar que algo tan importante para mantener una vida cristiana como son los sacramentos tengan un costo<\/strong>. No tiene precio participar en las celebraciones de la iglesia y por ninguna raz\u00f3n deber\u00eda existir ambici\u00f3n econ\u00f3mica por parte de los sacerdotes. Es un derecho para los cristianos y las puertas de la iglesia siempre deben estar abiertas y sin tarifas.<\/p>\n<p style=\"text-align: justify;\">Valdr\u00eda la pena citar otras de sus palabras en torno a este asunto: \u201cJesucristo expuls\u00f3 a los mercaderes del templo por querer convertir la casa de oraci\u00f3n en una cueva de ladrones\u201d. Tambi\u00e9n expres\u00f3 como mensaje a los sacerdotes: <strong>\u201cHay 2 cosas que Dios no va a perdonar, una es un sacerdote avaro y otra es un sacerdote que no sirve a sus fieles y los maltrata\u201d<\/strong><\/p>\n<p>&nbsp;<\/p>\n","protected":false},"excerpt":{"rendered":"<p>El papa Francisco representa un cambio positivo para la iglesia cat\u00f3lica y ha tenido muy&#8230;<\/p>\n","protected":false},"author":1,"featured_media":11653,"comment_status":"closed","ping_status":"closed","sticky":false,"template":"","format":"standard","meta":{"_coblocks_attr":"","_coblocks_dimensions":"","_coblocks_responsive_height":"","_coblocks_accordion_ie_support":"","jetpack_post_was_ever_published":false,"_jetpack_newsletter_access":"","_jetpack_dont_email_post_to_subs":false,"_jetpack_newsletter_tier_id":0,"_jetpack_memberships_contains_paywalled_content":false,"_jetpack_memberships_contains_paid_content":false,"footnotes":"","jetpack_publicize_message":"","jetpack_publicize_feature_enabled":true,"jetpack_social_post_already_shared":false,"jetpack_social_options":{"image_generator_settings":{"template":"highway","default_image_id":0,"enabled":false},"version":2}},"categories":[186,9,44,15],"tags":[3061,28,1332],"class_list":["post-11652","post","type-post","status-publish","format-standard","has-post-thumbnail","hentry","category-instituciones","category-medio-ambiente","category-noticias-de-hoy","category-ultimas-noticias","tag-francisco-i","tag-iglesia","tag-papa"],"jetpack_publicize_connections":[],"jetpack_featured_media_url":"https:\/\/i0.wp.com\/miradordeatarfe.es\/wp-content\/uploads\/2016\/10\/21-3.jpg?fit=728%2C437&ssl=1","jetpack_likes_enabled":true,"jetpack_sharing_enabled":true,"_links":{"self":[{"href":"https:\/\/miradordeatarfe.es\/index.php?rest_route=\/wp\/v2\/posts\/11652","targetHints":{"allow":["GET"]}}],"collection":[{"href":"https:\/\/miradordeatarfe.es\/index.php?rest_route=\/wp\/v2\/posts"}],"about":[{"href":"https:\/\/miradordeatarfe.es\/index.php?rest_route=\/wp\/v2\/types\/post"}],"author":[{"embeddable":true,"href":"https:\/\/miradordeatarfe.es\/index.php?rest_route=\/wp\/v2\/users\/1"}],"replies":[{"embeddable":true,"href":"https:\/\/miradordeatarfe.es\/index.php?rest_route=%2Fwp%2Fv2%2Fcomments&post=11652"}],"version-history":[{"count":1,"href":"https:\/\/miradordeatarfe.es\/index.php?rest_route=\/wp\/v2\/posts\/11652\/revisions"}],"predecessor-version":[{"id":11654,"href":"https:\/\/miradordeatarfe.es\/index.php?rest_route=\/wp\/v2\/posts\/11652\/revisions\/11654"}],"wp:featuredmedia":[{"embeddable":true,"href":"https:\/\/miradordeatarfe.es\/index.php?rest_route=\/wp\/v2\/media\/11653"}],"wp:attachment":[{"href":"https:\/\/miradordeatarfe.es\/index.php?rest_route=%2Fwp%2Fv2%2Fmedia&parent=11652"}],"wp:term":[{"taxonomy":"category","embeddable":true,"href":"https:\/\/miradordeatarfe.es\/index.php?rest_route=%2Fwp%2Fv2%2Fcategories&post=11652"},{"taxonomy":"post_tag","embeddable":true,"href":"https:\/\/miradordeatarfe.es\/index.php?rest_route=%2Fwp%2Fv2%2Ftags&post=11652"}],"curies":[{"name":"wp","href":"https:\/\/api.w.org\/{rel}","templated":true}]}}