{"id":11742,"date":"2016-10-19T10:22:23","date_gmt":"2016-10-19T08:22:23","guid":{"rendered":"http:\/\/miradordeatarfe.es\/?p=11742"},"modified":"2016-10-19T10:22:23","modified_gmt":"2016-10-19T08:22:23","slug":"el-gobierno-admite-ante-bruselas-que-solo-hay-hucha-de-las-pensiones-para-un-ano","status":"publish","type":"post","link":"https:\/\/miradordeatarfe.es\/?p=11742","title":{"rendered":"El Gobierno admite ante Bruselas que s\u00f3lo hay &#8216;hucha&#8217; de las pensiones para un a\u00f1o"},"content":{"rendered":"<figure id=\"graphic-5805215846163fb9238b469d\" class=\"multimedia-item graphic\"><strong>El Fondo de Reserva de la Seguridad Social ya tiene fecha de defunci\u00f3n: diciembre de 2017<\/strong>.<\/figure>\n<p><!--more--><\/p>\n<div class=\"row content cols-30-70\">\n<figure id=\"graphic-5805215846163fb9238b469d\" class=\"multimedia-item graphic\"><img data-recalc-dims=\"1\" decoding=\"async\" src=\"https:\/\/i0.wp.com\/e03-elmundo.uecdn.es\/elmundo\/2016\/graficos\/oct\/s3\/seguridad-social\/seguridad-social-660.jpg?w=640\" \/><\/figure>\n<\/div>\n<p><strong>\u00a0<\/strong><\/p>\n<div class=\"row content cols-30-70\">\n<figure id=\"graphic-5805215846163fb9238b469d\" class=\"multimedia-item graphic\"><img data-recalc-dims=\"1\" decoding=\"async\" src=\"https:\/\/i0.wp.com\/e03-elmundo.uecdn.es\/elmundo\/2016\/graficos\/oct\/s3\/seguridad-social\/seguridad-social-660.jpg?w=640\" \/><figcaption class=\"caption\"><\/figcaption><time class=\"date\" datetime=\"2016-10-18 03:00:09\"><\/time><\/figure>\n<p style=\"text-align: justify;\"><strong>El Fondo de Reserva de la Seguridad Social ya tiene fecha de defunci\u00f3n: diciembre de 2017<\/strong>. Para entonces, y seg\u00fan los c\u00e1lculos del propio Gobierno en funciones, el d\u00e9ficit acumulado habr\u00e1 dejado casi vac\u00eda la hucha de las pensiones y, por lo tanto, har\u00e1 imposible el abono de la paga extra de Navidad.<\/p>\n<p style=\"text-align: justify;\">As\u00ed se extrae del Plan Presupuestario 2017 que el pasado s\u00e1bado envi\u00f3 el Ejecutivo a Bruselas. En este documento, que se remiti\u00f3 pocas horas antes de que expirase el plazo, se expone que<strong> la Seguridad Social registrar\u00e1 un d\u00e9ficit del 1,7% del Producto Interior Bruto (PIB)<\/strong>. Esto, adem\u00e1s de incrementar de manera notable el anterior objetivo del 1,1%, provocar\u00e1 una desviaci\u00f3n de casi 19.000 millones de euros, es decir, la mayor de la historia.<\/p>\n<p style=\"text-align: justify;\">Como consecuencia, el Fondo, que a cierre de 2015 contaba con 32.481 millones,<strong> se quedar\u00e1 en poco m\u00e1s de 13.500 millones a finales del presente a\u00f1o<\/strong>. Con esta exigua cifra, la hucha deber\u00e1 afrontar un ejercicio, el de 2017, en el que el Gobierno estima que el d\u00e9ficit ser\u00e1 del 1,4%. Teniendo en cuenta que el PIB ascender\u00e1 a 1,157 billones, <a href=\"http:\/\/www.elmundo.es\/economia\/2016\/10\/15\/58026f6246163f915f8b4632.html\" target=\"_blank\">la nueva desviaci\u00f3n superar\u00eda los 16.000 millones<\/a>. O dicho de otra manera, el Fondo se quedar\u00eda en n\u00fameros rojos y no podr\u00eda completar, al menos por s\u00ed solo, la paga de final de a\u00f1o.<\/p>\n<p style=\"text-align: justify;\">As\u00ed, si se confirman estas cifras aportadas por el Ministerio de Econom\u00eda, que en el caso de 2017 se especifica que son previsiones, se cumplir\u00eda lo que en numerosas ocasiones ha advertido la Autoridad Independiente de Responsabilidad Fiscal (AIReF): que <strong>el actual sistema de pensiones no es sostenible<\/strong>. En alguno de sus informes, este organismo ha se\u00f1alado que una posible soluci\u00f3n es la de financiar las pensiones no contributivas -principalmente, las de viudedad y orfandad- mediante impuestos.<\/p>\n<p style=\"text-align: justify;\">Esto proporcionar\u00eda un ahorro cercano a los 23.000 millones de euros al a\u00f1o y permitir\u00eda la sostenibilidad del sistema, que en los \u00faltimos a\u00f1os ha sufrido la fuerte moderaci\u00f3n salarial de Espa\u00f1a. La ca\u00edda de las rentas medias y altas ha rebajado las cotizaciones sociales adem\u00e1s de la recaudaci\u00f3n por IRPF y, en consecuencia, ha obligado al Estado a acudir de manera recurrente al Fondo de Reserva. La \u00faltima ocasi\u00f3n fue e<strong>l pasado mes de julio, cuando se sacaron 9.700 millones de la hucha dej\u00e1ndola en 24.167<\/strong>. Teniendo en cuenta esta cifra y los datos enviados a la Comisi\u00f3n Europea, el Gobierno retirar\u00e1 todav\u00eda otros 9.200 hasta final de a\u00f1o.<\/p>\n<aside class=\"summary-item\">\n<figure class=\"multimedia-item video\" style=\"text-align: justify;\"><figcaption class=\"caption\">Soraya S\u00e1enz de Santamar\u00eda: \u00abLograremos mantener la sostenibilidad de las pensiones y actualizarlas\u00bb<\/figcaption><\/figure>\n<\/aside>\n<h3 class=\"subhead\">D\u00e9ficit de las AAPP<\/h3>\n<p>Junto con estas comunicaciones y previsiones, el Ejecutivo tambi\u00e9n adjunt\u00f3 sus objetivos de d\u00e9ficit para el conjunto de las Administraciones P\u00fablicas. <strong>Para este a\u00f1o, se marca el 4,6% acordado con Bruselas<\/strong> y que estar\u00e1 dividido de la siguiente manera: un 2,6% generado por el Estado, un 0,3% por las Administraciones territoriales, y el se\u00f1alado 1,7% por parte de la Seguridad Social.<\/p>\n<p>Para el a\u00f1o que viene, sin embargo, <strong>la cifra ofrecida es del 3,6%, con lo que se superar\u00eda el 3,1% pactado con Europa<\/strong>. Por ello, el pr\u00f3ximo Gobierno tendr\u00e1 que hacer un ajuste adicional de medio punto, lo que estar\u00eda en l\u00ednea con los 5.000 millones que ha se\u00f1alado el ministro de Econom\u00eda, Luis de Guindos. No obstante, tambi\u00e9n se debe tener en cuenta que el escenario dibujado para 2017 es el resultado de prorrogar los n\u00fameros de 2016, por lo que el presupuesto definitivo que deber\u00e1 realizar el siguiente Ejecutivo podr\u00eda modificar estos c\u00e1lculos.<\/p>\n<\/div>\n","protected":false},"excerpt":{"rendered":"<p>El Fondo de Reserva de la Seguridad Social ya tiene fecha de defunci\u00f3n: diciembre de&#8230;<\/p>\n","protected":false},"author":1,"featured_media":11743,"comment_status":"closed","ping_status":"closed","sticky":false,"template":"","format":"standard","meta":{"_coblocks_attr":"","_coblocks_dimensions":"","_coblocks_responsive_height":"","_coblocks_accordion_ie_support":"","jetpack_post_was_ever_published":false,"_jetpack_newsletter_access":"","_jetpack_dont_email_post_to_subs":false,"_jetpack_newsletter_tier_id":0,"_jetpack_memberships_contains_paywalled_content":false,"_jetpack_memberships_contains_paid_content":false,"footnotes":"","jetpack_publicize_message":"","jetpack_publicize_feature_enabled":true,"jetpack_social_post_already_shared":false,"jetpack_social_options":{"image_generator_settings":{"template":"highway","default_image_id":0,"enabled":false},"version":2}},"categories":[1161,186,44,15],"tags":[],"class_list":["post-11742","post","type-post","status-publish","format-standard","has-post-thumbnail","hentry","category-ciudadania","category-instituciones","category-noticias-de-hoy","category-ultimas-noticias"],"jetpack_publicize_connections":[],"jetpack_featured_media_url":"https:\/\/i0.wp.com\/miradordeatarfe.es\/wp-content\/uploads\/2016\/10\/58.jpg?fit=1000%2C567&ssl=1","jetpack_likes_enabled":true,"jetpack_sharing_enabled":true,"_links":{"self":[{"href":"https:\/\/miradordeatarfe.es\/index.php?rest_route=\/wp\/v2\/posts\/11742","targetHints":{"allow":["GET"]}}],"collection":[{"href":"https:\/\/miradordeatarfe.es\/index.php?rest_route=\/wp\/v2\/posts"}],"about":[{"href":"https:\/\/miradordeatarfe.es\/index.php?rest_route=\/wp\/v2\/types\/post"}],"author":[{"embeddable":true,"href":"https:\/\/miradordeatarfe.es\/index.php?rest_route=\/wp\/v2\/users\/1"}],"replies":[{"embeddable":true,"href":"https:\/\/miradordeatarfe.es\/index.php?rest_route=%2Fwp%2Fv2%2Fcomments&post=11742"}],"version-history":[{"count":1,"href":"https:\/\/miradordeatarfe.es\/index.php?rest_route=\/wp\/v2\/posts\/11742\/revisions"}],"predecessor-version":[{"id":11744,"href":"https:\/\/miradordeatarfe.es\/index.php?rest_route=\/wp\/v2\/posts\/11742\/revisions\/11744"}],"wp:featuredmedia":[{"embeddable":true,"href":"https:\/\/miradordeatarfe.es\/index.php?rest_route=\/wp\/v2\/media\/11743"}],"wp:attachment":[{"href":"https:\/\/miradordeatarfe.es\/index.php?rest_route=%2Fwp%2Fv2%2Fmedia&parent=11742"}],"wp:term":[{"taxonomy":"category","embeddable":true,"href":"https:\/\/miradordeatarfe.es\/index.php?rest_route=%2Fwp%2Fv2%2Fcategories&post=11742"},{"taxonomy":"post_tag","embeddable":true,"href":"https:\/\/miradordeatarfe.es\/index.php?rest_route=%2Fwp%2Fv2%2Ftags&post=11742"}],"curies":[{"name":"wp","href":"https:\/\/api.w.org\/{rel}","templated":true}]}}