{"id":11752,"date":"2016-10-23T09:38:01","date_gmt":"2016-10-23T07:38:01","guid":{"rendered":"http:\/\/miradordeatarfe.es\/?p=11752"},"modified":"2016-10-19T10:43:39","modified_gmt":"2016-10-19T08:43:39","slug":"dejales-que-sean-autonomos","status":"publish","type":"post","link":"https:\/\/miradordeatarfe.es\/?p=11752","title":{"rendered":"\u00abD\u00e9jales que sean aut\u00f3nomos\u00bb"},"content":{"rendered":"<p>La tabla inspirada en Montessori para saber qu\u00e9 tareas pueden hacer en cada edad de nuestros hijos.<!--more--><\/p>\n<p style=\"text-align: justify;\">Son muchas las madres (y muchos los padres) que en alg\u00fan momento dicen que <strong>no pueden m\u00e1s<\/strong>, que est\u00e1n agotados, que todo el d\u00eda est\u00e1n recogiendo, limpiando y continuamente detr\u00e1s de sus hijos para conseguir que todo est\u00e9 en su sitio y m\u00ednimamente presentable.<\/p>\n<p style=\"text-align: justify;\">Bien, no est\u00e1n solos&#8230; todos andamos m\u00e1s o menos igual. Sin embargo, gran parte del \u00abtrabajo\u00bb de los padres lo asumir\u00edan los hijos si se les diera la oportunidad de hacerlo. Es una cuesti\u00f3n de <strong>darles autonom\u00eda<\/strong>, de pon\u00e9rselo f\u00e1cil para que puedan colaborar y de hacerles part\u00edcipes de sus \u00abdestrozos\u00bb y \u00abdes\u00f3rdenes\u00bb.<\/p>\n<p style=\"text-align: justify;\">Por eso hoy os decimos esto: \u00abd\u00e9jales que sean aut\u00f3nomos, para que as\u00ed crezcan\u00bb. Y para saber cu\u00e1ndo est\u00e1n capacitados os dejamos con <strong>una tabla inspirada en Montessori para saber qu\u00e9 tareas pueden hacer en cada edad<\/strong>.<\/p>\n<h2 style=\"text-align: justify;\">D\u00e9jale que crezca<\/h2>\n<p style=\"text-align: justify;\">Quiz\u00e1s no os lo cre\u00e1is (o quiz\u00e1s s\u00ed), pero son muchos los padres a los que en la consulta les tengo que decir esto: \u00abd\u00e9jale crecer\u00bb, o \u00abay\u00fadale a crecer\u00bb. Porque tienen cuatro o cinco a\u00f1os y no saben casi vestirle solos, no beben agua m\u00e1s que cuando la piden, muchos a\u00fan son ba\u00f1ados y casi, casi, alimentados.<\/p>\n<p style=\"text-align: justify;\">\u00bfQue a qu\u00e9 me refiero? Pues que me dicen cosas como \u00abes que est\u00e1 muy pegadito a m\u00ed\u00bb, \u00abes que duerme solo, pero se viene todas las noches a mi cama\u00bb, \u00abes que lo veo muy beb\u00e9\u00bb, \u00abes que creo que tendr\u00e9 problemas con el pa\u00f1al\u00bb, \u00abes que apenas juega con otros ni\u00f1os\u00bb, etc., y yo les digo que no se agobien, que no pasa nada porque el ni\u00f1o haga todo eso, pero que hay muchos ni\u00f1os que <strong>a\u00fan siguen anclados en la etapa de beb\u00e9<\/strong>, y tienen que poder pasar p\u00e1gina.<\/p>\n<p style=\"text-align: justify;\">Pero para poder pasar p\u00e1gina y que los padres no nos acabemos convirtiendo <a href=\"http:\/\/www.bebesymas.com\/ser-padres\/esos-padres-que-hacen-de-mayordomos-para-acabar-antes-que-si-lo-hicieran-sus-hijos\">en sus mayordomos<\/a> tenemos que promover su autonom\u00eda, que hagan cosas ellos solos. No tiene sentido que los fines de semana, por ejemplo, les vistamos nosotros. Que lo hagan ellos. Puedes dejarle la ropa a su altura y que se la pongan&#8230; que lleguen a su ropa. Y si prefieres darle t\u00fa lo que quieres que se ponga, d\u00e1selo, pero no lo vistas, que lo intente \u00e9l.<\/p>\n<div class=\"article-asset-image article-asset-large\" style=\"text-align: justify;\">\n<div class=\"asset-content\"><img data-recalc-dims=\"1\" decoding=\"async\" class=\"centro_sinmarco\" src=\"https:\/\/i0.wp.com\/i.blogs.es\/b03a00\/istock_000045583900_medium\/450_1000.jpg?w=640\" srcset=\"http:\/\/i.blogs.es\/b03a00\/istock_000045583900_medium\/450_1000.jpg 450w, http:\/\/i.blogs.es\/b03a00\/istock_000045583900_medium\/650_1200.jpg 681w, http:\/\/i.blogs.es\/b03a00\/istock_000045583900_medium\/1024_2000.jpg 1024w, http:\/\/i.blogs.es\/b03a00\/istock_000045583900_medium\/1366_2000.jpg 1366w\" alt=\"Autonom\u00eda en los ni\u00f1os\" \/><\/div>\n<\/div>\n<p style=\"text-align: justify;\">No tiene sentido que el ni\u00f1o tenga sed y que tenga que venirte a decir que quiere agua. D\u00e9jale los vasos de pl\u00e1stico en alg\u00fan caj\u00f3n que pueda abrir, o fuera, a una altura acorde a su estatura. Y si quieres, incluso una botellita con agua para que \u00e9l mismo se la sirva.<\/p>\n<p style=\"text-align: justify;\">Y as\u00ed con todo. Que vea que puede hacerlo. Que lo intente. Que lo haga. Que empiece <strong>a ocuparse de su vida<\/strong>, que tiene edad y capacidad para empezar a hacerlo.<\/p>\n<h2 style=\"text-align: justify;\">No forzar, pero s\u00ed permitir crecer<\/h2>\n<p style=\"text-align: justify;\">No hay que obligar ni forzar al ni\u00f1o a hacer las cosas. No tiene sentido que se lo hagamos todo los padres y de repente le obliguemos a hacerlo. Tiene que salir de \u00e9l, de querer hacerlo, de querer colaborar, de querer ser uno m\u00e1s, como t\u00fa, part\u00edcipe de su imagen, del orden de la casa, de la limpieza, de la higiene&#8230;<\/p>\n<p style=\"text-align: justify;\">As\u00ed que sugiere, invita a hacer, o directamente haz que sea divertido (si es posible): canta, r\u00ede, hazle re\u00edr mientras lo hac\u00e9is, cu\u00e9ntale historias&#8230; <strong>as\u00ed puede ser hasta divertido tambi\u00e9n para ti<\/strong>, aunque tard\u00e9is un poco m\u00e1s.<\/p>\n<h2 style=\"text-align: justify;\">La tabla inspirada en Montessori para saber qu\u00e9 tareas pueden hacer en cada edad<\/h2>\n<div class=\"article-asset-image article-asset-large\" style=\"text-align: justify;\">\n<div class=\"asset-content\"><img data-recalc-dims=\"1\" decoding=\"async\" class=\"centro_sinmarco\" src=\"https:\/\/i0.wp.com\/i.blogs.es\/6d3761\/montessori\/450_1000.jpg?w=640\" srcset=\"http:\/\/i.blogs.es\/6d3761\/montessori\/450_1000.jpg 450w, http:\/\/i.blogs.es\/6d3761\/montessori\/650_1200.jpg 681w, http:\/\/i.blogs.es\/6d3761\/montessori\/1024_2000.jpg 1024w, http:\/\/i.blogs.es\/6d3761\/montessori\/1366_2000.jpg 1366w\" alt=\"Montessori\" \/><\/div>\n<\/div>\n<p style=\"text-align: justify;\">Pero&#8230; \u00bfc\u00f3mo voy a hacer que mi hijo, que apenas ha hecho nunca nada, se ponga ahora a hacer lo que pone en su edad?, pensar\u00e9is muchos. Tranquilidad. Si ten\u00e9is un hijo de 9 a\u00f1os, por ejemplo, y os acab\u00e1is de dar cuenta de que apenas hace nada de eso, y tampoco lo veis capaz, ser\u00e1 porque <strong>no ha hecho a\u00fan mucho de lo anterior<\/strong>.<\/p>\n<p style=\"text-align: justify;\">La tabla es progresiva y orientativa. Un ni\u00f1o de 9 a\u00f1os puede hacer lo que dice la tabla si en las edades anteriores, m\u00e1s o menos, tuvo las responsabilidades para las que estaba preparado. As\u00ed que si la est\u00e1is mirando y pens\u00e1is que os gustar\u00eda que vuestro hijo hiciera m\u00e1s cosas, y adem\u00e1s pens\u00e1is que las har\u00e1 motivado y con implicaci\u00f3n, pues igual ten\u00e9is que empezar por cosas de edades inferiores, para finalmente llegar a lo de su edad.<\/p>\n<p style=\"text-align: justify;\">De igual modo, un ni\u00f1o puede hacer las cosas que en la tabla aparecen para ni\u00f1os de m\u00e1s edad. Todo depende de su motivaci\u00f3n, sus ganas y su habilidad. Al final la clave est\u00e1 en respetar sus ritmos de aprendizaje.<\/p>\n<p style=\"text-align: justify;\">En cualquier caso no dejan de ser ideas, un abrir los ojos de los padres que piensan que sus hijos son siempre peque\u00f1os para hacer algunas cosas, que puede ayudar a todos los miembros de la familia: si mam\u00e1 y pap\u00e1 no tienen que hacerlo todo, si los hijos tambi\u00e9n colaboran en las tareas del hogar, puede <strong>quedar m\u00e1s tiempo libre para pasar todos juntos<\/strong>. Y esto seguro que los hijos tambi\u00e9n lo valoran.<\/p>\n<p style=\"text-align: justify;\">M\u00e1s informaci\u00f3n | <a href=\"https:\/\/www.facebook.com\/mariamontessori\">Maria Montessori<\/a><br \/>\nFotos | <a href=\"https:\/\/www.flickr.com\/photos\/donnieray\/16686547995\">Donnie Ray Jones<\/a>, <a href=\"https:\/\/www.flickr.com\/photos\/caseyhugelfink\/9201542336\">Casey Hugelfink<\/a> en Flickr<br \/>\n<a href=\"http:\/\/m.bebesymas.com\/ser-padres\/dejales-que-sean-autonomos-la-tabla-de-montessori-para-saber-que-tareas-pueden-hacer-en-cada-edad?utm_content=buffere12e2&amp;utm_medium=social&amp;utm_source=twitter.com&amp;utm_campaign=buffer\">http:\/\/m.bebesymas.com\/ser-padres\/dejales-que-sean-autonomos-la-tabla-de-montessori-para-saber-que-tareas-pueden-hacer-en-cada-edad?utm_content=buffere12e2&amp;utm_medium=social&amp;utm_source=twitter.com&amp;utm_campaign=buffer<\/a><\/p>\n","protected":false},"excerpt":{"rendered":"<p>La tabla inspirada en Montessori para saber qu\u00e9 tareas pueden hacer en cada edad de&#8230;<\/p>\n","protected":false},"author":1,"featured_media":11753,"comment_status":"closed","ping_status":"closed","sticky":false,"template":"","format":"standard","meta":{"_coblocks_attr":"","_coblocks_dimensions":"","_coblocks_responsive_height":"","_coblocks_accordion_ie_support":"","jetpack_post_was_ever_published":false,"_jetpack_newsletter_access":"","_jetpack_dont_email_post_to_subs":false,"_jetpack_newsletter_tier_id":0,"_jetpack_memberships_contains_paywalled_content":false,"_jetpack_memberships_contains_paid_content":false,"footnotes":"","jetpack_publicize_message":"","jetpack_publicize_feature_enabled":true,"jetpack_social_post_already_shared":false,"jetpack_social_options":{"image_generator_settings":{"template":"highway","default_image_id":0,"enabled":false},"version":2}},"categories":[186,44,15],"tags":[3079,162,2271],"class_list":["post-11752","post","type-post","status-publish","format-standard","has-post-thumbnail","hentry","category-instituciones","category-noticias-de-hoy","category-ultimas-noticias","tag-crianza","tag-desarrollo-integral","tag-padres-y-madres"],"jetpack_publicize_connections":[],"jetpack_featured_media_url":"https:\/\/i0.wp.com\/miradordeatarfe.es\/wp-content\/uploads\/2016\/10\/maxresdefault.jpg?fit=3000%2C2242&ssl=1","jetpack_likes_enabled":true,"jetpack_sharing_enabled":true,"_links":{"self":[{"href":"https:\/\/miradordeatarfe.es\/index.php?rest_route=\/wp\/v2\/posts\/11752","targetHints":{"allow":["GET"]}}],"collection":[{"href":"https:\/\/miradordeatarfe.es\/index.php?rest_route=\/wp\/v2\/posts"}],"about":[{"href":"https:\/\/miradordeatarfe.es\/index.php?rest_route=\/wp\/v2\/types\/post"}],"author":[{"embeddable":true,"href":"https:\/\/miradordeatarfe.es\/index.php?rest_route=\/wp\/v2\/users\/1"}],"replies":[{"embeddable":true,"href":"https:\/\/miradordeatarfe.es\/index.php?rest_route=%2Fwp%2Fv2%2Fcomments&post=11752"}],"version-history":[{"count":2,"href":"https:\/\/miradordeatarfe.es\/index.php?rest_route=\/wp\/v2\/posts\/11752\/revisions"}],"predecessor-version":[{"id":11755,"href":"https:\/\/miradordeatarfe.es\/index.php?rest_route=\/wp\/v2\/posts\/11752\/revisions\/11755"}],"wp:featuredmedia":[{"embeddable":true,"href":"https:\/\/miradordeatarfe.es\/index.php?rest_route=\/wp\/v2\/media\/11753"}],"wp:attachment":[{"href":"https:\/\/miradordeatarfe.es\/index.php?rest_route=%2Fwp%2Fv2%2Fmedia&parent=11752"}],"wp:term":[{"taxonomy":"category","embeddable":true,"href":"https:\/\/miradordeatarfe.es\/index.php?rest_route=%2Fwp%2Fv2%2Fcategories&post=11752"},{"taxonomy":"post_tag","embeddable":true,"href":"https:\/\/miradordeatarfe.es\/index.php?rest_route=%2Fwp%2Fv2%2Ftags&post=11752"}],"curies":[{"name":"wp","href":"https:\/\/api.w.org\/{rel}","templated":true}]}}