{"id":11758,"date":"2016-10-22T09:50:32","date_gmt":"2016-10-22T07:50:32","guid":{"rendered":"http:\/\/miradordeatarfe.es\/?p=11758"},"modified":"2016-10-22T13:11:19","modified_gmt":"2016-10-22T11:11:19","slug":"26-de-octubre-huelga-general-estudiantil-fuera-las-revalidas-franquistas","status":"publish","type":"post","link":"https:\/\/miradordeatarfe.es\/?p=11758","title":{"rendered":"26 de octubre Huelga General estudiantil \u00a1Fuera las rev\u00e1lidas franquistas!"},"content":{"rendered":"<div style=\"text-align: justify;\">Despu\u00e9s de cuatro a\u00f1os de recortes salvajes, el Partido Popular vuelve a declarar la guerra a la juventud y a las familias trabajadoras. Aprovechando los meses de verano, el gobierno de Mariano Rajoy ha aprobado por decreto y a escondidas la mayor agresi\u00f3n contra la educaci\u00f3n p\u00fablica en d\u00e9cadas: la entrada en vigor de las rev\u00e1lidas franquistas.[starlist][\/starlist]<\/div>\n<p><!--more--><\/p>\n<div style=\"text-align: justify;\"><\/div>\n<div style=\"text-align: justify;\">El objetivo es claro: expulsar fulminantemente del sistema educativo a cientos de miles de j\u00f3venes de familias humildes.<\/div>\n<div style=\"text-align: justify;\"><\/div>\n<div style=\"text-align: justify;\"><strong>\u00bfQu\u00e9 son las rev\u00e1lidas franquistas y c\u00f3mo nos afectan?<\/strong><\/div>\n<div style=\"text-align: justify;\">El decreto aprobado por el gobierno en funciones del PP plantea que las rev\u00e1lidas se lleven a cabo este curso 2016\/17. Las rev\u00e1lidas franquistas suponen multiplicar la actual selectividad por tres, estableciendo as\u00ed un triple filtro con el que desechar\u00e1 a cientos de miles de j\u00f3venes de entre 15 y 17 a\u00f1os.<\/div>\n<div style=\"text-align: justify;\"><\/div>\n<div style=\"text-align: justify;\"><strong>-Rev\u00e1lida de 4\u00ba de la ESO.<\/strong> Consistir\u00e1 en 7 ex\u00e1menes con contenidos de 3\u00b0 y 4\u00ba. Quien no la supere no podr\u00e1 acceder al Bachillerato y tampoco obtendr\u00e1 el t\u00edtulo de la ESO aunque tenga aprobadas todas las asignaturas. Es decir, un estudiante \u00a0que suspenda esta rev\u00e1lida saldr\u00e1 al mercado laboral sin titulaci\u00f3n, y sus esfuerzos durante cuatro a\u00f1os aprobando todo no servir\u00e1n para nada.<\/div>\n<div style=\"text-align: justify;\"><\/div>\n<div style=\"text-align: justify;\"><strong>-Rev\u00e1lida de 2\u00ba de Bachillerato.<\/strong> 8 ex\u00e1menes sobre contenidos de 1\u00b0 y 2\u00b0 que, de no ser aprobada, negar\u00e1 el t\u00edtulo de bachiller. Es decir, que se saldr\u00e1 al mercado laboral \u00fanicamente con la titulaci\u00f3n de la ESO. De nada servir\u00e1 haber aprobado todas las asignaturas de bachillerato: si se suspende esta injusta revalida, dos a\u00f1os de esfuerzos tirados a la basura.<\/div>\n<div style=\"text-align: justify;\"><\/div>\n<div style=\"text-align: justify;\"><strong>-Rev\u00e1lida de acceso a la Universidad.<\/strong> Adem\u00e1s de tener que aprobar la revalida de bachillerato, la ley deja abierta la posibilidad de una tercera selectividad a cargo de la universidad en la que queramos estudiar y, como es previsible, de no ser aprobada nos cerrar\u00e1 las puertas de las facultades.<\/div>\n<div style=\"text-align: justify;\"><\/div>\n<div style=\"text-align: justify;\">Las rev\u00e1lidas no buscan la mejora de la calidad educativa. Eso s\u00f3lo es posible invirtiendo en educaci\u00f3n p\u00fablica, en recursos humanos y materiales que garanticen condiciones dignas en nuestros centros, contratando profesores, aumentando los desdobles, acabando con la masificaci\u00f3n&#8230; Justo lo contrario de lo que ha hecho el PP recortando m\u00e1s de 7.000 millones de euros en estos a\u00f1os, despidiendo a 32.000 profesores, subiendo brutalmente las tasas acad\u00e9micas o eliminando las becas de libros y de comedor.<\/div>\n<div style=\"text-align: justify;\"><\/div>\n<div style=\"text-align: justify;\"><strong>\u00a1Una declaraci\u00f3n de guerra contra la juventud!<\/strong><\/div>\n<div style=\"text-align: justify;\">A nadie se le escapa qui\u00e9n estar\u00e1 en peores condiciones para superar estos ex\u00e1menes: los estudiantes de familias adineradas, con acceso a clases particulares, academias y a todos los refuerzos que necesiten para superar cualquier dificultad, tendr\u00e1n garantizado su acceso a los estudios superiores a golpe de talonario. En cambio los j\u00f3venes de familias trabajadoras, los que sufrimos la degradaci\u00f3n de nuestros institutos, los recortes que han provocado aut\u00e9nticos estragos en la educaci\u00f3n p\u00fablica, los que estamos hacinados en clases de 40 alumnos y no tenemos posibilidad de pagarnos profesores particulares ni viajes al extranjero para aprender idiomas\u2026\u00a1Nosotros somos los que nos veremos expulsados del sistema educativo! Esa es la situaci\u00f3n que se viv\u00eda hace d\u00e9cadas bajo la dictadura franquista y que tuvieron que vivir nuestros padres y abuelos, cuando s\u00f3lo quien ten\u00eda dinero pod\u00eda acceder a una educaci\u00f3n de calidad y a los estudios superiores \u00a1Ellos pelearon para acabar con ese modelo elitista y ahora no podemos permitir que se nos arrebate un derecho tan b\u00e1sico como el derecho al estudio!<\/div>\n<div style=\"text-align: justify;\"><\/div>\n<div style=\"text-align: justify;\">La LOMCE, el 3+2, los recortes y todas las medidas con las que el PP, y los grandes empresarios, han atacado a la educaci\u00f3n p\u00fablica tienen un mismo objetivo. No quieren dedicar ni un c\u00e9ntimo de euro a la educaci\u00f3n de las familias trabajadoras. Sus planes para nosotros no pasan por que nos formemos y podamos acceder a la cultura y a los estudios superiores. Eso lo tienen reservado para sus hijos. Para la gran mayor\u00eda preparan otra realidad muy distinta: la de la precariedad laboral y la explotaci\u00f3n m\u00e1s descarada. Por eso nos quieren sin formaci\u00f3n. Para hacernos m\u00e1s vulnerables el d\u00eda de ma\u00f1ana cuando salgamos al mercado laboral y que nosotros mismos aceptemos los empleos precarios y los salarios de miseria porque no podemos aspirar a nada mejor, pues no tenemos estudios para otra cosa.<\/div>\n<div style=\"text-align: justify;\"><\/div>\n<div style=\"text-align: justify;\"><strong>\u00a1El 26 de Octubre todos a la huelga!<\/strong><\/div>\n<div style=\"text-align: justify;\">Desde el Sindicato de Estudiantes llamamos a la juventud a la rebeli\u00f3n, a vaciar las aulas de todos los Institutos el pr\u00f3ximo d\u00eda 26 de Octubre en una gran huelga que paralice la educaci\u00f3n en todo el Estado y a llenar las calles en \u00a0manifestaciones masivas. Llamamos a todos los profesores, padres y madres y a sus organizaciones a salir a la lucha hombro con hombro con el movimiento estudiantil, extendiendo la huelga a toda la comunidad educativa y que \u00e9ste sea un primer gran paso en una lucha que debe mantenerse y ampliarse hasta conseguir la retirada de las rev\u00e1lidas y la derogaci\u00f3n de la LOMCE.<\/div>\n<div style=\"text-align: justify;\"><\/div>\n<div style=\"text-align: justify;\"><strong>\u00a1Vaciar las aulas y llenar las calles!<\/strong><\/div>\n<div style=\"text-align: justify;\"><strong>\u00a1Nos jugamos mucho!<\/strong><\/div>\n<div style=\"text-align: justify;\"><strong>\u00a1Luchar hasta derrotar las revalidas franquistas!<\/strong><\/div>\n<div style=\"text-align: justify;\"><a href=\"https:\/\/i0.wp.com\/miradordeatarfe.es\/wp-content\/uploads\/2016\/10\/cartel26o.jpg?ssl=1\"><img data-recalc-dims=\"1\" loading=\"lazy\" decoding=\"async\" class=\"size-full wp-image-11760 aligncenter\" src=\"https:\/\/i0.wp.com\/miradordeatarfe.es\/wp-content\/uploads\/2016\/10\/cartel26o.jpg?resize=300%2C429&#038;ssl=1\" alt=\"cartel26o\" width=\"300\" height=\"429\" srcset=\"https:\/\/i0.wp.com\/miradordeatarfe.es\/wp-content\/uploads\/2016\/10\/cartel26o.jpg?w=300&amp;ssl=1 300w, https:\/\/i0.wp.com\/miradordeatarfe.es\/wp-content\/uploads\/2016\/10\/cartel26o.jpg?resize=210%2C300&amp;ssl=1 210w\" sizes=\"auto, (max-width: 300px) 100vw, 300px\" \/><\/a><\/div>\n","protected":false},"excerpt":{"rendered":"<p>Despu\u00e9s de cuatro a\u00f1os de recortes salvajes, el Partido Popular vuelve a declarar la guerra&#8230;<\/p>\n","protected":false},"author":1,"featured_media":11759,"comment_status":"closed","ping_status":"closed","sticky":false,"template":"","format":"standard","meta":{"_coblocks_attr":"","_coblocks_dimensions":"","_coblocks_responsive_height":"","_coblocks_accordion_ie_support":"","jetpack_post_was_ever_published":false,"_jetpack_newsletter_access":"","_jetpack_dont_email_post_to_subs":false,"_jetpack_newsletter_tier_id":0,"_jetpack_memberships_contains_paywalled_content":false,"_jetpack_memberships_contains_paid_content":false,"footnotes":"","jetpack_publicize_message":"","jetpack_publicize_feature_enabled":true,"jetpack_social_post_already_shared":false,"jetpack_social_options":{"image_generator_settings":{"template":"highway","default_image_id":0,"enabled":false},"version":2}},"categories":[187,44,15],"tags":[2954,191,205],"class_list":["post-11758","post","type-post","status-publish","format-standard","has-post-thumbnail","hentry","category-centros-educativos","category-noticias-de-hoy","category-ultimas-noticias","tag-estudiantes","tag-huelga","tag-lomce"],"jetpack_publicize_connections":[],"jetpack_featured_media_url":"https:\/\/i0.wp.com\/miradordeatarfe.es\/wp-content\/uploads\/2016\/10\/Padres-Ceapa-decalogo-razones-revalidas_EDIIMA20161010_0258_4.jpg?fit=643%2C362&ssl=1","jetpack_likes_enabled":true,"jetpack_sharing_enabled":true,"_links":{"self":[{"href":"https:\/\/miradordeatarfe.es\/index.php?rest_route=\/wp\/v2\/posts\/11758","targetHints":{"allow":["GET"]}}],"collection":[{"href":"https:\/\/miradordeatarfe.es\/index.php?rest_route=\/wp\/v2\/posts"}],"about":[{"href":"https:\/\/miradordeatarfe.es\/index.php?rest_route=\/wp\/v2\/types\/post"}],"author":[{"embeddable":true,"href":"https:\/\/miradordeatarfe.es\/index.php?rest_route=\/wp\/v2\/users\/1"}],"replies":[{"embeddable":true,"href":"https:\/\/miradordeatarfe.es\/index.php?rest_route=%2Fwp%2Fv2%2Fcomments&post=11758"}],"version-history":[{"count":1,"href":"https:\/\/miradordeatarfe.es\/index.php?rest_route=\/wp\/v2\/posts\/11758\/revisions"}],"predecessor-version":[{"id":11761,"href":"https:\/\/miradordeatarfe.es\/index.php?rest_route=\/wp\/v2\/posts\/11758\/revisions\/11761"}],"wp:featuredmedia":[{"embeddable":true,"href":"https:\/\/miradordeatarfe.es\/index.php?rest_route=\/wp\/v2\/media\/11759"}],"wp:attachment":[{"href":"https:\/\/miradordeatarfe.es\/index.php?rest_route=%2Fwp%2Fv2%2Fmedia&parent=11758"}],"wp:term":[{"taxonomy":"category","embeddable":true,"href":"https:\/\/miradordeatarfe.es\/index.php?rest_route=%2Fwp%2Fv2%2Fcategories&post=11758"},{"taxonomy":"post_tag","embeddable":true,"href":"https:\/\/miradordeatarfe.es\/index.php?rest_route=%2Fwp%2Fv2%2Ftags&post=11758"}],"curies":[{"name":"wp","href":"https:\/\/api.w.org\/{rel}","templated":true}]}}