{"id":1179,"date":"2015-04-19T07:45:02","date_gmt":"2015-04-19T07:45:02","guid":{"rendered":"http:\/\/miradordeatarfe.es\/?p=1179"},"modified":"2015-04-20T08:14:15","modified_gmt":"2015-04-20T08:14:15","slug":"exposicion-de-fotografia-imagen-latente","status":"publish","type":"post","link":"https:\/\/miradordeatarfe.es\/?p=1179","title":{"rendered":"Exposici\u00f3n de fotograf\u00eda: \u00abImagen latente\u00bb"},"content":{"rendered":"<p>La Fundaci\u00f3n SIERRA ELVIRA cumpliendo sus fines de difundir la cultura, colabora con la Facultad de Bellas Artes para dar a conocer los trabajos de sus alumnos. En esta ocasi\u00f3n se expone las obras realizadas por los alumnos de la asignatura <i>\u00abFotograf\u00eda\u00bb<\/i>, de primer curso (a\u00f1o acad\u00e9mico 2013-2014) bajo la supervisi\u00f3n de la Dr\u00aa. Mar\u00eda del Carmen Bellido M\u00e1rquez , profesora de dicha asignatura en el Departamento de Escultura, Universidad de Granada.<!--more--><\/p>\n<p><i><b>\u00abImagen latente\u00bb <\/b><\/i>hace alusi\u00f3n a la representaci\u00f3n que subyace en el negativo y el papel fotogr\u00e1ficos sensibilizados por la luz, antes de ser revelados y perceptibles, como s\u00edmil que hace referencia a las ideas que est\u00e1n en la mente del artista antes de ser plasmadas sobre alg\u00fan soporte visible, a\u00fan latiendo vivamente en su pensamiento creativo.<br \/>\nA partir de esta premisa, la exposici\u00f3n se estructura en tres temas, trabajados por los autores seg\u00fan su propia po\u00e9tica creativa: <i>Ciudad y ciudadanos, Naturaleza y medioambiente,<\/i> e <i>Identidad como singularidad.<\/i> El conjunto de las obras ofrecen un modo de experimentar la fotograf\u00eda como elemento que evidencia las fantas\u00edas rizadas, su representaci\u00f3n y la herramienta para dar forma a los sue\u00f1os.<\/p>\n<p><i>\u00abImagen latente\u00bb<\/i> reune un total de 35 fotograf\u00edas anal\u00f3gicas, realizadas con t\u00e9cnicas cl\u00e1sicas, estar\u00e1n expuestas desde el lunes 20 al viernes 24 de abril de 2015.<\/p>\n<ul>\n<ul>Lugar: Centro Sociocultural<\/ul>\n<\/ul>\n<p><strong><em>\u00abAna M\u00aa Palacios Poyatos y Joaqu\u00edn Lamolda G\u00f3mez\u00bb, calle Dr. Jim\u00e9nez Rueda n\u00ba 53, Atarfe. D\u00eda inaugural: jueves 23 de abril de 2015 Hora: 8 de la tarde.<\/em><\/strong><\/p>\n<p>Las ma\u00f1anas de lunes 20 a viernes 24, est\u00e1n reservadas para visitas escolares concertadas. Las tardes del jueves y viernes de 19 a 20:30h, la exposici\u00f3n est\u00e1 abierta al p\u00fablico.El jueves 23, d\u00eda de la inauguraci\u00f3n, estar\u00e1n todos los autores para atender a los visitantes.<\/p>\n<p>Autores de las fotograf\u00edas:<br \/>\nMarco Torres L\u00f3pez, Mar\u00eda Ecrichs Vargas Corral, Mireia Barcelona Perea, Beatriz Mart\u00ednez Delgado, Patricia Mart\u00ednez Delgado, M\u00aa Francisca Medina Puga, Katarzyna Pacholik, David Contreras Mart\u00ednez, Daina Ansotegui Roig, Mari \u00c1ngeles Astorga Garc\u00eda, Noelia Serena Sandoval, Mar\u00eda Rosa Ar\u00e1nega Navarro, Alejandro Fern\u00e1ndez Garc\u00eda, Mar\u00eda Dolores del Castillo C\u00f3zar, Miriam Raya Garc\u00eda, Sandra Gonz\u00e1lez Mart\u00ednez, Lea Felino, Sandra Russo Mu\u00f1oz, Lourdes Garc\u00eda Soto, Francisco Bleda L\u00f3pez, Ignacio V\u00edlchez Salado, Jorge Marin Montoya, Roc\u00edo Sogas P\u00e9rez, Israel Lucena Morales, Encarnaci\u00f3n Mart\u00edn L\u00f3pez, Emilio Ramayo Romero, Birta Dawn Rosenbusch, Nerea Dom\u00ednguez Areitio, Mar\u00eda Concepci\u00f3n Garc\u00eda Pe\u00f1a, Manuel S\u00e1nchez Mart\u00ednez, Lola Guerrero Pino, Antonio Lu\u00eds S\u00e1nchez Pulpillo, Enrique Vega Mu\u00f1oz, Marta Retamero Delgado, Miguel P\u00e9rez Higueras.<\/p>\n<p>&nbsp;<\/p>\n","protected":false},"excerpt":{"rendered":"<p>La Fundaci\u00f3n SIERRA ELVIRA cumpliendo sus fines de difundir la cultura, colabora con la Facultad&#8230;<\/p>\n","protected":false},"author":1,"featured_media":1180,"comment_status":"closed","ping_status":"closed","sticky":false,"template":"","format":"standard","meta":{"_coblocks_attr":"","_coblocks_dimensions":"","_coblocks_responsive_height":"","_coblocks_accordion_ie_support":"","jetpack_post_was_ever_published":false,"_jetpack_newsletter_access":"","_jetpack_dont_email_post_to_subs":false,"_jetpack_newsletter_tier_id":0,"_jetpack_memberships_contains_paywalled_content":false,"_jetpack_memberships_contains_paid_content":false,"footnotes":"","jetpack_publicize_message":"","jetpack_publicize_feature_enabled":true,"jetpack_social_post_already_shared":false,"jetpack_social_options":{"image_generator_settings":{"template":"highway","default_image_id":0,"enabled":false},"version":2}},"categories":[15],"tags":[236,430,20],"class_list":["post-1179","post","type-post","status-publish","format-standard","has-post-thumbnail","hentry","category-ultimas-noticias","tag-fotografia","tag-tecnicas","tag-universidad"],"jetpack_publicize_connections":[],"jetpack_featured_media_url":"https:\/\/i0.wp.com\/miradordeatarfe.es\/wp-content\/uploads\/2015\/04\/expofotoBA.jpg?fit=203%2C298&ssl=1","jetpack_likes_enabled":true,"jetpack_sharing_enabled":true,"_links":{"self":[{"href":"https:\/\/miradordeatarfe.es\/index.php?rest_route=\/wp\/v2\/posts\/1179","targetHints":{"allow":["GET"]}}],"collection":[{"href":"https:\/\/miradordeatarfe.es\/index.php?rest_route=\/wp\/v2\/posts"}],"about":[{"href":"https:\/\/miradordeatarfe.es\/index.php?rest_route=\/wp\/v2\/types\/post"}],"author":[{"embeddable":true,"href":"https:\/\/miradordeatarfe.es\/index.php?rest_route=\/wp\/v2\/users\/1"}],"replies":[{"embeddable":true,"href":"https:\/\/miradordeatarfe.es\/index.php?rest_route=%2Fwp%2Fv2%2Fcomments&post=1179"}],"version-history":[{"count":2,"href":"https:\/\/miradordeatarfe.es\/index.php?rest_route=\/wp\/v2\/posts\/1179\/revisions"}],"predecessor-version":[{"id":1239,"href":"https:\/\/miradordeatarfe.es\/index.php?rest_route=\/wp\/v2\/posts\/1179\/revisions\/1239"}],"wp:featuredmedia":[{"embeddable":true,"href":"https:\/\/miradordeatarfe.es\/index.php?rest_route=\/wp\/v2\/media\/1180"}],"wp:attachment":[{"href":"https:\/\/miradordeatarfe.es\/index.php?rest_route=%2Fwp%2Fv2%2Fmedia&parent=1179"}],"wp:term":[{"taxonomy":"category","embeddable":true,"href":"https:\/\/miradordeatarfe.es\/index.php?rest_route=%2Fwp%2Fv2%2Fcategories&post=1179"},{"taxonomy":"post_tag","embeddable":true,"href":"https:\/\/miradordeatarfe.es\/index.php?rest_route=%2Fwp%2Fv2%2Ftags&post=1179"}],"curies":[{"name":"wp","href":"https:\/\/api.w.org\/{rel}","templated":true}]}}