{"id":11798,"date":"2016-10-24T10:20:34","date_gmt":"2016-10-24T08:20:34","guid":{"rendered":"http:\/\/miradordeatarfe.es\/?p=11798"},"modified":"2019-12-28T12:51:51","modified_gmt":"2019-12-28T11:51:51","slug":"candidaturas-de-atarfe-en-1979","status":"publish","type":"post","link":"https:\/\/miradordeatarfe.es\/?p=11798","title":{"rendered":"\u00abCANDIDATURAS DE ATARFE EN 1979\u00bb por Jos\u00e9 Enrique Granados"},"content":{"rendered":"<div id=\"js_2q\" class=\"_5pbx userContent\" data-ft=\"{&quot;tn&quot;:&quot;K&quot;}\">\n<p>Tres fueron las candidaturas que se presentaron en las primeras elecciones democr\u00e1ticas, celebradas en 1979: UCD, PSOE y PCE.<\/p>\n<p><!--more--><\/p>\n<p>Ilustramos la Gacetilla de hoy con la lista m\u00e1s votada, la que present\u00f3 el Partido Comunista de Espa\u00f1a.<\/p>\n<p><a href=\"https:\/\/i0.wp.com\/miradordeatarfe.es\/wp-content\/uploads\/2016\/10\/14731183_1139701096115904_656621919521501739_n.jpg?ssl=1\"><img data-recalc-dims=\"1\" loading=\"lazy\" decoding=\"async\" class=\"alignnone size-full wp-image-11799\" src=\"https:\/\/i0.wp.com\/miradordeatarfe.es\/wp-content\/uploads\/2016\/10\/14731183_1139701096115904_656621919521501739_n.jpg?resize=640%2C459&#038;ssl=1\" alt=\"14731183_1139701096115904_656621919521501739_n\" width=\"640\" height=\"459\" srcset=\"https:\/\/i0.wp.com\/miradordeatarfe.es\/wp-content\/uploads\/2016\/10\/14731183_1139701096115904_656621919521501739_n.jpg?w=905&amp;ssl=1 905w, https:\/\/i0.wp.com\/miradordeatarfe.es\/wp-content\/uploads\/2016\/10\/14731183_1139701096115904_656621919521501739_n.jpg?resize=300%2C215&amp;ssl=1 300w, https:\/\/i0.wp.com\/miradordeatarfe.es\/wp-content\/uploads\/2016\/10\/14731183_1139701096115904_656621919521501739_n.jpg?resize=768%2C551&amp;ssl=1 768w, https:\/\/i0.wp.com\/miradordeatarfe.es\/wp-content\/uploads\/2016\/10\/14731183_1139701096115904_656621919521501739_n.jpg?resize=600%2C430&amp;ssl=1 600w\" sizes=\"auto, (max-width: 640px) 100vw, 640px\" \/><\/a><\/p>\n<p>Y si el otro d\u00eda, rescat\u00e1bamos la candidatura presentada a las primeras elecciones democr\u00e1ticas por el partido comunista, hoy lo hacemos con la candidatura socialista.<\/p>\n<p><a href=\"https:\/\/i0.wp.com\/miradordeatarfe.es\/wp-content\/uploads\/2016\/10\/14729164_1139703966115617_4663129305213524108_n.jpg?ssl=1\"><img data-recalc-dims=\"1\" loading=\"lazy\" decoding=\"async\" class=\"alignnone wp-image-11800\" src=\"https:\/\/i0.wp.com\/miradordeatarfe.es\/wp-content\/uploads\/2016\/10\/14729164_1139703966115617_4663129305213524108_n.jpg?resize=640%2C927&#038;ssl=1\" alt=\"14729164_1139703966115617_4663129305213524108_n\" width=\"640\" height=\"927\" srcset=\"https:\/\/i0.wp.com\/miradordeatarfe.es\/wp-content\/uploads\/2016\/10\/14729164_1139703966115617_4663129305213524108_n.jpg?w=273&amp;ssl=1 273w, https:\/\/i0.wp.com\/miradordeatarfe.es\/wp-content\/uploads\/2016\/10\/14729164_1139703966115617_4663129305213524108_n.jpg?resize=207%2C300&amp;ssl=1 207w\" sizes=\"auto, (max-width: 640px) 100vw, 640px\" \/><\/a><\/p>\n<\/div>\n<p><a href=\"https:\/\/www.facebook.com\/Gacetilla-y-curiosidades-elvirenses-732817910137560\/?fref=ts\">CURIOSIDADES ELVIRENSES<\/a><\/p>\n","protected":false},"excerpt":{"rendered":"<p>Tres fueron las candidaturas que se presentaron en las primeras elecciones democr\u00e1ticas, celebradas en 1979:&#8230;<\/p>\n","protected":false},"author":1,"featured_media":11808,"comment_status":"closed","ping_status":"closed","sticky":false,"template":"","format":"standard","meta":{"_coblocks_attr":"","_coblocks_dimensions":"","_coblocks_responsive_height":"","_coblocks_accordion_ie_support":"","jetpack_post_was_ever_published":false,"_jetpack_newsletter_access":"","_jetpack_dont_email_post_to_subs":false,"_jetpack_newsletter_tier_id":0,"_jetpack_memberships_contains_paywalled_content":false,"_jetpack_memberships_contains_paid_content":false,"footnotes":"","jetpack_publicize_message":"","jetpack_publicize_feature_enabled":true,"jetpack_social_post_already_shared":false,"jetpack_social_options":{"image_generator_settings":{"template":"highway","default_image_id":0,"enabled":false},"version":2}},"categories":[2,1225,186,38,44,15],"tags":[81,417],"class_list":["post-11798","post","type-post","status-publish","format-standard","has-post-thumbnail","hentry","category-atarfe","category-ha-de-atarfe","category-instituciones","category-opinion-de-jose-enrique-granados","category-noticias-de-hoy","category-ultimas-noticias","tag-atarfe","tag-politicos"],"jetpack_publicize_connections":[],"jetpack_featured_media_url":"https:\/\/i0.wp.com\/miradordeatarfe.es\/wp-content\/uploads\/2016\/10\/AYU.jpg?fit=236%2C318&ssl=1","jetpack_likes_enabled":true,"jetpack_sharing_enabled":true,"_links":{"self":[{"href":"https:\/\/miradordeatarfe.es\/index.php?rest_route=\/wp\/v2\/posts\/11798","targetHints":{"allow":["GET"]}}],"collection":[{"href":"https:\/\/miradordeatarfe.es\/index.php?rest_route=\/wp\/v2\/posts"}],"about":[{"href":"https:\/\/miradordeatarfe.es\/index.php?rest_route=\/wp\/v2\/types\/post"}],"author":[{"embeddable":true,"href":"https:\/\/miradordeatarfe.es\/index.php?rest_route=\/wp\/v2\/users\/1"}],"replies":[{"embeddable":true,"href":"https:\/\/miradordeatarfe.es\/index.php?rest_route=%2Fwp%2Fv2%2Fcomments&post=11798"}],"version-history":[{"count":3,"href":"https:\/\/miradordeatarfe.es\/index.php?rest_route=\/wp\/v2\/posts\/11798\/revisions"}],"predecessor-version":[{"id":36448,"href":"https:\/\/miradordeatarfe.es\/index.php?rest_route=\/wp\/v2\/posts\/11798\/revisions\/36448"}],"wp:featuredmedia":[{"embeddable":true,"href":"https:\/\/miradordeatarfe.es\/index.php?rest_route=\/wp\/v2\/media\/11808"}],"wp:attachment":[{"href":"https:\/\/miradordeatarfe.es\/index.php?rest_route=%2Fwp%2Fv2%2Fmedia&parent=11798"}],"wp:term":[{"taxonomy":"category","embeddable":true,"href":"https:\/\/miradordeatarfe.es\/index.php?rest_route=%2Fwp%2Fv2%2Fcategories&post=11798"},{"taxonomy":"post_tag","embeddable":true,"href":"https:\/\/miradordeatarfe.es\/index.php?rest_route=%2Fwp%2Fv2%2Ftags&post=11798"}],"curies":[{"name":"wp","href":"https:\/\/api.w.org\/{rel}","templated":true}]}}