{"id":11916,"date":"2016-11-07T06:45:13","date_gmt":"2016-11-07T05:45:13","guid":{"rendered":"http:\/\/miradordeatarfe.es\/?p=11916"},"modified":"2016-11-03T11:48:41","modified_gmt":"2016-11-03T10:48:41","slug":"lealtad-con-uno-mismo","status":"publish","type":"post","link":"https:\/\/miradordeatarfe.es\/?p=11916","title":{"rendered":"Lealtad con uno mismo"},"content":{"rendered":"<div class=\"entry-content\">\n<p>Cont\u00e9 mis a\u00f1os y descubr\u00ed, que tengo menos tiempo para vivir de aqu\u00ed en adelante, que el que viv\u00ed hasta ahora\u2026<\/p>\n<p><!--more--><\/p>\n<p>Me siento como aquel ni\u00f1o que gan\u00f3 un paquete de dulces: los primeros los comi\u00f3 con agrado, pero, cuando percibi\u00f3 que quedaban pocos, comenz\u00f3 a saborearlos profundamente.<\/p>\n<p>Ya no tengo tiempo para reuniones interminables, donde se discuten estatutos, normas, procedimientos y reglamentos internos, sabiendo que no se va a lograr nada.<\/p>\n<p>Ya no tengo tiempo para soportar a personas absurdas que, a pesar de su edad cronol\u00f3gica, no han crecido.<\/p>\n<p>Ya no tengo tiempo para lidiar con mediocridades.<\/p>\n<p>No quiero estar en reuniones donde desfilan egos inflados.<\/p>\n<p>No tolero a manipuladores y oportunistas.<\/p>\n<p>Me molestan los envidiosos, que tratan de desacreditar a los m\u00e1s capaces, para apropiarse de sus lugares, talentos y logros.<\/p>\n<p>Las personas no discuten contenidos, apenas los t\u00edtulos.<\/p>\n<p>Mi tiempo es escaso como para discutir t\u00edtulos.<\/p>\n<p>Quiero la esencia, mi alma tiene prisa\u2026<\/p>\n<p>Sin muchos dulces en el paquete\u2026<span id=\"more-6101\"><\/span><\/p>\n<p>Quiero vivir al lado de gente humana, muy humana.<\/p>\n<p>Que sepa re\u00edr, de sus errores.<\/p>\n<p>Que no se envanezca, con sus triunfos.<\/p>\n<p>Que no se considere electa, antes de hora.<\/p>\n<p>Que no huya, de sus responsabilidades.<\/p>\n<p>Que defienda, la dignidad humana.<\/p>\n<p>Y que desee tan s\u00f3lo andar del lado de la verdad y la honradez.<\/p>\n<p>Lo esencial es lo que hace que la vida valga la pena.<\/p>\n<p>Quiero rodearme de gente, que sepa tocar el coraz\u00f3n de las personas\u2026<\/p>\n<p>Gente a quien los golpes duros de la vida, le ense\u00f1\u00f3 a crecer con toques suaves en el alma.<\/p>\n<p>S\u00ed\u2026 tengo prisa\u2026 por vivir con la intensidad que s\u00f3lo la madurez puede dar.<\/p>\n<p>Pretendo no desperdiciar parte alguna de los dulces que me quedan\u2026<\/p>\n<p>Estoy seguro que ser\u00e1n m\u00e1s exquisitos que los que hasta ahora he comido.<\/p>\n<p>Mi meta es llegar al final satisfecho y en paz con mis seres queridos y con mi conciencia.<\/p>\n<p>Tenemos dos vidas y la segunda comienza cuando te das cuenta que s\u00f3lo tienes una.<\/p>\n<p>Lealtad con uno mismo.<\/p>\n<p><em>M\u00e1rio de Andarde (Sao Paulo 1893 \u2013 1945)<\/em><\/p>\n<\/div>\n<p>&nbsp;<\/p>\n","protected":false},"excerpt":{"rendered":"<p>Cont\u00e9 mis a\u00f1os y descubr\u00ed, que tengo menos tiempo para vivir de aqu\u00ed en adelante,&#8230;<\/p>\n","protected":false},"author":1,"featured_media":11917,"comment_status":"closed","ping_status":"closed","sticky":false,"template":"","format":"standard","meta":{"_coblocks_attr":"","_coblocks_dimensions":"","_coblocks_responsive_height":"","_coblocks_accordion_ie_support":"","jetpack_post_was_ever_published":false,"_jetpack_newsletter_access":"","_jetpack_dont_email_post_to_subs":false,"_jetpack_newsletter_tier_id":0,"_jetpack_memberships_contains_paywalled_content":false,"_jetpack_memberships_contains_paid_content":false,"footnotes":"","jetpack_publicize_message":"","jetpack_publicize_feature_enabled":true,"jetpack_social_post_already_shared":false,"jetpack_social_options":{"image_generator_settings":{"template":"highway","default_image_id":0,"enabled":false},"version":2}},"categories":[9,44,15],"tags":[3120,1107],"class_list":["post-11916","post","type-post","status-publish","format-standard","has-post-thumbnail","hentry","category-medio-ambiente","category-noticias-de-hoy","category-ultimas-noticias","tag-motivacion","tag-reflexion"],"jetpack_publicize_connections":[],"jetpack_featured_media_url":"https:\/\/i0.wp.com\/miradordeatarfe.es\/wp-content\/uploads\/2016\/10\/estar-ocupado2.jpg?fit=750%2C450&ssl=1","jetpack_likes_enabled":true,"jetpack_sharing_enabled":true,"_links":{"self":[{"href":"https:\/\/miradordeatarfe.es\/index.php?rest_route=\/wp\/v2\/posts\/11916","targetHints":{"allow":["GET"]}}],"collection":[{"href":"https:\/\/miradordeatarfe.es\/index.php?rest_route=\/wp\/v2\/posts"}],"about":[{"href":"https:\/\/miradordeatarfe.es\/index.php?rest_route=\/wp\/v2\/types\/post"}],"author":[{"embeddable":true,"href":"https:\/\/miradordeatarfe.es\/index.php?rest_route=\/wp\/v2\/users\/1"}],"replies":[{"embeddable":true,"href":"https:\/\/miradordeatarfe.es\/index.php?rest_route=%2Fwp%2Fv2%2Fcomments&post=11916"}],"version-history":[{"count":1,"href":"https:\/\/miradordeatarfe.es\/index.php?rest_route=\/wp\/v2\/posts\/11916\/revisions"}],"predecessor-version":[{"id":11918,"href":"https:\/\/miradordeatarfe.es\/index.php?rest_route=\/wp\/v2\/posts\/11916\/revisions\/11918"}],"wp:featuredmedia":[{"embeddable":true,"href":"https:\/\/miradordeatarfe.es\/index.php?rest_route=\/wp\/v2\/media\/11917"}],"wp:attachment":[{"href":"https:\/\/miradordeatarfe.es\/index.php?rest_route=%2Fwp%2Fv2%2Fmedia&parent=11916"}],"wp:term":[{"taxonomy":"category","embeddable":true,"href":"https:\/\/miradordeatarfe.es\/index.php?rest_route=%2Fwp%2Fv2%2Fcategories&post=11916"},{"taxonomy":"post_tag","embeddable":true,"href":"https:\/\/miradordeatarfe.es\/index.php?rest_route=%2Fwp%2Fv2%2Ftags&post=11916"}],"curies":[{"name":"wp","href":"https:\/\/api.w.org\/{rel}","templated":true}]}}