{"id":11945,"date":"2016-10-28T10:18:20","date_gmt":"2016-10-28T08:18:20","guid":{"rendered":"http:\/\/miradordeatarfe.es\/?p=11945"},"modified":"2016-10-28T10:29:37","modified_gmt":"2016-10-28T08:29:37","slug":"esther-dianez-maestra-del-ceip-atalaya-de-atarfe-medalla-de-oro-al-merito-educativo","status":"publish","type":"post","link":"https:\/\/miradordeatarfe.es\/?p=11945","title":{"rendered":"Esther Dianez maestra del CEIP ATALAYA de  Atarfe, medalla de oro al m\u00e9rito educativo"},"content":{"rendered":"<p style=\"text-align: justify;\">Mar\u00eda Esther Di\u00e1nez Mu\u00f1oz ha obtenido el galard\u00f3n por su compromiso con una educaci\u00f3n p\u00fablica de calidad a trav\u00e9s de la innovaci\u00f3n educativa<!--more--><\/p>\n<p style=\"text-align: justify;\"><strong>Mar\u00eda Esther Di\u00e1nez Mu\u00f1oz, maestra de Educaci\u00f3n Primaria en el Colegio &#8216;Atalaya&#8217; de Atarfe (Granada)<\/strong>, ha obtenido el galard\u00f3n por su compromiso con una educaci\u00f3n p\u00fablica de calidad a trav\u00e9s de la innovaci\u00f3n educativa. Diplomada en Magisterio y licenciada en Psicopedagog\u00eda, centra su trabajo en el desarrollo de acciones educativas intercentros y comunitarias dirigidas a la transformaci\u00f3n y mejora social desde la escuela, a trav\u00e9s de proyectos como &#8216;Ciencia a la carta&#8217;, &#8216;Andaluc\u00eda, mejor en ciencia&#8217;, &#8216;Capacitados&#8217; o &#8216;Un espejo en que mirarte&#8217;.<\/p>\n<p style=\"text-align: justify;\">El orientador <span id=\"U203867670617ixB\">Jos\u00e9 Francisco Rueda<strong>, la maestra Mar\u00eda Esther Di\u00e1nez<\/strong> y el docente y pedagogo Sebasti\u00e1n Cano<\/span> ha sido hoy reconocidos por con las medallas de oro de los premios al m\u00e9rito en la educaci\u00f3n del curso 2015-2016, ha informado la Consejer\u00eda de Educaci\u00f3n.<\/p>\n<p style=\"text-align: justify;\">La consejera de Educaci\u00f3n, Adelaida de la Calle, ha entregado estos premios en el Palacio de San Telmo de Sevilla, y tambi\u00e9n han sido reconocidos con placas al M\u00e9rito en la Educaci\u00f3n el Plan Integral del Distrito 5 de Huelva, la Asociaci\u00f3n Ja\u00e9n Acoge y el colegio de Educaci\u00f3n Infantil y Primaria &#8216;Mar\u00eda de la O&#8217; de M\u00e1laga.<\/p>\n<div class=\"teads-inread sm-screen\">\n<p>\u00a0La consejera se ha referido a la importancia de la educaci\u00f3n en estos tiempos de cambios, as\u00ed como a su capacidad para adaptarse a estas intensas transformaciones.<\/p>\n<p style=\"text-align: justify;\">En este sentido, ha subrayado que el pa\u00eds \u00abreclama la necesidad de un Pacto por la Educaci\u00f3n y unas leyes educativas s\u00f3lidas que, al contrario que la LOMCE, sean resolutivas con los problemas actuales, flexibles para afrontar la evoluci\u00f3n educativa y de la sociedad y orientadas a la calidad, la innovaci\u00f3n y la modernizaci\u00f3n, as\u00ed como a la protecci\u00f3n del alumnado y el profesorado y a la defensa de la educaci\u00f3n como elemento de equidad e igualdad\u00bb.<\/p>\n<\/div>\n<p style=\"text-align: justify;\"><a href=\"https:\/\/i0.wp.com\/miradordeatarfe.es\/wp-content\/uploads\/2016\/10\/premi-1.jpeg?ssl=1\"><img data-recalc-dims=\"1\" loading=\"lazy\" decoding=\"async\" class=\"alignnone size-full wp-image-11949\" src=\"https:\/\/i0.wp.com\/miradordeatarfe.es\/wp-content\/uploads\/2016\/10\/premi-1.jpeg?resize=640%2C489&#038;ssl=1\" alt=\"premi\" width=\"640\" height=\"489\" srcset=\"https:\/\/i0.wp.com\/miradordeatarfe.es\/wp-content\/uploads\/2016\/10\/premi-1.jpeg?w=800&amp;ssl=1 800w, https:\/\/i0.wp.com\/miradordeatarfe.es\/wp-content\/uploads\/2016\/10\/premi-1.jpeg?resize=300%2C229&amp;ssl=1 300w, https:\/\/i0.wp.com\/miradordeatarfe.es\/wp-content\/uploads\/2016\/10\/premi-1.jpeg?resize=768%2C587&amp;ssl=1 768w, https:\/\/i0.wp.com\/miradordeatarfe.es\/wp-content\/uploads\/2016\/10\/premi-1.jpeg?resize=600%2C458&amp;ssl=1 600w\" sizes=\"auto, (max-width: 640px) 100vw, 640px\" \/><\/a><a href=\"https:\/\/i0.wp.com\/miradordeatarfe.es\/wp-content\/uploads\/2016\/10\/MERIT.jpg?ssl=1\"><img data-recalc-dims=\"1\" loading=\"lazy\" decoding=\"async\" class=\"alignnone size-full wp-image-11956\" src=\"https:\/\/i0.wp.com\/miradordeatarfe.es\/wp-content\/uploads\/2016\/10\/MERIT.jpg?resize=640%2C769&#038;ssl=1\" alt=\"merit\" width=\"640\" height=\"769\" srcset=\"https:\/\/i0.wp.com\/miradordeatarfe.es\/wp-content\/uploads\/2016\/10\/MERIT.jpg?w=640&amp;ssl=1 640w, https:\/\/i0.wp.com\/miradordeatarfe.es\/wp-content\/uploads\/2016\/10\/MERIT.jpg?resize=250%2C300&amp;ssl=1 250w, https:\/\/i0.wp.com\/miradordeatarfe.es\/wp-content\/uploads\/2016\/10\/MERIT.jpg?resize=600%2C721&amp;ssl=1 600w\" sizes=\"auto, (max-width: 640px) 100vw, 640px\" \/><\/a><\/p>\n<div class=\"tiled-gallery type-rectangular tiled-gallery-unresized\" data-original-width=\"640\" data-carousel-extra='null' itemscope itemtype=\"http:\/\/schema.org\/ImageGallery\" > <div class=\"gallery-row\" style=\"width: 640px; height: 322px;\" data-original-width=\"640\" data-original-height=\"322\" > <div class=\"gallery-group images-1\" style=\"width: 640px; height: 322px;\" data-original-width=\"640\" data-original-height=\"322\" > <div class=\"tiled-gallery-item tiled-gallery-item-large\" itemprop=\"associatedMedia\" itemscope itemtype=\"http:\/\/schema.org\/ImageObject\"> <a href=\"https:\/\/miradordeatarfe.es\/?attachment_id=11952\" border=\"0\" itemprop=\"url\"> <meta itemprop=\"width\" content=\"636\"> <meta itemprop=\"height\" content=\"318\"> <img decoding=\"async\" class=\"\" data-attachment-id=\"11952\" data-orig-file=\"https:\/\/miradordeatarfe.es\/wp-content\/uploads\/2016\/10\/premi4.jpeg\" data-orig-size=\"660,330\" data-comments-opened=\"\" data-image-meta=\"{&quot;aperture&quot;:&quot;0&quot;,&quot;credit&quot;:&quot;&quot;,&quot;camera&quot;:&quot;&quot;,&quot;caption&quot;:&quot;&quot;,&quot;created_timestamp&quot;:&quot;0&quot;,&quot;copyright&quot;:&quot;&quot;,&quot;focal_length&quot;:&quot;0&quot;,&quot;iso&quot;:&quot;0&quot;,&quot;shutter_speed&quot;:&quot;0&quot;,&quot;title&quot;:&quot;&quot;,&quot;orientation&quot;:&quot;0&quot;}\" data-image-title=\"premi4\" data-image-description=\"\" data-medium-file=\"https:\/\/i0.wp.com\/miradordeatarfe.es\/wp-content\/uploads\/2016\/10\/premi4.jpeg?fit=300%2C150&#038;ssl=1\" data-large-file=\"https:\/\/i0.wp.com\/miradordeatarfe.es\/wp-content\/uploads\/2016\/10\/premi4.jpeg?fit=640%2C320&#038;ssl=1\" src=\"https:\/\/i0.wp.com\/miradordeatarfe.es\/wp-content\/uploads\/2016\/10\/premi4.jpeg?w=636&#038;h=318&#038;ssl=1\" srcset=\"https:\/\/i0.wp.com\/miradordeatarfe.es\/wp-content\/uploads\/2016\/10\/premi4.jpeg?w=660&amp;ssl=1 660w, https:\/\/i0.wp.com\/miradordeatarfe.es\/wp-content\/uploads\/2016\/10\/premi4.jpeg?resize=300%2C150&amp;ssl=1 300w, https:\/\/i0.wp.com\/miradordeatarfe.es\/wp-content\/uploads\/2016\/10\/premi4.jpeg?resize=600%2C300&amp;ssl=1 600w\" width=\"636\" height=\"318\" loading=\"lazy\" data-original-width=\"636\" data-original-height=\"318\" itemprop=\"http:\/\/schema.org\/image\" title=\"premi4\" alt=\"premi4\" style=\"width: 636px; height: 318px;\" \/> <\/a> <\/div> <\/div> <!-- close group --> <\/div> <!-- close row --> <div class=\"gallery-row\" style=\"width: 640px; height: 200px;\" data-original-width=\"640\" data-original-height=\"200\" > <div class=\"gallery-group images-1\" style=\"width: 395px; height: 200px;\" data-original-width=\"395\" data-original-height=\"200\" > <div class=\"tiled-gallery-item tiled-gallery-item-large\" itemprop=\"associatedMedia\" itemscope itemtype=\"http:\/\/schema.org\/ImageObject\"> <a href=\"https:\/\/miradordeatarfe.es\/?attachment_id=11951\" border=\"0\" itemprop=\"url\"> <meta itemprop=\"width\" content=\"391\"> <meta itemprop=\"height\" content=\"196\"> <img decoding=\"async\" class=\"\" data-attachment-id=\"11951\" data-orig-file=\"https:\/\/miradordeatarfe.es\/wp-content\/uploads\/2016\/10\/premi3.jpeg\" data-orig-size=\"660,330\" data-comments-opened=\"\" data-image-meta=\"{&quot;aperture&quot;:&quot;0&quot;,&quot;credit&quot;:&quot;&quot;,&quot;camera&quot;:&quot;&quot;,&quot;caption&quot;:&quot;&quot;,&quot;created_timestamp&quot;:&quot;0&quot;,&quot;copyright&quot;:&quot;&quot;,&quot;focal_length&quot;:&quot;0&quot;,&quot;iso&quot;:&quot;0&quot;,&quot;shutter_speed&quot;:&quot;0&quot;,&quot;title&quot;:&quot;&quot;,&quot;orientation&quot;:&quot;0&quot;}\" data-image-title=\"premi3\" data-image-description=\"\" data-medium-file=\"https:\/\/i0.wp.com\/miradordeatarfe.es\/wp-content\/uploads\/2016\/10\/premi3.jpeg?fit=300%2C150&#038;ssl=1\" data-large-file=\"https:\/\/i0.wp.com\/miradordeatarfe.es\/wp-content\/uploads\/2016\/10\/premi3.jpeg?fit=640%2C320&#038;ssl=1\" src=\"https:\/\/i0.wp.com\/miradordeatarfe.es\/wp-content\/uploads\/2016\/10\/premi3.jpeg?w=391&#038;h=196&#038;ssl=1\" srcset=\"https:\/\/i0.wp.com\/miradordeatarfe.es\/wp-content\/uploads\/2016\/10\/premi3.jpeg?w=660&amp;ssl=1 660w, https:\/\/i0.wp.com\/miradordeatarfe.es\/wp-content\/uploads\/2016\/10\/premi3.jpeg?resize=300%2C150&amp;ssl=1 300w, https:\/\/i0.wp.com\/miradordeatarfe.es\/wp-content\/uploads\/2016\/10\/premi3.jpeg?resize=600%2C300&amp;ssl=1 600w\" width=\"391\" height=\"196\" loading=\"lazy\" data-original-width=\"391\" data-original-height=\"196\" itemprop=\"http:\/\/schema.org\/image\" title=\"premi3\" alt=\"premi3\" style=\"width: 391px; height: 196px;\" \/> <\/a> <\/div> <\/div> <!-- close group --> <div class=\"gallery-group images-1\" style=\"width: 245px; height: 200px;\" data-original-width=\"245\" data-original-height=\"200\" > <div class=\"tiled-gallery-item tiled-gallery-item-small\" itemprop=\"associatedMedia\" itemscope itemtype=\"http:\/\/schema.org\/ImageObject\"> <a href=\"https:\/\/miradordeatarfe.es\/?attachment_id=11948\" border=\"0\" itemprop=\"url\"> <meta itemprop=\"width\" content=\"241\"> <meta itemprop=\"height\" content=\"196\"> <img decoding=\"async\" class=\"\" data-attachment-id=\"11948\" data-orig-file=\"https:\/\/miradordeatarfe.es\/wp-content\/uploads\/2016\/10\/premi-2.jpg\" data-orig-size=\"1024,833\" data-comments-opened=\"\" data-image-meta=\"{&quot;aperture&quot;:&quot;0&quot;,&quot;credit&quot;:&quot;&quot;,&quot;camera&quot;:&quot;&quot;,&quot;caption&quot;:&quot;&quot;,&quot;created_timestamp&quot;:&quot;0&quot;,&quot;copyright&quot;:&quot;&quot;,&quot;focal_length&quot;:&quot;0&quot;,&quot;iso&quot;:&quot;0&quot;,&quot;shutter_speed&quot;:&quot;0&quot;,&quot;title&quot;:&quot;&quot;,&quot;orientation&quot;:&quot;0&quot;}\" data-image-title=\"premi-2\" data-image-description=\"\" data-medium-file=\"https:\/\/i0.wp.com\/miradordeatarfe.es\/wp-content\/uploads\/2016\/10\/premi-2.jpg?fit=300%2C244&#038;ssl=1\" data-large-file=\"https:\/\/i0.wp.com\/miradordeatarfe.es\/wp-content\/uploads\/2016\/10\/premi-2.jpg?fit=640%2C521&#038;ssl=1\" src=\"https:\/\/i0.wp.com\/miradordeatarfe.es\/wp-content\/uploads\/2016\/10\/premi-2.jpg?w=241&#038;h=196&#038;ssl=1\" srcset=\"https:\/\/i0.wp.com\/miradordeatarfe.es\/wp-content\/uploads\/2016\/10\/premi-2.jpg?w=1024&amp;ssl=1 1024w, https:\/\/i0.wp.com\/miradordeatarfe.es\/wp-content\/uploads\/2016\/10\/premi-2.jpg?resize=300%2C244&amp;ssl=1 300w, https:\/\/i0.wp.com\/miradordeatarfe.es\/wp-content\/uploads\/2016\/10\/premi-2.jpg?resize=768%2C625&amp;ssl=1 768w, https:\/\/i0.wp.com\/miradordeatarfe.es\/wp-content\/uploads\/2016\/10\/premi-2.jpg?resize=600%2C488&amp;ssl=1 600w\" width=\"241\" height=\"196\" loading=\"lazy\" data-original-width=\"241\" data-original-height=\"196\" itemprop=\"http:\/\/schema.org\/image\" title=\"premi-2\" alt=\"premi-2\" style=\"width: 241px; height: 196px;\" \/> <\/a> <\/div> <\/div> <!-- close group --> <\/div> <!-- close row --> <\/div>\n","protected":false},"excerpt":{"rendered":"<p>Mar\u00eda Esther Di\u00e1nez Mu\u00f1oz ha obtenido el galard\u00f3n por su compromiso con una educaci\u00f3n p\u00fablica&#8230;<\/p>\n","protected":false},"author":1,"featured_media":11953,"comment_status":"closed","ping_status":"closed","sticky":false,"template":"","format":"standard","meta":{"_coblocks_attr":"","_coblocks_dimensions":"","_coblocks_responsive_height":"","_coblocks_accordion_ie_support":"","jetpack_post_was_ever_published":false,"_jetpack_newsletter_access":"","_jetpack_dont_email_post_to_subs":false,"_jetpack_newsletter_tier_id":0,"_jetpack_memberships_contains_paywalled_content":false,"_jetpack_memberships_contains_paid_content":false,"footnotes":"","jetpack_publicize_message":"","jetpack_publicize_feature_enabled":true,"jetpack_social_post_already_shared":false,"jetpack_social_options":{"image_generator_settings":{"template":"highway","default_image_id":0,"enabled":false},"version":2}},"categories":[2,187,186,44,15],"tags":[1545,3125,3124],"class_list":["post-11945","post","type-post","status-publish","format-standard","has-post-thumbnail","hentry","category-atarfe","category-centros-educativos","category-instituciones","category-noticias-de-hoy","category-ultimas-noticias","tag-atalaya","tag-medalla","tag-merito-a-la-educacion"],"jetpack_publicize_connections":[],"jetpack_featured_media_url":"https:\/\/i0.wp.com\/miradordeatarfe.es\/wp-content\/uploads\/2016\/10\/premi1-2.jpeg?fit=224%2C224&ssl=1","jetpack_likes_enabled":true,"jetpack_sharing_enabled":true,"_links":{"self":[{"href":"https:\/\/miradordeatarfe.es\/index.php?rest_route=\/wp\/v2\/posts\/11945","targetHints":{"allow":["GET"]}}],"collection":[{"href":"https:\/\/miradordeatarfe.es\/index.php?rest_route=\/wp\/v2\/posts"}],"about":[{"href":"https:\/\/miradordeatarfe.es\/index.php?rest_route=\/wp\/v2\/types\/post"}],"author":[{"embeddable":true,"href":"https:\/\/miradordeatarfe.es\/index.php?rest_route=\/wp\/v2\/users\/1"}],"replies":[{"embeddable":true,"href":"https:\/\/miradordeatarfe.es\/index.php?rest_route=%2Fwp%2Fv2%2Fcomments&post=11945"}],"version-history":[{"count":3,"href":"https:\/\/miradordeatarfe.es\/index.php?rest_route=\/wp\/v2\/posts\/11945\/revisions"}],"predecessor-version":[{"id":11957,"href":"https:\/\/miradordeatarfe.es\/index.php?rest_route=\/wp\/v2\/posts\/11945\/revisions\/11957"}],"wp:featuredmedia":[{"embeddable":true,"href":"https:\/\/miradordeatarfe.es\/index.php?rest_route=\/wp\/v2\/media\/11953"}],"wp:attachment":[{"href":"https:\/\/miradordeatarfe.es\/index.php?rest_route=%2Fwp%2Fv2%2Fmedia&parent=11945"}],"wp:term":[{"taxonomy":"category","embeddable":true,"href":"https:\/\/miradordeatarfe.es\/index.php?rest_route=%2Fwp%2Fv2%2Fcategories&post=11945"},{"taxonomy":"post_tag","embeddable":true,"href":"https:\/\/miradordeatarfe.es\/index.php?rest_route=%2Fwp%2Fv2%2Ftags&post=11945"}],"curies":[{"name":"wp","href":"https:\/\/api.w.org\/{rel}","templated":true}]}}