{"id":11976,"date":"2016-11-01T10:15:16","date_gmt":"2016-11-01T09:15:16","guid":{"rendered":"http:\/\/miradordeatarfe.es\/?p=11976"},"modified":"2021-09-22T19:25:43","modified_gmt":"2021-09-22T17:25:43","slug":"11976","status":"publish","type":"post","link":"https:\/\/miradordeatarfe.es\/?p=11976","title":{"rendered":"\u00abLA REALIDAD EDUCATIVA\u00bb por Juan de Dios Fernandez"},"content":{"rendered":"<p>Hola, soy Juan de Dios Fern\u00e1ndez G\u00e1lvez, orientador escolar comenzando el periodo de jubilaci\u00f3n, muchos me conoc\u00e9is porque los \u00faltimos 9 a\u00f1os de mi vida profesional en activo he tenido la suerte de trabajarlos en Atarfe, en los colegios p\u00fablicos de Infantil y Primaria. Juande, como me dicen alumnos, familias y profesorado.<!--more--><\/p>\n<p>Agradezco a Manolo Codina la invitaci\u00f3n a participar en El Mirador de Atarfe, este gran medio de comunicaci\u00f3n entre ciudadanos y de contacto con la realidad m\u00e1s inmediata. Voy a aprovecharla para comentar con vosotras y vosotros algunos aspectos importantes de la realidad educativa actual y qu\u00e9 nos pide la formaci\u00f3n de los actuales ni\u00f1os y ni\u00f1as que han de coger las riendas del futuro tan incierto y cambiante que les espera.<\/p>\n<p>Este futuro cambiante y los grandes cambios producidos en nuestra sociedad (familias, ni\u00f1os y ni\u00f1as, tecnolog\u00edas, ciencias de la educaci\u00f3n\u2026) van a ser referentes para analizar la realidad escolar actual y avanzar los cambios que nos abrir\u00e1n a un futuro con posibilidades. Esto nos lleva al t\u00edtulo de gen\u00e9rico de la secci\u00f3n:<\/p>\n<p>Mi compromiso es de dos textos mensuales, no largos, concretos y recorriendo realidades y necesidades. Son muchas las creencias, verdades que se afirman, que afirmamos y que, aunque fueron verdad en el pasado, ahora no se ajustan ni a la legalidad ni a las demandas sociales, ni a los avances cient\u00edficos:<\/p>\n<ul>\n<li>\u00bfhay que dar todos los contenidos de los libros?;<\/li>\n<li>\u00bfes lo mismo evaluar que calificar?, estar todos los d\u00edas dando notas \u00bfbeneficia o perjudica?;<\/li>\n<li>\u00bfc\u00f3mo aprendemos? \u00bfc\u00f3mo aprenden nuestros hijos? C\u00f3mo se explicaba el aprendizaje en los a\u00f1os 40, en los 60, en los 80, qu\u00e9 nuevos conocimientos hay ahora\u2026;<\/li>\n<li>\u00bfc\u00f3mo tienen que cambiar las aulas para adaptarse a los avances de la ciencia psicol\u00f3gica y pedag\u00f3gica?<\/li>\n<li>\u00bfrecoge la normativa estos avances?<\/li>\n<\/ul>\n<p><i>El primer tema a tratar va a ser conocer qu\u00e9 mandan las leyes actuales sobre la formaci\u00f3n de ni\u00f1os y ni\u00f1as, de los j\u00f3venes. Vamos a conocer los Fines de la Educaci\u00f3n y los Objetivos generales a conseguir en los colegios y en los Institutos. \u00a1Ver\u00e9is qu\u00e9 sorpresa os llev\u00e1is!<\/i><\/p>\n<p>\u00a1QUE SE\u00c1IS FELICES Y HAG\u00c1IS FELICES A QUIENES OS ROD\u00c9AN!<\/p>\n<p>&nbsp;<\/p>\n","protected":false},"excerpt":{"rendered":"<p>Hola, soy Juan de Dios Fern\u00e1ndez G\u00e1lvez, orientador escolar comenzando el periodo de jubilaci\u00f3n, muchos&#8230;<\/p>\n","protected":false},"author":1,"featured_media":11983,"comment_status":"closed","ping_status":"closed","sticky":false,"template":"","format":"standard","meta":{"_coblocks_attr":"","_coblocks_dimensions":"","_coblocks_responsive_height":"","_coblocks_accordion_ie_support":"","jetpack_post_was_ever_published":false,"_jetpack_newsletter_access":"","_jetpack_dont_email_post_to_subs":false,"_jetpack_newsletter_tier_id":0,"_jetpack_memberships_contains_paywalled_content":false,"_jetpack_memberships_contains_paid_content":false,"footnotes":"","jetpack_publicize_message":"","jetpack_publicize_feature_enabled":true,"jetpack_social_post_already_shared":false,"jetpack_social_options":{"image_generator_settings":{"template":"highway","default_image_id":0,"enabled":false},"version":2}},"categories":[3130,44,15],"tags":[81,27],"class_list":["post-11976","post","type-post","status-publish","format-standard","has-post-thumbnail","hentry","category-opinion-de-juan-de-dios-fernandez","category-noticias-de-hoy","category-ultimas-noticias","tag-atarfe","tag-educacion"],"jetpack_publicize_connections":[],"jetpack_featured_media_url":"https:\/\/i0.wp.com\/miradordeatarfe.es\/wp-content\/uploads\/2016\/11\/foto-juande-1.jpg?fit=160%2C160&ssl=1","jetpack_likes_enabled":true,"jetpack_sharing_enabled":true,"_links":{"self":[{"href":"https:\/\/miradordeatarfe.es\/index.php?rest_route=\/wp\/v2\/posts\/11976","targetHints":{"allow":["GET"]}}],"collection":[{"href":"https:\/\/miradordeatarfe.es\/index.php?rest_route=\/wp\/v2\/posts"}],"about":[{"href":"https:\/\/miradordeatarfe.es\/index.php?rest_route=\/wp\/v2\/types\/post"}],"author":[{"embeddable":true,"href":"https:\/\/miradordeatarfe.es\/index.php?rest_route=\/wp\/v2\/users\/1"}],"replies":[{"embeddable":true,"href":"https:\/\/miradordeatarfe.es\/index.php?rest_route=%2Fwp%2Fv2%2Fcomments&post=11976"}],"version-history":[{"count":2,"href":"https:\/\/miradordeatarfe.es\/index.php?rest_route=\/wp\/v2\/posts\/11976\/revisions"}],"predecessor-version":[{"id":11979,"href":"https:\/\/miradordeatarfe.es\/index.php?rest_route=\/wp\/v2\/posts\/11976\/revisions\/11979"}],"wp:featuredmedia":[{"embeddable":true,"href":"https:\/\/miradordeatarfe.es\/index.php?rest_route=\/wp\/v2\/media\/11983"}],"wp:attachment":[{"href":"https:\/\/miradordeatarfe.es\/index.php?rest_route=%2Fwp%2Fv2%2Fmedia&parent=11976"}],"wp:term":[{"taxonomy":"category","embeddable":true,"href":"https:\/\/miradordeatarfe.es\/index.php?rest_route=%2Fwp%2Fv2%2Fcategories&post=11976"},{"taxonomy":"post_tag","embeddable":true,"href":"https:\/\/miradordeatarfe.es\/index.php?rest_route=%2Fwp%2Fv2%2Ftags&post=11976"}],"curies":[{"name":"wp","href":"https:\/\/api.w.org\/{rel}","templated":true}]}}