{"id":11987,"date":"2016-10-31T10:34:06","date_gmt":"2016-10-31T09:34:06","guid":{"rendered":"http:\/\/miradordeatarfe.es\/?p=11987"},"modified":"2016-10-31T10:34:06","modified_gmt":"2016-10-31T09:34:06","slug":"si-no-lees-no-sabes-escribir-y-si-no-sabes-escribir-no-sabes-pensar","status":"publish","type":"post","link":"https:\/\/miradordeatarfe.es\/?p=11987","title":{"rendered":"Si no lees, no sabes escribir, y si no sabes escribir, no sabes pensar"},"content":{"rendered":"<p style=\"text-align: justify;\">Hoy todos escriben, todos quieren expresar\u00a0sus sentimientos y opiniones, pero, \u00bfqui\u00e9n lee? En cierta forma la lectura es una actividad superior a la escritura; s\u00f3lo podemos escribir con el lenguaje que hemos adquirido leyendo.<!--more--><\/p>\n<p style=\"text-align: justify;\">La lectura es la materia prima de la escritura\u00a0y la posibilidad de crear una obra que tenga belleza y profundidad o\u00a0simplemente claridad, se basa en las lecturas que hemos hecho y lo que hemos aprendido de otros autores (sus palabras se vuelven las nuestras, se mezclan con nuestros pensamientos y experiencias). As\u00ed se destila la escritura, como una refinaci\u00f3n del pensamiento no s\u00f3lo personal, sino del tiempo mismo.<\/p>\n<p style=\"text-align: justify;\"><em>Para muchas personas es m\u00e1s atractivo escribir,<\/em> tiene m\u00e1s <em>glamour<\/em>\u00a0\u2013algo que quiz\u00e1s se deba a la inmadurez y al ego\u00edsmo\u2013, pero grandes escritores nos\u00a0dicen que la felicidad en realidad est\u00e1 en la lectura. Borges es especialmente f\u00e9rtil en este sentido: \u00abla\u00a0felicidad, cuando eres\u00a0lector, es frecuente\u00bb. Y la c\u00e9lebre: \u00abQue otros se jacten de las p\u00e1ginas que han escrito; a m\u00ed me enorgullecen las que he le\u00eddo\u00bb.<\/p>\n<p style=\"text-align: justify;\">Hay una frase contundente, que si no mal recuerdo\u00a0es de Juan Jos\u00e9 Arreola<strong>, \u00abSi no lees, no sabes escribir. Si no sabes escribir no sabes pensar\u00bb<\/strong>. Una sencillez afor\u00edstica que debe ser el fruto de la labor intelectual de un buen lector.<\/p>\n<p style=\"text-align: justify;\">Edmund Husserl escribe en su <em>L\u00f3gica formal y L\u00f3gica trascendental:\u00a0<\/em>\u00abEl pensamiento siempre se hace en el lenguaje y est\u00e1 totalmente ligado a la palabra. Pensar, de forma distinta a otras modalidades de la conciencia, es siempre ling\u00fc\u00edstico, siempre un uso del lenguaje\u00bb. As\u00ed que si no tenemos palabras, si no tenemos lecturas en nuestra memoria que enriquezcan nuestro lenguaje, nuestro pensamiento ser\u00e1 muy pobre. Las personas toleran no ser buenos lectores, pero si se les dice que no saben pensar, esto lastima su orgullo\u00a0y, sin embargo, una condiciona a la otra. As\u00ed, la lectura es una herramienta de\u00a0desarrollo fundamental. Y donde mejor se desenvuelve esta herramienta es\u00a0en los libros, no en los peque\u00f1os art\u00edculos que dominan la circulaci\u00f3n de la Web; el encuentro con el lenguaje merece un espacio de concentraci\u00f3n \u2013el medio es tambi\u00e9n el mensaje\u2013, un encuentro a fondo con la mente de un autor que puede haber muerto hace cientos de a\u00f1os pero que vive, al menos mem\u00e9ticamente, en el texto que se trasvasa a nuestra mente.<\/p>\n<p style=\"text-align: justify;\">Podemos tambi\u00e9n preguntarnos\u00a0si es que existe o no la conciencia sin el lenguaje. Aunque una primera lectura de las filosof\u00edas de la India parecer\u00eda indicar que para los pensadores que nos dieron el yoga y la meditaci\u00f3n,\u00a0la conciencia existe m\u00e1s all\u00e1 del pensamiento ling\u00fc\u00edstico (que es, de hecho, todo lo que existe), como ocurre en los estados de absorci\u00f3n meditativa (<em>j\u00f1anas<\/em>), tambi\u00e9n se debe notar que en el hinduismo el universo es generado a partir de la letra A del s\u00e1nscrito, de la cual tambi\u00e9n se deriva la s\u00edlaba creadora OM.<\/p>\n<p style=\"text-align: justify;\">Posteriormente, en el budismo tibetano la letra A del alfabeto tibetano (parecida a la A del s\u00e1nscrito) es tambi\u00e9n\u00a0considerada\u00a0una especie de fuente c\u00f3smica\u00a0creativa, y se representa como emanando los cinco elementos en un<em> thigle <\/em>(<em>bindu<\/em>\u00a0en s\u00e1nscrito). Tenemos por supuesto la c\u00e1bala, donde el universo entero es lo que se produce cuando se pronuncian los nombres divinos; la letra <em>Aleph<\/em>, tiene suprema importancia (como explor\u00f3 Borges en su cuento, donde el <em>Aleph<\/em> es justamente como una especie de <em>thigle<\/em> o punto donde se encuentra la totalidad del universo).<\/p>\n<p style=\"text-align: justify;\">Sin embargo, el mundo es creado con la letra Bet, con la palabra Bereshit, que David Chaim Smith traduce no como inicio, sino algo as\u00ed como \u00ab<em>inicialidad\u00bb\u00a0<\/em>(<em>beginingness<\/em>), para denotar la constancia de la creaci\u00f3n, un acto perenne que no ocurre en el pasado, sino en el presente. En suma, el mundo se crea con la palabra y esto es as\u00ed no s\u00f3lo en una visi\u00f3n esot\u00e9rica o religiosa de la realidad, lo es en nuestra vida cotidiana: s\u00f3lo alcanzamos a distinguir las formas una vez que tenemos los nombres.<\/p>\n<p style=\"text-align: justify;\"><img data-recalc-dims=\"1\" decoding=\"async\" src=\"https:\/\/i0.wp.com\/s-media-cache-ak0.pinimg.com\/564x\/e3\/88\/4d\/e3884da1adea1b9b1e0382e612726547.jpg?w=640&#038;ssl=1\" alt=\"\" \/><\/p>\n<p style=\"text-align: justify;\">De cualquier manera queda claro que la lectura como surtidor de las palabras que animan nuestra conciencia es un aspecto esencial de lo que es un ser humano que piensa el\u00a0mundo. <strong>Podemos existir sin pensar,\u00a0y a veces el pensamiento se convierte en un ruido que enferma la mente, pero en\u00a0el pensamiento, con el poder de la palabra, tenemos una potencia divina.<\/strong> Como escribi\u00f3 H\u00f6lderlin:<\/p>\n<p style=\"text-align: justify;\">Sin embargo, nos compete, bajo la tormenta\u00a0de Dios,<\/p>\n<p style=\"text-align: justify;\">Oh poetas, erguidos y con la cabeza descubierta,<\/p>\n<p style=\"text-align: justify;\">Asir con nuestras propias manos el rayo de luz del Padre,<\/p>\n<p style=\"text-align: justify;\">Y pasar, envuelto en canci\u00f3n, ese regalo divino a la gente.<\/p>\n<p style=\"text-align: justify;\">\n<p style=\"text-align: justify;\">Twitter del autor: <a href=\"http:\/\/twitter.com\/alepholo\" target=\"_blank\" rel=\"nofollow\">@alepholo<\/a><\/p>\n","protected":false},"excerpt":{"rendered":"<p>Hoy todos escriben, todos quieren expresar\u00a0sus sentimientos y opiniones, pero, \u00bfqui\u00e9n lee? En cierta forma&#8230;<\/p>\n","protected":false},"author":1,"featured_media":11988,"comment_status":"closed","ping_status":"closed","sticky":false,"template":"","format":"standard","meta":{"_coblocks_attr":"","_coblocks_dimensions":"","_coblocks_responsive_height":"","_coblocks_accordion_ie_support":"","jetpack_post_was_ever_published":false,"_jetpack_newsletter_access":"","_jetpack_dont_email_post_to_subs":false,"_jetpack_newsletter_tier_id":0,"_jetpack_memberships_contains_paywalled_content":false,"_jetpack_memberships_contains_paid_content":false,"footnotes":"","jetpack_publicize_message":"","jetpack_publicize_feature_enabled":true,"jetpack_social_post_already_shared":false,"jetpack_social_options":{"image_generator_settings":{"template":"highway","default_image_id":0,"enabled":false},"version":2}},"categories":[186,9,44,15],"tags":[3131,491,2993],"class_list":["post-11987","post","type-post","status-publish","format-standard","has-post-thumbnail","hentry","category-instituciones","category-medio-ambiente","category-noticias-de-hoy","category-ultimas-noticias","tag-escritura","tag-lectura","tag-pensamiento"],"jetpack_publicize_connections":[],"jetpack_featured_media_url":"https:\/\/i0.wp.com\/miradordeatarfe.es\/wp-content\/uploads\/2016\/10\/leer.jpg?fit=581%2C459&ssl=1","jetpack_likes_enabled":true,"jetpack_sharing_enabled":true,"_links":{"self":[{"href":"https:\/\/miradordeatarfe.es\/index.php?rest_route=\/wp\/v2\/posts\/11987","targetHints":{"allow":["GET"]}}],"collection":[{"href":"https:\/\/miradordeatarfe.es\/index.php?rest_route=\/wp\/v2\/posts"}],"about":[{"href":"https:\/\/miradordeatarfe.es\/index.php?rest_route=\/wp\/v2\/types\/post"}],"author":[{"embeddable":true,"href":"https:\/\/miradordeatarfe.es\/index.php?rest_route=\/wp\/v2\/users\/1"}],"replies":[{"embeddable":true,"href":"https:\/\/miradordeatarfe.es\/index.php?rest_route=%2Fwp%2Fv2%2Fcomments&post=11987"}],"version-history":[{"count":1,"href":"https:\/\/miradordeatarfe.es\/index.php?rest_route=\/wp\/v2\/posts\/11987\/revisions"}],"predecessor-version":[{"id":11989,"href":"https:\/\/miradordeatarfe.es\/index.php?rest_route=\/wp\/v2\/posts\/11987\/revisions\/11989"}],"wp:featuredmedia":[{"embeddable":true,"href":"https:\/\/miradordeatarfe.es\/index.php?rest_route=\/wp\/v2\/media\/11988"}],"wp:attachment":[{"href":"https:\/\/miradordeatarfe.es\/index.php?rest_route=%2Fwp%2Fv2%2Fmedia&parent=11987"}],"wp:term":[{"taxonomy":"category","embeddable":true,"href":"https:\/\/miradordeatarfe.es\/index.php?rest_route=%2Fwp%2Fv2%2Fcategories&post=11987"},{"taxonomy":"post_tag","embeddable":true,"href":"https:\/\/miradordeatarfe.es\/index.php?rest_route=%2Fwp%2Fv2%2Ftags&post=11987"}],"curies":[{"name":"wp","href":"https:\/\/api.w.org\/{rel}","templated":true}]}}