{"id":11990,"date":"2016-10-31T10:40:54","date_gmt":"2016-10-31T09:40:54","guid":{"rendered":"http:\/\/miradordeatarfe.es\/?p=11990"},"modified":"2016-10-31T10:42:13","modified_gmt":"2016-10-31T09:42:13","slug":"detenido-en-atarfe-por-abrir-fuego-en-un-bar-porque-no-subian-el-volumen-de-la-musica","status":"publish","type":"post","link":"https:\/\/miradordeatarfe.es\/?p=11990","title":{"rendered":"Detenido en Atarfe por abrir fuego en un bar porque no sub\u00edan el volumen de la m\u00fasica"},"content":{"rendered":"<p style=\"text-align: justify;\">Lleg\u00f3 a amenazar a propietarios y clientes del local colocando el arma en la cabeza de algunos de ellos<!--more--><\/p>\n<p style=\"text-align: justify;\">La <strong>Guardia Civil <\/strong>ha detenido a una persona de 45 a\u00f1os por los presuntos delitos de amenazas con arma de fuego y alteraci\u00f3n del orden p\u00fablico en un local de Atarfe. Tambi\u00e9n se a\u00f1ade el presunto delito de da\u00f1os, ya que realiz\u00f3 varios disparos. Los hechos sucedieron de madrugada en un disco pub de Atarfe en las inmediaciones de la Avenida de la Estaci\u00f3n. El detenido se encontraba tomando unas bebidas. Eran las dos de la madrugada y, de buenas a primeras, le entr\u00f3 un arrebato. Los testimonios de los clientes presentes a\u00f1aden que comenz\u00f3 a discutir con la propietaria del establecimiento. Al parecer, la raz\u00f3n era que le gustaba mucho la canci\u00f3n que hab\u00edan puesto, y pidi\u00f3 insistentemente que elevasen el sonido. Al ser de madrugada, no quisieron subir el volumen del equipo de m\u00fasica. Fue entonces cuando el detenido sac\u00f3 una pistola de balines modificada para poder hacer fuego real.<\/p>\n<p style=\"text-align: justify;\">Amenaz\u00f3 a la camarera y a la due\u00f1a del local, y al parecer, le puso el ca\u00f1\u00f3n de la pistola a una clienta en la cabeza, seg\u00fan denunciaron en la Guardia Civil. Despu\u00e9s, el detenido realiz\u00f3 dos disparos. Los balines impactaron en la m\u00e1quina de aire acondicionado, siendo localizados como prueba por los agentes de la Guardia Civil.<\/p>\n<ul class=\"inline\">\n<li style=\"text-align: justify;\">\n<p class=\"autor\"><span class=\"avatar\">Antonio Mansilla<\/span><\/p>\n<\/li>\n<li style=\"text-align: justify;\"><a href=\"http:\/\/www.ideal.es\/granada\/provincia-granada\/201610\/31\/detenido-atarfe-abrir-fuego-20161031091232.html\">http:\/\/www.ideal.es\/granada\/provincia-granada\/201610\/31\/detenido-atarfe-abrir-fuego-20161031091232.html<\/a><\/li>\n<\/ul>\n","protected":false},"excerpt":{"rendered":"<p>Lleg\u00f3 a amenazar a propietarios y clientes del local colocando el arma en la cabeza&#8230;<\/p>\n","protected":false},"author":1,"featured_media":11991,"comment_status":"closed","ping_status":"closed","sticky":false,"template":"","format":"standard","meta":{"_coblocks_attr":"","_coblocks_dimensions":"","_coblocks_responsive_height":"","_coblocks_accordion_ie_support":"","jetpack_post_was_ever_published":false,"_jetpack_newsletter_access":"","_jetpack_dont_email_post_to_subs":false,"_jetpack_newsletter_tier_id":0,"_jetpack_memberships_contains_paywalled_content":false,"_jetpack_memberships_contains_paid_content":false,"footnotes":"","jetpack_publicize_message":"","jetpack_publicize_feature_enabled":true,"jetpack_social_post_already_shared":false,"jetpack_social_options":{"image_generator_settings":{"template":"highway","default_image_id":0,"enabled":false},"version":2}},"categories":[2,9,44,15],"tags":[3133,3132],"class_list":["post-11990","post","type-post","status-publish","format-standard","has-post-thumbnail","hentry","category-atarfe","category-medio-ambiente","category-noticias-de-hoy","category-ultimas-noticias","tag-detenidos","tag-pub"],"jetpack_publicize_connections":[],"jetpack_featured_media_url":"https:\/\/i0.wp.com\/miradordeatarfe.es\/wp-content\/uploads\/2016\/10\/tiro.jpg?fit=317%2C159&ssl=1","jetpack_likes_enabled":true,"jetpack_sharing_enabled":true,"_links":{"self":[{"href":"https:\/\/miradordeatarfe.es\/index.php?rest_route=\/wp\/v2\/posts\/11990","targetHints":{"allow":["GET"]}}],"collection":[{"href":"https:\/\/miradordeatarfe.es\/index.php?rest_route=\/wp\/v2\/posts"}],"about":[{"href":"https:\/\/miradordeatarfe.es\/index.php?rest_route=\/wp\/v2\/types\/post"}],"author":[{"embeddable":true,"href":"https:\/\/miradordeatarfe.es\/index.php?rest_route=\/wp\/v2\/users\/1"}],"replies":[{"embeddable":true,"href":"https:\/\/miradordeatarfe.es\/index.php?rest_route=%2Fwp%2Fv2%2Fcomments&post=11990"}],"version-history":[{"count":1,"href":"https:\/\/miradordeatarfe.es\/index.php?rest_route=\/wp\/v2\/posts\/11990\/revisions"}],"predecessor-version":[{"id":11992,"href":"https:\/\/miradordeatarfe.es\/index.php?rest_route=\/wp\/v2\/posts\/11990\/revisions\/11992"}],"wp:featuredmedia":[{"embeddable":true,"href":"https:\/\/miradordeatarfe.es\/index.php?rest_route=\/wp\/v2\/media\/11991"}],"wp:attachment":[{"href":"https:\/\/miradordeatarfe.es\/index.php?rest_route=%2Fwp%2Fv2%2Fmedia&parent=11990"}],"wp:term":[{"taxonomy":"category","embeddable":true,"href":"https:\/\/miradordeatarfe.es\/index.php?rest_route=%2Fwp%2Fv2%2Fcategories&post=11990"},{"taxonomy":"post_tag","embeddable":true,"href":"https:\/\/miradordeatarfe.es\/index.php?rest_route=%2Fwp%2Fv2%2Ftags&post=11990"}],"curies":[{"name":"wp","href":"https:\/\/api.w.org\/{rel}","templated":true}]}}