{"id":12034,"date":"2016-11-01T09:24:47","date_gmt":"2016-11-01T08:24:47","guid":{"rendered":"http:\/\/miradordeatarfe.es\/?p=12034"},"modified":"2016-11-01T10:18:00","modified_gmt":"2016-11-01T09:18:00","slug":"lourdes-pastor-tenemos-que-construir-nuestro-mundo-fuera-del-patriarcado","status":"publish","type":"post","link":"https:\/\/miradordeatarfe.es\/?p=12034","title":{"rendered":"Lourdes Pastor: \u201cTenemos que construir nuestro mundo fuera del patriarcado\u201d"},"content":{"rendered":"<p>Lourdes Pastor, coordinadora, explica los objetivos del Feminario que se celebra los pr\u00f3ximos 10, 11 y 12 de noviembre en C\u00f3rdoba.<!--more--><\/p>\n<p style=\"text-align: justify;\"><i>La Plataforma Andaluza de Apoyo al Lobby Europeo (PALEM) y El Instituto Andaluz de la Mujer organizan el XXVII Feminario que se celebra en C\u00f3rdoba los pr\u00f3ximos d\u00edas 10, 11 y 12 de noviembre. \u2018El Feminismo ante los Cambios Sociales, de la Teor\u00eda a la Acci\u00f3n\u2019 es el t\u00edtulo que lleva el encuentro para este 2016. \u201cDe la teor\u00eda a la acci\u00f3n es nuestro lema, tenemos que construir nuestro propio mundo fuera del patriarcado\u201d, defiende Lourdes Pastor, coordinadora del Feminario.<\/i><\/p>\n<p style=\"text-align: justify;\"><img data-recalc-dims=\"1\" loading=\"lazy\" decoding=\"async\" class=\"alignleft size-medium wp-image-15786\" src=\"https:\/\/i0.wp.com\/tribunafeminista.org\/wordpress\/wp-content\/uploads\/2016\/10\/feminario-cordoba-227x300.png?resize=227%2C300\" sizes=\"auto, (max-width: 227px) 100vw, 227px\" srcset=\"http:\/\/tribunafeminista.org\/wordpress\/wp-content\/uploads\/2016\/10\/feminario-cordoba-227x300.png 227w, http:\/\/tribunafeminista.org\/wordpress\/wp-content\/uploads\/2016\/10\/feminario-cordoba.png 379w\" alt=\"feminario-cordoba\" width=\"227\" height=\"300\" \/>La Plataforma Andaluza de Apoyo al Lobby Europeo (PALEM) organiza, junto con el Instituto Andaluz de la Mujer, el XXVII Feminario El Feminismo ante los Cambios Sociales, de la Teor\u00eda a la Acci\u00f3n. Durante los pr\u00f3ximos d\u00edas 10, 11 y 12 de noviembre, C\u00f3rdoba ser\u00e1 la sede de este seminario que se celebra cada a\u00f1o de la mano de PALEM.<\/p>\n<p style=\"text-align: justify;\">Lourdes Pastor, coordinadora del Feminario, ha puesto de relieve la necesidad de esta clase de eventos: \u201cEs fundamental que se celebren este tipo de seminarios, porque es ah\u00ed donde se crean las redes entre las organizaciones de mujeres y se intercambian opiniones\u201d. Este es uno de los objetivos del seminario, pero no el \u00fanico.<\/p>\n<p style=\"text-align: justify;\">\u201cNuestro Feminario, de la Teor\u00eda a la Acci\u00f3n, tiene el objetivo de dise\u00f1ar estrategias para que las ONGs de mujeres sean consideradas como agentes sociales, porque lo somos aunque no se nos reconozca. Estamos transformando la historia y el presente\u201d, reivindica Pastor.<\/p>\n<p style=\"text-align: justify;\">A nivel pol\u00edtico, estas organizaciones no tienen la categor\u00eda que merecen, seg\u00fan cuenta la coordinadora. \u201cLos poderes pol\u00edticos quieren que sigamos haciendo nuestra labor desde el voluntariado. Pero si trabajamos dos horas a la semana, no vamos a hacer nada por los derechos de las mujeres\u201d, protesta Pastor.<\/p>\n<h3 class=\"spip\" style=\"text-align: justify;\">De la teor\u00eda a la acci\u00f3n<\/h3>\n<p style=\"text-align: justify;\">Fundamentadas siempre bajo una formaci\u00f3n feminista \u2013como la que ofrece el programa- reivindican un paso hacia la acci\u00f3n. Adem\u00e1s de los diferentes debates que organizan, el d\u00eda 12 de noviembre convocan una marcha-protesta en el marco del propio seminario. \u201cTenemos que pasar a la acci\u00f3n por los derechos de las mujeres. Nos manifestamos el 8 de marzo, el 25 de noviembre contra la violencia de g\u00e9nero. Pero ya llevamos a\u00f1os as\u00ed, en los que los asesinatos son la \u00faltima consecuencia de la violencia estructural\u201d, cuenta Pastor.<\/p>\n<p style=\"text-align: justify;\">\u201cLas mujeres tenemos que ser independientes, empoderadas y reconocidas socialmente. Queremos ser dise\u00f1adoras de nuestro mundo. Ahora nos encontramos en un sistema patriarcal donde nos vamos haciendo hueco poco a poco, pero queremos dise\u00f1ar nuestro mundo fuera del patriarcado\u201d, explica la coordinadora del Feminario. Por todo ello, su lema es \u201cde la teor\u00eda a la acci\u00f3n\u201d.<\/p>\n<h3 class=\"spip\" style=\"text-align: justify;\">Tem\u00e1ticas diversas<\/h3>\n<p style=\"text-align: justify;\">El Feminario trata temas muy diversos, siempre con una base te\u00f3rica feminista. \u201cNosotras recordamos a mujeres como Flora Trist\u00e1n, que reivindic\u00f3 la clase obrera y nunca se le reconoci\u00f3 por ser mujer\u201d, defiende Pastor. Y es que las materias que se tratan son muchas, desde filosof\u00eda feminista hasta temas m\u00e1s concretos: \u201cHablamos de la custodia compartida, explicamos esa tr\u00e1gica realidad de mujeres que se separan y son denunciadas por padres maltratadores; de la desigualdad salarial\u2026\u201d, cuenta la coordinadora.<\/p>\n<p style=\"text-align: justify;\">Otra de las tem\u00e1ticas a tratar es el cuerpo de las mujeres. \u201cLa sociedad entiende nuestros cuerpos como un objeto, se nos cosifica. No solo en la televisi\u00f3n, sino en la propia compra de los cuerpos: la prostituci\u00f3n, la trata\u2026\u201d, explica Pastor.<\/p>\n<p style=\"text-align: justify;\">\u201cNuestro p\u00fablico es muy diverso desde la edad hasta su formaci\u00f3n. Es intergeneracional: tenemos desde chicas de 15, 18 hasta 25, pero tambi\u00e9n contamos con mujeres de m\u00e1s de 70. Lo mismo pasa con su formaci\u00f3n: recibimos a catedr\u00e1ticas, pol\u00edticas o personas que trabajan a nivel de ONGs\u201d, explica la coordinadora. \u201cCualquier mujer tiene cabida en este seminario, que tiene una cercan\u00eda que no todos tienen\u201d, defiende.<\/p>\n<p style=\"text-align: justify;\">PROGRAMA E INSCRIPCI\u00d3NES:<\/p>\n<p><a href=\"http:\/\/www.mujereslobby.org\/\">http:\/\/www.mujereslobby.org\/<\/a><\/p>\n<p style=\"text-align: justify;\">\n<p style=\"text-align: justify;\">\n<p>http:\/\/tribunafeminista.org\/2016\/10\/lourdes-pastor-tenemos-que-construir-nuestro-mundo-fuera-del-patriarcado\/<\/p>\n","protected":false},"excerpt":{"rendered":"<p>Lourdes Pastor, coordinadora, explica los objetivos del Feminario que se celebra los pr\u00f3ximos 10, 11&#8230;<\/p>\n","protected":false},"author":1,"featured_media":12035,"comment_status":"closed","ping_status":"closed","sticky":false,"template":"","format":"standard","meta":{"_coblocks_attr":"","_coblocks_dimensions":"","_coblocks_responsive_height":"","_coblocks_accordion_ie_support":"","jetpack_post_was_ever_published":false,"_jetpack_newsletter_access":"","_jetpack_dont_email_post_to_subs":false,"_jetpack_newsletter_tier_id":0,"_jetpack_memberships_contains_paywalled_content":false,"_jetpack_memberships_contains_paid_content":false,"footnotes":"","jetpack_publicize_message":"","jetpack_publicize_feature_enabled":true,"jetpack_social_post_already_shared":false,"jetpack_social_options":{"image_generator_settings":{"template":"highway","default_image_id":0,"enabled":false},"version":2}},"categories":[14,44,15],"tags":[1532,41,562,1155],"class_list":["post-12034","post","type-post","status-publish","format-standard","has-post-thumbnail","hentry","category-feminismo","category-noticias-de-hoy","category-ultimas-noticias","tag-feminario","tag-feminismo","tag-machismo","tag-patriarcado"],"jetpack_publicize_connections":[],"jetpack_featured_media_url":"https:\/\/i0.wp.com\/miradordeatarfe.es\/wp-content\/uploads\/2016\/10\/fotos-del-movil-1105.jpg?fit=1600%2C1200&ssl=1","jetpack_likes_enabled":true,"jetpack_sharing_enabled":true,"_links":{"self":[{"href":"https:\/\/miradordeatarfe.es\/index.php?rest_route=\/wp\/v2\/posts\/12034","targetHints":{"allow":["GET"]}}],"collection":[{"href":"https:\/\/miradordeatarfe.es\/index.php?rest_route=\/wp\/v2\/posts"}],"about":[{"href":"https:\/\/miradordeatarfe.es\/index.php?rest_route=\/wp\/v2\/types\/post"}],"author":[{"embeddable":true,"href":"https:\/\/miradordeatarfe.es\/index.php?rest_route=\/wp\/v2\/users\/1"}],"replies":[{"embeddable":true,"href":"https:\/\/miradordeatarfe.es\/index.php?rest_route=%2Fwp%2Fv2%2Fcomments&post=12034"}],"version-history":[{"count":1,"href":"https:\/\/miradordeatarfe.es\/index.php?rest_route=\/wp\/v2\/posts\/12034\/revisions"}],"predecessor-version":[{"id":12036,"href":"https:\/\/miradordeatarfe.es\/index.php?rest_route=\/wp\/v2\/posts\/12034\/revisions\/12036"}],"wp:featuredmedia":[{"embeddable":true,"href":"https:\/\/miradordeatarfe.es\/index.php?rest_route=\/wp\/v2\/media\/12035"}],"wp:attachment":[{"href":"https:\/\/miradordeatarfe.es\/index.php?rest_route=%2Fwp%2Fv2%2Fmedia&parent=12034"}],"wp:term":[{"taxonomy":"category","embeddable":true,"href":"https:\/\/miradordeatarfe.es\/index.php?rest_route=%2Fwp%2Fv2%2Fcategories&post=12034"},{"taxonomy":"post_tag","embeddable":true,"href":"https:\/\/miradordeatarfe.es\/index.php?rest_route=%2Fwp%2Fv2%2Ftags&post=12034"}],"curies":[{"name":"wp","href":"https:\/\/api.w.org\/{rel}","templated":true}]}}