{"id":12088,"date":"2016-11-04T10:15:51","date_gmt":"2016-11-04T09:15:51","guid":{"rendered":"http:\/\/miradordeatarfe.es\/?p=12088"},"modified":"2016-11-04T09:46:47","modified_gmt":"2016-11-04T08:46:47","slug":"la-autoestopista-por-manuel-sierra","status":"publish","type":"post","link":"https:\/\/miradordeatarfe.es\/?p=12088","title":{"rendered":"\u201cLA AUTOESTOPISTA\u201d por Manuel Sierra"},"content":{"rendered":"<p style=\"text-align: justify;\">PRELUDIO A LAS HISTORIAS INVENTADAS.<\/p>\n<p style=\"text-align: justify;\">Con este relato (\u201cLA AUTOESTOPISTA\u201d) empiezo una serie de historias inventadas, o quiz\u00e1s no tanto, que no guardan m\u00e1s relaci\u00f3n con mi biograf\u00eda que el nombre del protagonista.<\/p>\n<p style=\"text-align: justify;\"><!--more--><\/p>\n<p style=\"text-align: justify;\">Algunas, como \u00e9sta, son la mezcla de recuerdos vividos en una edad anterior con el deseo de que las cosas hubiesen sido de otra manera a como realmente ocurrieron. Ya sab\u00e9is, c\u00f3mo mejorar lo andado, si hubieseis podido adivinar esos pasos. Las referencias a lugares, tiempos, etc., son simplemente recursos literarios.<\/p>\n<p style=\"text-align: justify;\">Gracias por vuestra atenci\u00f3n y espero que os gusten.<\/p>\n<p style=\"text-align: justify;\">P.D. Lo que no puedo garantizar es el ritmo de entrega, as\u00ed que ir\u00e1n llegando conforme la inspiraci\u00f3n me lo permita.<\/p>\n<p style=\"text-align: justify;\">MEMORIAS DE UNA HISTORIA INVENTADA: LA AUTOESTOPISTA<\/p>\n<p style=\"text-align: justify;\">La otra tarde ven\u00eda a Atarfe en el autob\u00fas, desde Granada, por la carretera de Badajoz, medio somnoliento, y en una de las veces que mir\u00e9 hacia el lado derecho de la autov\u00eda, all\u00ed estaba ella, con su vestimenta ligera, algo hippie, los pelos rubios, abundantes, en una descuidada melena; tendr\u00eda unos veinticinco a\u00f1os y hac\u00eda el adem\u00e1n t\u00edpico de los autoestopistas.<\/p>\n<p style=\"text-align: justify;\">No pod\u00eda ser Kristel, no! Hab\u00edan pasado m\u00e1s de veinte a\u00f1os,&#8230;<\/p>\n<p style=\"text-align: justify;\">Corr\u00eda 1992. Yo trabajaba de comercial para una marca de coches, como agente de ventas, y al menos cada quince d\u00edas ten\u00eda que desplazarme a Sevilla para asistir a reuniones, juntas, congresos, convenciones, con el fin de coordinar planes, elaborar estrategias de ventas, comparar resultados, fijar objetivos, etc. Casi siempre los mi\u00e9rcoles alternos cog\u00eda el Renault Laguna de la empresa y sal\u00eda desde nuestra sede en la carretera de Badajoz (actual autov\u00eda de M\u00e1laga) hacia Sevilla, en total unas 2 horas y media, porque paraba en Loja o en Antequera para reponer fuerzas con un caf\u00e9 y media tostada.<\/p>\n<p style=\"text-align: justify;\"><a href=\"https:\/\/i0.wp.com\/miradordeatarfe.es\/wp-content\/uploads\/2016\/11\/renaultgranada.jpg?ssl=1\"><img data-recalc-dims=\"1\" loading=\"lazy\" decoding=\"async\" class=\"size-full wp-image-12091 aligncenter\" src=\"https:\/\/i0.wp.com\/miradordeatarfe.es\/wp-content\/uploads\/2016\/11\/renaultgranada.jpg?resize=424%2C234&#038;ssl=1\" alt=\"renaultgranada\" width=\"424\" height=\"234\" srcset=\"https:\/\/i0.wp.com\/miradordeatarfe.es\/wp-content\/uploads\/2016\/11\/renaultgranada.jpg?w=424&amp;ssl=1 424w, https:\/\/i0.wp.com\/miradordeatarfe.es\/wp-content\/uploads\/2016\/11\/renaultgranada.jpg?resize=300%2C166&amp;ssl=1 300w\" sizes=\"auto, (max-width: 424px) 100vw, 424px\" \/><\/a><\/p>\n<p style=\"text-align: justify;\">Recuerdo que era la segunda quincena de junio porque estaban pr\u00f3ximas mis vacaciones. A eso de las 9 de la ma\u00f1ana y junto a la gasolinera colindante a nuestro concesionario una chica rubia, muy guapa, con su vestimenta hipilonga compuesta por unos pantalones de campana y una camisa blanca abierta por delante, con un cordel de c\u00e1\u00f1amo alrededor de su cintura, a modo de correa, su larga y cuidada cabellera hasta la cintura, un sombrero ibicenco verde oscuro y sus enormes gafas de sol, con una pesada mochila verde militar a los pies y su dedo pulgar pidiendo qui\u00e9n puede llevarme. Par\u00e9 porque el coche estaba tieso de gasoil y hab\u00eda que llenar el tanque; y en ello estaba cuando a mi espalda alguien me llam\u00f3 la atenci\u00f3n: \u201cpog favog, se\u00f1og -me volv\u00ed con cierta pausa-,se quit\u00f3 las gafas de sol y unos ojos de un verde intenso, enigm\u00e1ticos, dentro de un rostro pintado por Leonardo da Vinci, me dejaron sin habla unos segundos, \u00bfpuede llevagme?\u201d. Era ella. Al principio iba a contestar que no (siempre he sido un poco reacio a llevar a desconocidos a pesar de su fragilidad aparente), que solo iba a llenar el dep\u00f3sito y volver a la oficina, pero algo en mi interior me dec\u00eda que no pod\u00eda mentirle a ese par de ojazos, y por otra parte, si no la cog\u00eda yo, es posible que alg\u00fan desgraciado la cogiese,&#8230; y no quer\u00eda ni pensar lo que podr\u00eda hacer cualquier malnacido con aquella criatura divina. Si es que, \u2026 en el fondo, soy un caballero.<\/p>\n<p style=\"text-align: justify;\">Depende, le dije, donde vas?<\/p>\n<p style=\"text-align: justify;\">Era sin lugar a dudas una de las f\u00e9minas m\u00e1s atractivas que hab\u00eda visto nunca en vivo y en directo. Ella era consciente del debate interno que yo ten\u00eda. Su boca hizo una mueca de sonrisa y me dijo, encogi\u00e9ndose de hombros: Quisiega ir a Sevilia, a veg una amiga.<\/p>\n<p style=\"text-align: justify;\">Una vez recuper\u00e9 la compostura, la invit\u00e9 a subir al coche: Bueno, yo voy a Sevilla, puedo dejarte donde me digas. Te parece?<\/p>\n<p style=\"text-align: justify;\">Ok. Sevilia, Sevilla, pegdona, mi espaniol no es muy bien; cgeo que ahoga est\u00e1 muy bonita, Sevilia (y par\u00f3 un poco, sin duda intentando recordar como decir algo en espa\u00f1ol) me han dicho, ggacias, mientras volv\u00eda a encogerse de hombros. Puedo echag la mochila?<\/p>\n<p style=\"text-align: justify;\">Espera, ya la echo yo, y como pesaba la condenada mochila. Qu\u00e9 llevas dentro, a tu novio?<\/p>\n<p style=\"text-align: justify;\">Ella sonri\u00f3, me mir\u00f3 y con una p\u00edcara elevaci\u00f3n de hombros me dijo que no, que ella no ten\u00eda novio.<\/p>\n<p style=\"text-align: justify;\">Suspir\u00e9. Seguramente ella pens\u00f3 que era por el esfuerzo de echar la mochila al maletero. Se sent\u00f3 en el asiento del copiloto mientras fui a pagar a Jose, el gasolinero, quien me gui\u00f1\u00f3 un ojo y me hizo el signo de todo va bien levantando el pulgar de sus dos manos: \u00a1Torero! \u00a1Fen\u00f3meno!<\/p>\n<p style=\"text-align: justify;\">No seas malpensao, Jose, que solo la llevo a Sevilla.<\/p>\n<p style=\"text-align: justify;\">Pobrecita!!, me sonri\u00f3 mi gasolinero, mientras juntaba sus manos y pon\u00eda en su cara la pose del perfecto samaritano. Qu\u00e9 suerte ten\u00e9is algunos, jo\u00edo!<\/p>\n<p style=\"text-align: justify;\">Durante el trayecto me cont\u00f3 que era estadounidense, de un peque\u00f1o pueblo del estado de Michigan, junto a Ann Arbor, que estudi\u00f3 en la Universidad de Michigan por la cercan\u00eda y porque su familia era de clase media. Su nombre era Kristel (no s\u00e9 por qu\u00e9 me acord\u00e9 de la hero\u00edna de Los inhumanos, el c\u00f3mic que tanto me gustaba en mi adolescencia), que ten\u00eda 22 a\u00f1os y que hab\u00eda venido a Espa\u00f1a para afianzar el conocimiento del idioma, ya que estudiaba castellano en la universidad porque quer\u00eda ser maestra de espa\u00f1ol, aunque en el tiempo que llevaba aqu\u00ed tampoco desechaba la posibilidad de ser profesora de ingl\u00e9s en nuestro pa\u00eds o en alg\u00fan otro pa\u00eds europeo, aunque fuese en alguna academia privada. Oirla era agradable, ten\u00eda un tono de voz dulce, acompasado, pero sobre todo era divertida, y su risa contagiosa semejaba una cascada de frescura y vitalidad. Casi sin darnos cuenta llegamos a Loja, donde par\u00e9 como siempre en el \u00c1rea de Servicio para tomar algo de desayuno. Ella me dijo que me esperaba junto al coche (seguramente llevaba poco dinero y no quiso parecer una aprovechada), a lo que yo me negu\u00e9, y casi tuve que obligarla a acompa\u00f1arme para tomarnos un caf\u00e9 con algo con media tostada de aceite y jam\u00f3n (le encantaba el jam\u00f3n, me dijo luego).<\/p>\n<p style=\"text-align: justify;\">Antes de subirnos al coche, y mientras Kristel iba a los servicios, tuve que aguantar las bromas de Juan y Toni, los dos camareros a los que conoc\u00eda en el Area de Servicio, en sinton\u00eda con las de Jose, mi gasolinero de Gran\u00e1 que ya os he contado. Que aproveche!!<\/p>\n<p style=\"text-align: justify;\">El resto del viaje fue relajado, sin excesivo tr\u00e1fico. Entre Loja y Osuna intercambiamos informaci\u00f3n personal y cada uno puso al d\u00eda al otro de nuestra respectiva situaci\u00f3n civil y laboral, ambos est\u00e1bamos solteros y sin compromiso, porque ella acababa de romper una relaci\u00f3n precisamente por venirse a Espa\u00f1a, y por mi parte, hac\u00eda solo unas semanas que cort\u00e9 un noviazgo de varios a\u00f1os que no iba a ning\u00fan sitio. Me coment\u00f3 que iba a Sevilla a ver a una amiga compa\u00f1era de la Universidad que estudiaba en r\u00e9gimen de intercambio all\u00ed. Que ten\u00eda fijada su residencia en Granada porque le dijeron en la Universidad que la de Granada era una de las mejores en cuanto al conocimiento y estudio de la lengua castellana. No ten\u00eda idea yo de lo bien valorada que estaba nuestra Uni pero qui\u00e9n era yo para decir lo contrario. Que viv\u00eda de alquiler en un piso en la calle (c\u00f3mo no) Pedro Antonio de Alarc\u00f3n, y no entend\u00eda que aqu\u00ed siempre la gente est\u00e1 de \u201chuerga\u201d \u00a1No!, la interrump\u00ed, Juerga, le dije yo, que no es lo mismo, y le expliqu\u00e9 la diferencia de pronunciaci\u00f3n entre ambos t\u00e9rminos y la implicaci\u00f3n de cada uno. Ella se ri\u00f3 ruidosamente a la par que se tapaba la cara con las manos mientras me ped\u00eda que la perdonara por no saber usar el idioma. Ya me gustar\u00eda a mi usar tu ingl\u00e9s la cuarta parte de bien de lo que t\u00fa usas el espa\u00f1ol.<\/p>\n<p style=\"text-align: justify;\">No entiendo qu\u00e9 es la cuagta pagte, dijo ella.<\/p>\n<p style=\"text-align: justify;\">Tu coges algo y lo partes en cuatro trozos, si? Ella me mir\u00f3 intrigada, \u00a1Si! Pues si coges un trozo eso es lo que yo se de ingl\u00e9s, pero si coges los cuatro, eso es lo que t\u00fa sabes de espa\u00f1ol!<\/p>\n<p style=\"text-align: justify;\">Ah\u00a1 Ya entiendo! Y volvi\u00f3 a reirse.<\/p>\n<p style=\"text-align: justify;\">Pues eso, \u2026 la cuarta parte!<\/p>\n<p style=\"text-align: justify;\">Me pregunt\u00f3 a qu\u00e9 iba yo a Sevilla y si estar\u00eda muchos d\u00edas en la ciudad.<\/p>\n<p style=\"text-align: justify;\">Por qu\u00e9? Es que quieres volverte conmigo a Gran\u00e1? De veras que lo dije sin intenci\u00f3n, lo juro (aunque cruce los dedos a la espalda).<\/p>\n<p style=\"text-align: justify;\">No se, depende de mi amiga; no se qu\u00e9 planes tiene.<\/p>\n<p style=\"text-align: justify;\">Vamos a ver, si te parece hacemos una cosa: al llegar a Sevilla te dar\u00e9 el tel\u00e9fono del hotel. Cuando sepas algo me llamas, y si no estoy le dejas el recado al chico o a la chica de recepci\u00f3n. Te parece? Yo tengo que volver a Gran\u00e1 el viernes antes de las 3 de la tarde. Ok?<\/p>\n<p style=\"text-align: justify;\">Ok, me dijo ella, pego miga paga el fgente a veg si no llegamos a Sevilia.<\/p>\n<p style=\"text-align: justify;\">La verdad es que no s\u00e9 si es que ten\u00eda frenillo (un frenillo encantador, nada que ver con el del presidente del Gobierno, dicho sea de paso y sin \u00e1nimo de ofender) o era la dificultad de un idioma que no era el suyo, lo cierto es que oirla hablar te alegraba el d\u00eda. Pronunciaba las \u201cr\u201d casi como \u201cg\u201d o \u201cj\u201d (salvo Gran\u00e1, que lo dec\u00eda de p&#8230; madre) y las \u201cll\u201d como \u201cli\u201d.<\/p>\n<p style=\"text-align: justify;\">Y as\u00ed, entre risas y chascarrillos, refranes y clases pr\u00e1cticas de castellano (no en vano yo hab\u00eda estudiado magisterio, aunque no se lo dije, no s\u00e9 por qu\u00e9) llegamos a Sevilla sobre las doce menos cuarto. Aparqu\u00e9 en Triana, cerca del hotel donde siempre me alojaba, la ayud\u00e9 a bajar su mochila, nos dimos un amical beso en la mejilla y entonces le d\u00ed el tel\u00e9fono del hotel.<\/p>\n<p style=\"text-align: justify;\"><a href=\"https:\/\/i0.wp.com\/miradordeatarfe.es\/wp-content\/uploads\/2016\/11\/sevilla2.jpg?ssl=1\"><img data-recalc-dims=\"1\" loading=\"lazy\" decoding=\"async\" class=\"size-full wp-image-12095 aligncenter\" src=\"https:\/\/i0.wp.com\/miradordeatarfe.es\/wp-content\/uploads\/2016\/11\/sevilla2.jpg?resize=300%2C225&#038;ssl=1\" alt=\"sevilla2\" width=\"300\" height=\"225\" \/><\/a><\/p>\n<p style=\"text-align: justify;\">Me qued\u00e9 all\u00ed, como un pasmarote viendo c\u00f3mo se alejaba y pensando que quiz\u00e1s nunca m\u00e1s la volver\u00eda a ver. \u00a1qu\u00e9 mujer, Dios! Y la has dejado ir, me dije. Total, que me fui andando al concesionario donde ten\u00edamos la reuni\u00f3n, entre las calles Pag\u00e9s del Corro y Fortaleza.<\/p>\n<p style=\"text-align: justify;\">Curro, un chavalote sevillano con una contagiosa alegr\u00eda natural, en cuanto llegu\u00e9 y lo salud\u00e9 me solt\u00f3 un \u00a1a t\u00ed te pasa argo! Qu\u00e9 me va a paz\u00e1! (le dije yo, intentando imitar su deje sevillano). No me lo vah&#8217; a cont\u00e1, miarma? Veo una chica guapa guapa,, y ante mi sonrisa, solt\u00f3: Me&#8217;hquivoco?<\/p>\n<p style=\"text-align: justify;\">Me qued\u00e9 algo pensativo ante su comentario; \u00a1qu\u00e9 tonter\u00eda, ya sabes que despu\u00e9s de lo de Rosa no me meto en m\u00e1s sembraos.<\/p>\n<p style=\"text-align: justify;\">Ser\u00e1h capullo? Me dijo, y qui\u00e9n e la rubia que tra\u00edah esta ma\u00f1ana en er coche? Que uno no&#8217;st\u00e1 siego y menos con est\u00e2h gaf\u00e2h que m&#8217;an costao quince mir pezetah! Vaya pib\u00f3n. Ehtranjera, verd\u00e1?<\/p>\n<p style=\"text-align: justify;\">Qu\u00e9 malaje est\u00e1s hecho Curro! Ya te contar\u00e9 en el almuerzo, anda, que ahora vamos a llegar tarde! Y le urg\u00ed a entrar en el recinto del concesionario, a la sala de reuniones, donde tras saludar al director y algunos compa\u00f1eros de otras provincias de Andaluc\u00eda, Curro mand\u00f3 callar a todo el mundo (est\u00e1bamos una treintena de personas, y nos conoc\u00edamos casi todos) para anunciar con voz solemne y gesto c\u00f3micamente serio: Ze\u00f1oreh! Er Manu\u00e9&#8217;t\u00e1 namorao! Y yo doy fe de que&#8217;l hioputa tiene m\u00fa, pero que m\u00fa buen gu&#8217;tto.<\/p>\n<p style=\"text-align: justify;\">Todos los rostros se volvieron hacia m\u00ed y un color se me iba y otro se me ven\u00eda mientras intent\u00e9 coger a Curro para darle un buen coscorr\u00f3n, pero el brib\u00f3n supo esconderse detr\u00e1s de la supervisora de la central de M\u00e1laga (mujer imponente a sus cuarenta y tantos, m\u00e1s alta que yo, elegante, atractiva y muy inteligente).<\/p>\n<p style=\"text-align: justify;\">Ya habr\u00e1 lugar para tonter\u00edas, Manolo, pero ahora, dijo Susana, vamos a la tarea que se nos va el d\u00eda.<\/p>\n<p style=\"text-align: justify;\">La reuni\u00f3n matinal fue m\u00e1s una toma de contacto y una enumeraci\u00f3n de datos y objetivos, junto a la queja t\u00edpica de que los de arriba nunca est\u00e1n contentos, siempre quieren m\u00e1s pero a veces es que no se puede, no es que no se quiera o no se trabaje, es que no se puede, porque a la fuerza no le puedes vender un coche a nadie, y menos con la crisis que tenemos encima (no olvid\u00e9is que era 1992).<\/p>\n<p style=\"text-align: justify;\">Cuando acab\u00f3 la reuni\u00f3n, a eso de las 14 horas, me excus\u00e9 para llegar al restaurante un poco tarde porque ten\u00eda que llevar la maleta al hotel, que ya empezaba a calentar el lorenzo y se me pod\u00eda poner la ropa hecha un ocho. La verdad es que la ropa me la tra\u00eda al fresco; lo que yo quer\u00eda era ver si Kristel me hab\u00eda llamado y si se vendr\u00eda conmigo a Granada el viernes.<\/p>\n<p style=\"text-align: justify;\">En cuanto llegu\u00e9 a recepci\u00f3n, Conchita, la simp\u00e1tica morenaza de ojos negros, guap\u00edsima, que siempre me gui\u00f1aba un ojo cuando entraba o sal\u00eda, me dijo antes de que le preguntara nada, que alguien me hab\u00eda llamado; que hab\u00eda dejado un tel\u00e9fono para que yo la llamara cuando pudiera, que era urgente.<\/p>\n<p style=\"text-align: justify;\">Me ha parecido extranjera, tienes alg\u00fan rollo, Manol\u00edn? Ay que no eres bueno, yo que cre\u00eda que estabas por m\u00ed!<\/p>\n<p style=\"text-align: justify;\">Pero bueno, qu\u00e9 os pasa a todos hoy? Es solo una amiga que he traido desde Granada y seguro que quiere darme las gracias.<\/p>\n<p style=\"text-align: justify;\">S\u00ed, s\u00ed, las gracias, ay, Manu\u00e9, que no vas a conocer nunca a las mujeres! Qu\u00e9 te pasa a t\u00ed, muchacho, que tienes una luz en la cara y una sonrisa bobalicona que no puedes con ella, que se te cae la baba, dec\u00eda mientras hac\u00eda con las manos y su pelo como en el chiste del pavo (s\u00ed, hombre, ese que cuenta que va uno y le dice a otro, \u00a1pero qu\u00e9 pavo m\u00e1s grande tienes! Y el otro, rasc\u00e1ndose el pelo con ambas manos, y con indicios de faltarle un hervor, le contesta con voz aflautada, \u00a1pos qu\u00edtamelo!).<\/p>\n<p style=\"text-align: justify;\">Ni que decir tiene que en cuanto sub\u00ed a la habitaci\u00f3n, descolgu\u00e9 el tel\u00e9fono y marqu\u00e9 el n\u00famero que Conchita me hab\u00eda dado. Un tono, dos tonos, tres tonos, \u2026 ya estaba a punto de colgar cuando la voz de Kristel al otro lado del tel\u00e9fono, m\u00e1s seria de lo que la recordaba, me dijo que su amiga se marchaba a Huelva esa misma tarde y que no le apetec\u00eda estar dos d\u00edas en una ciudad desconocida sola, hasta que nos fu\u00e9gamos el viegnes.<\/p>\n<p style=\"text-align: justify;\">Mi suerte no paraba de crecer, de un momento bueno, al siguiente a\u00fan mejor. Entonces se vendr\u00eda conmigo el viernes. \u00a1Bieen! Pero qu\u00e9 iba a pasar hasta entonces?<\/p>\n<p style=\"text-align: justify;\">Bueno, y por qu\u00e9 me cuentas esto? Yo no puedo hacer que tu amiga no se vaya. Es que no le hab\u00edas dicho que ven\u00edas?<\/p>\n<p style=\"text-align: justify;\">No! Quegu\u00eda darle una sogpresa, dijo en un tono apesadumbrado.<\/p>\n<p style=\"text-align: justify;\">Las sorpresas est\u00e1n bien en una fiesta de cumplea\u00f1os, hubo un tenso silencio que decid\u00ed romper antes de que pudiera colgar\u2026 Vale, y qu\u00e9 vas a hacer?<\/p>\n<p style=\"text-align: justify;\">Puedes venigte conmigo, t\u00fa conoces Sevilia y no queda muy lejos de donde me has dejado con el coche, as\u00ed que no te supone (se dice as\u00ed, supone? Me pregunt\u00f3. Si, est\u00e1 bien dicho) mucho pgoblema, cgeo.<\/p>\n<p style=\"text-align: justify;\">Me est\u00e1s pidiendo que deje el hotel y me vaya contigo donde tu amiga? No me lo pod\u00eda creer. Intent\u00e9 que no se me notara la excitaci\u00f3n que me produc\u00eda las posibilidades de aquella situaci\u00f3n; si Dios exist\u00eda, ese d\u00eda era mi amigo, sin duda; as\u00ed me compensaba por los muchos momentos en que hab\u00eda sido s\u00f3lo \u00e1rbitro, eh!, dije mirando al techo de la habitaci\u00f3n.<a href=\"https:\/\/i0.wp.com\/miradordeatarfe.es\/wp-content\/uploads\/2016\/11\/sevilla1.jpg?ssl=1\"><img data-recalc-dims=\"1\" loading=\"lazy\" decoding=\"async\" class=\" wp-image-12094 aligncenter\" src=\"https:\/\/i0.wp.com\/miradordeatarfe.es\/wp-content\/uploads\/2016\/11\/sevilla1.jpg?resize=483%2C341&#038;ssl=1\" alt=\"sevilla1\" width=\"483\" height=\"341\" srcset=\"https:\/\/i0.wp.com\/miradordeatarfe.es\/wp-content\/uploads\/2016\/11\/sevilla1.jpg?w=900&amp;ssl=1 900w, https:\/\/i0.wp.com\/miradordeatarfe.es\/wp-content\/uploads\/2016\/11\/sevilla1.jpg?resize=300%2C212&amp;ssl=1 300w, https:\/\/i0.wp.com\/miradordeatarfe.es\/wp-content\/uploads\/2016\/11\/sevilla1.jpg?resize=768%2C543&amp;ssl=1 768w, https:\/\/i0.wp.com\/miradordeatarfe.es\/wp-content\/uploads\/2016\/11\/sevilla1.jpg?resize=600%2C424&amp;ssl=1 600w\" sizes=\"auto, (max-width: 483px) 100vw, 483px\" \/><\/a><\/p>\n<p style=\"text-align: justify;\">En este punto debo decir que nunca cuando decid\u00ed llevarla a Sevilla, jam\u00e1s, pas\u00f3 por mi mente la remota posibilidad de que entre nosotros pudiese haber nada (\u00bfc\u00f3mo se iba a fijar en m\u00ed, tan normalito, aquella preciosidad?), lo juro, pero las cosas se desarrollaron de otra manera, y fue la primera de una serie de viajes que no me molest\u00f3 ir a Sevilla, ni aguantar las idioteces que nos soltaban los jefes regionales, porque la recompensa fue la compa\u00f1\u00eda de aquella preciosa humana, sus comentarios cr\u00edticos e incisivos, su mirada, su risa franca y ruidosa, y tambi\u00e9n su encantadora compa\u00f1\u00eda, como un regalo al que no quer\u00eda acostumbrarme, pero al que me acostumbr\u00e9 porque me hab\u00eda enamorado hasta las trancas de aquella jovencita decidida y tan diferente a las j\u00f3venes que yo conoc\u00eda; por desgracia, un buen d\u00eda, cuando llegu\u00e9 al hotel despu\u00e9s de una reuni\u00f3n, ella no estaba, ni me hab\u00eda dejado en la recepci\u00f3n un aviso para quedar en cualquier bar de Triana, o en el Ayuntamiento, cerca de la Giralda o de la calle Granada, como sol\u00edamos, y en su lugar solo ten\u00eda un folio en el que hab\u00eda dejado una frase, un beso y un Gracias, Manolo, por todo. No cambies!<\/p>\n<p style=\"text-align: justify;\">Quereis saber lo que dec\u00eda la frase? Anda, como todos, pero ese folio lo guardo como oro en pa\u00f1o y su contenido es mio y solo para m\u00ed. Solo dir\u00e9 que siempre le estar\u00e9 agradecido a ella por el tiempo que compartimos, y le estoy agradecido a la vida por haberla puesto en mi camino,y a veces, cuando veo a alguna chica rubia haciendo autoestop me parece que fue ayer cuando la v\u00ed por primera vez, tan solitaria, en la gasolinera.<\/p>\n<p>&nbsp;<\/p>\n","protected":false},"excerpt":{"rendered":"<p>PRELUDIO A LAS HISTORIAS INVENTADAS. Con este relato (\u201cLA AUTOESTOPISTA\u201d) empiezo una serie de historias&#8230;<\/p>\n","protected":false},"author":1,"featured_media":12090,"comment_status":"closed","ping_status":"closed","sticky":false,"template":"","format":"standard","meta":{"_coblocks_attr":"","_coblocks_dimensions":"","_coblocks_responsive_height":"","_coblocks_accordion_ie_support":"","jetpack_post_was_ever_published":false,"_jetpack_newsletter_access":"","_jetpack_dont_email_post_to_subs":false,"_jetpack_newsletter_tier_id":0,"_jetpack_memberships_contains_paywalled_content":false,"_jetpack_memberships_contains_paid_content":false,"footnotes":"","jetpack_publicize_message":"","jetpack_publicize_feature_enabled":true,"jetpack_social_post_already_shared":false,"jetpack_social_options":{"image_generator_settings":{"template":"highway","default_image_id":0,"enabled":false},"version":2}},"categories":[12,37,9,44,15],"tags":[491],"class_list":["post-12088","post","type-post","status-publish","format-standard","has-post-thumbnail","hentry","category-cultura","category-opinion-de-manuel-sierra","category-medio-ambiente","category-noticias-de-hoy","category-ultimas-noticias","tag-lectura"],"jetpack_publicize_connections":[],"jetpack_featured_media_url":"https:\/\/i0.wp.com\/miradordeatarfe.es\/wp-content\/uploads\/2016\/11\/sevilla4.jpg?fit=609%2C674&ssl=1","jetpack_likes_enabled":true,"jetpack_sharing_enabled":true,"_links":{"self":[{"href":"https:\/\/miradordeatarfe.es\/index.php?rest_route=\/wp\/v2\/posts\/12088","targetHints":{"allow":["GET"]}}],"collection":[{"href":"https:\/\/miradordeatarfe.es\/index.php?rest_route=\/wp\/v2\/posts"}],"about":[{"href":"https:\/\/miradordeatarfe.es\/index.php?rest_route=\/wp\/v2\/types\/post"}],"author":[{"embeddable":true,"href":"https:\/\/miradordeatarfe.es\/index.php?rest_route=\/wp\/v2\/users\/1"}],"replies":[{"embeddable":true,"href":"https:\/\/miradordeatarfe.es\/index.php?rest_route=%2Fwp%2Fv2%2Fcomments&post=12088"}],"version-history":[{"count":3,"href":"https:\/\/miradordeatarfe.es\/index.php?rest_route=\/wp\/v2\/posts\/12088\/revisions"}],"predecessor-version":[{"id":12096,"href":"https:\/\/miradordeatarfe.es\/index.php?rest_route=\/wp\/v2\/posts\/12088\/revisions\/12096"}],"wp:featuredmedia":[{"embeddable":true,"href":"https:\/\/miradordeatarfe.es\/index.php?rest_route=\/wp\/v2\/media\/12090"}],"wp:attachment":[{"href":"https:\/\/miradordeatarfe.es\/index.php?rest_route=%2Fwp%2Fv2%2Fmedia&parent=12088"}],"wp:term":[{"taxonomy":"category","embeddable":true,"href":"https:\/\/miradordeatarfe.es\/index.php?rest_route=%2Fwp%2Fv2%2Fcategories&post=12088"},{"taxonomy":"post_tag","embeddable":true,"href":"https:\/\/miradordeatarfe.es\/index.php?rest_route=%2Fwp%2Fv2%2Ftags&post=12088"}],"curies":[{"name":"wp","href":"https:\/\/api.w.org\/{rel}","templated":true}]}}