{"id":1213,"date":"2015-04-20T08:21:38","date_gmt":"2015-04-20T08:21:38","guid":{"rendered":"http:\/\/miradordeatarfe.es\/?p=1213"},"modified":"2015-04-21T09:16:21","modified_gmt":"2015-04-21T09:16:21","slug":"1213","status":"publish","type":"post","link":"https:\/\/miradordeatarfe.es\/?p=1213","title":{"rendered":"I Gymkana fotogr\u00e1fica \u201cCiudad de Atarfe\u201d"},"content":{"rendered":"<p>El I Gymkana fotogr\u00e1fica \u201cCiudad de Atarfe\u201d , se desarrolla en\u00a0 Atarfe y pedanias, donde queremos hacer referencia y conocer, historia y costumbres de el Atarfe en el que vivimos . Mediante<br \/>\npistas iremos dando a conocer los lugares donde realizar las fotograf\u00edas.<!--more--><\/p>\n<p>Por ello, nos animamos a poner en marcha esta I Gymkana, y os animamos a participar en ella.<\/p>\n<p>Bases que regir\u00e1n la I Gymkana Fotografica Ciudad de Atarfe.<\/p>\n<p>Participantes:<\/p>\n<p>-Podr\u00e1n participar todas las personas aficionadas que as\u00ed lo deseen ci\u00f1\u00e9ndose a las siguientes bases.<\/p>\n<p>Inscripci\u00f3n:<\/p>\n<p>-La inscripci\u00f3n se realizar\u00e1 desde el d\u00eda 17 de Febrero de 2015 hasta\u00a0 el d\u00eda 2 de Mayo de 2015. En el numero de cuenta\u00a0 ES26 2100 2661 1302 1011 9063<\/p>\n<p>En el cual deber\u00e1n incluir el Nombre, apellidos y DNI del participante. Una vez realizada la inscripci\u00f3n deber\u00e1 enviar un correo a <span class=\"\"><a class=\"ui-link\" href=\"http:\/\/allevents.in\/mobile\/event.php?event_id=1446833695608380#\">gymkana@regalagranada.es<\/a><\/span> con el resguardo del ingreso.<\/p>\n<p>&#8211; Derechos de inscripci\u00f3n 10 Euros.<\/p>\n<p>Fecha, Hora y lugar:<\/p>\n<p>D\u00eda: S<strong>\u00e1bado 9 de Mayo de 2015<\/strong><br \/>\n<strong> Hora: de 9:00 h. a 15:00 h. aproximadamente.<\/strong><\/p>\n<p>Punto de encuentro: Plaza del Ayuntamiento de Atarfe.<\/p>\n<p>Punto llegada: Restaurante LAS YUCAS<\/p>\n<p>Funcionamiento de la Gymkana:<\/p>\n<p>&#8211; Cada participante vendr\u00e1 provisto de su dispositivo digital, de su propia tarjeta de memoria, cable de conexi\u00f3n y\/o cualquier dispositivo necesario para volcar las im\u00e1genes al ordenador de la organizaci\u00f3n.<\/p>\n<p>&#8211; La tarjeta de memoria tiene que estar vac\u00eda en el momento del inicio de la Gymkana y el dispositivo con la fecha y hora correctamente ajustada.<\/p>\n<p>&#8211; Todo participante al inicio de la Gymkana deber\u00e1 de tomar una fotograf\u00eda de control que validar\u00e1 su participaci\u00f3n.<\/p>\n<p>-Todas las fotograf\u00edas deber\u00e1n de ser realizadas al m\u00e1ximo de resoluci\u00f3n del dispositivo, en formato jpg y en Color o Blanco y Negro.<\/p>\n<p>-En total se realizar\u00e1n 12 instant\u00e1neas de 12 lugares diferentes de Atarfe y su t\u00e9rmino municipal, a los cuales se llegar\u00e1 mediante pistas que facilitar\u00e1 la organizaci\u00f3n. 10 de las 12 pistas ser\u00e1n obligatorias, quedando dos pistas opcionales.<\/p>\n<p>Cada participante tomar\u00e1 las instant\u00e1neas que crea necesarias para cada pista, pero en el momento de su presentaci\u00f3n debe de seleccionar solo una fotograf\u00eda por pista, siendo obligatorio realizar fotograf\u00eda de todas las pistas.<\/p>\n<p>&#8211; Las fotograf\u00edas se descargar\u00e1n en un ordenador de la organizaci\u00f3n en una carpeta con el nombre y tel\u00e9fono de cada concursante, Una vez descargada la tarjeta ser\u00e1 devuelta al concursante.<\/p>\n<p>&#8211; Las fotograf\u00edas deber\u00e1n haber sido realizadas el mismo d\u00eda y horas de duraci\u00f3n de la Gymkana, ya que se revisaran todas las fotograf\u00edas y las fotograf\u00edas manipuladas con cualquier programa de fotograf\u00eda, as\u00ed como renombradas ser\u00e1n eliminadas.<\/p>\n<p>-Cada participante entregar\u00e1, junto con sus fotograf\u00edas, una ficha facilitada por la organizaci\u00f3n en la que asociar\u00e1 cada pista al nombre del fichero que le corresponda as\u00ed como la orientaci\u00f3n de la fotograf\u00eda.<\/p>\n<p>Premios:<\/p>\n<p>El jurado de entre todas las fotos presentadas entregara los siguientes premios:<\/p>\n<p>1\u00aa Categor\u00eda 2\u00aa Categor\u00eda 3\u00aa Categor\u00eda<br \/>\n(Movil o Tablet) (C\u00e1mara compacta) (Reflex)<br \/>\n1\u00ba Premio: Noche de Hotel C\u00e1mara aventura 500\u20ac<br \/>\n2\u00ba Premio: Almuerzo \u00f3 Cena Tablet 250\u20ac<br \/>\n3\u00ba Premio: Vale 30\u20ac MP4 100\u20ac<\/p>\n<p>Fotograf\u00eda Mas Me gusta en Facebook, Vale de 30\u20ac<br \/>\nPrimero en terminar la Gymkana con las 12 instant\u00e1neas Vale de 50\u20ac<\/p>\n<p>Diploma de participaci\u00f3n a todos los concursantes.<\/p>\n<p>Jurado, fallo y entrega de premios:<\/p>\n<p>&#8211; El jurado estar\u00e1 formado por tres fot\u00f3grafos profesionales y el concejal de cultura del Ayuntamiento de Atarfe<\/p>\n<p>&#8211; El fallo del jurado se comunicar\u00e1 a los premiados una vez que se produzca. La decisi\u00f3n del jurado ser\u00e1 inapelable. Pudiendo declarar desierto alg\u00fan premio.<\/p>\n<p>&#8211; El acto de entrega de premios tendr\u00e1 lugar en el C.C. Medina Elvira el s\u00e1bado d\u00eda 30 de Mayo de 2015 a las 17:30 horas,<\/p>\n<p>Varios:<\/p>\n<p>&#8211; La organizaci\u00f3n no se hace responsable de las tarjetas de memoria entregadas en mal estado por parte de los concursantes debido a una incorrecta manipulaci\u00f3n o uso.<\/p>\n<p>&#8211; La organizaci\u00f3n se reserva el derecho de resolver cualquier conflicto que pueda surgir en la interpretaci\u00f3n de las bases o durante la realizaci\u00f3n del Gymkana<\/p>\n<p>&#8211; La participaci\u00f3n en el Gymkana implica la aceptaci\u00f3n de las bases.<\/p>\n<p>&#8211; Las fotograf\u00edas ganadoras pasar\u00e1n a formar parte del archivo para futuras promociones de la Gymkana, siempre haciendo referencia al nombre del Autor.<\/p>\n<p>Para cualquier duda ponerse en contacto con Jose C. Serrano Fotografos en Facebook, al correo <span class=\"\"><a class=\"ui-link\" href=\"http:\/\/allevents.in\/mobile\/event.php?event_id=1446833695608380#\">gymkana@regalagranada.es<\/a><\/span> \u00f3 al tel\u00e9fono 958.357.291. Created By<\/p>\n<div class=\"ui-grid-a org-detail ui-shadow\">\n<div class=\"ui-block-b right\">\n<div class=\"ui-bar ui-bar-a\"><a class=\"link show-page-loading-msg\" href=\"http:\/\/allevents.in\/org\/jose-c-serrano-fot%C3%B3grafo\/3526621\" data-ajax=\"false\" data-role=\"none\" data-corners=\"false\" data-shadow=\"false\" data-iconshadow=\"false\"><span class=\"name\">Jose C. Serrano &#8211; Fot\u00f3grafo<\/span> <\/a><\/div>\n<\/div>\n<\/div>\n<p>&nbsp;<\/p>\n","protected":false},"excerpt":{"rendered":"<p>El I Gymkana fotogr\u00e1fica \u201cCiudad de Atarfe\u201d , se desarrolla en\u00a0 Atarfe y pedanias, donde&#8230;<\/p>\n","protected":false},"author":1,"featured_media":1214,"comment_status":"closed","ping_status":"closed","sticky":false,"template":"","format":"standard","meta":{"_coblocks_attr":"","_coblocks_dimensions":"","_coblocks_responsive_height":"","_coblocks_accordion_ie_support":"","jetpack_post_was_ever_published":false,"_jetpack_newsletter_access":"","_jetpack_dont_email_post_to_subs":false,"_jetpack_newsletter_tier_id":0,"_jetpack_memberships_contains_paywalled_content":false,"_jetpack_memberships_contains_paid_content":false,"footnotes":"","jetpack_publicize_message":"","jetpack_publicize_feature_enabled":true,"jetpack_social_post_already_shared":false,"jetpack_social_options":{"image_generator_settings":{"template":"highway","default_image_id":0,"enabled":false},"version":2}},"categories":[2,15],"tags":[444,236],"class_list":["post-1213","post","type-post","status-publish","format-standard","has-post-thumbnail","hentry","category-atarfe","category-ultimas-noticias","tag-ciudad-atarfe","tag-fotografia"],"jetpack_publicize_connections":[],"jetpack_featured_media_url":"https:\/\/i0.wp.com\/miradordeatarfe.es\/wp-content\/uploads\/2015\/04\/11026173_785123398231804_4838100364147254303_o.jpg?fit=2048%2C1280&ssl=1","jetpack_likes_enabled":true,"jetpack_sharing_enabled":true,"_links":{"self":[{"href":"https:\/\/miradordeatarfe.es\/index.php?rest_route=\/wp\/v2\/posts\/1213","targetHints":{"allow":["GET"]}}],"collection":[{"href":"https:\/\/miradordeatarfe.es\/index.php?rest_route=\/wp\/v2\/posts"}],"about":[{"href":"https:\/\/miradordeatarfe.es\/index.php?rest_route=\/wp\/v2\/types\/post"}],"author":[{"embeddable":true,"href":"https:\/\/miradordeatarfe.es\/index.php?rest_route=\/wp\/v2\/users\/1"}],"replies":[{"embeddable":true,"href":"https:\/\/miradordeatarfe.es\/index.php?rest_route=%2Fwp%2Fv2%2Fcomments&post=1213"}],"version-history":[{"count":2,"href":"https:\/\/miradordeatarfe.es\/index.php?rest_route=\/wp\/v2\/posts\/1213\/revisions"}],"predecessor-version":[{"id":1230,"href":"https:\/\/miradordeatarfe.es\/index.php?rest_route=\/wp\/v2\/posts\/1213\/revisions\/1230"}],"wp:featuredmedia":[{"embeddable":true,"href":"https:\/\/miradordeatarfe.es\/index.php?rest_route=\/wp\/v2\/media\/1214"}],"wp:attachment":[{"href":"https:\/\/miradordeatarfe.es\/index.php?rest_route=%2Fwp%2Fv2%2Fmedia&parent=1213"}],"wp:term":[{"taxonomy":"category","embeddable":true,"href":"https:\/\/miradordeatarfe.es\/index.php?rest_route=%2Fwp%2Fv2%2Fcategories&post=1213"},{"taxonomy":"post_tag","embeddable":true,"href":"https:\/\/miradordeatarfe.es\/index.php?rest_route=%2Fwp%2Fv2%2Ftags&post=1213"}],"curies":[{"name":"wp","href":"https:\/\/api.w.org\/{rel}","templated":true}]}}