{"id":12538,"date":"2016-11-23T10:00:34","date_gmt":"2016-11-23T09:00:34","guid":{"rendered":"http:\/\/miradordeatarfe.es\/?p=12538"},"modified":"2016-11-23T10:02:19","modified_gmt":"2016-11-23T09:02:19","slug":"atarfe-se-une-al-25n-con-una-concentracion-y-participa-en-la-manifestacion-de-granada","status":"publish","type":"post","link":"https:\/\/miradordeatarfe.es\/?p=12538","title":{"rendered":"ATARFE se une al  25N con una concentraci\u00f3n  y participa en la manifestaci\u00f3n de Granada"},"content":{"rendered":"<p><span id=\"fbPhotoSnowliftCaption\" class=\"fbPhotosPhotoCaption\" tabindex=\"0\" data-ft=\"{&quot;tn&quot;:&quot;K&quot;}\"><span class=\"hasCaption\">El d\u00eda 25 de noviembre se conmemora el D\u00eda Internacional de la Eliminaci\u00f3n de la Violencia contra la Mujer. Se ha organizado a las 11:30 horas una concentraci\u00f3n en la plaza del Ayuntamiento donde se leer\u00e1 un manifiesto. Es una cita ineludible a la que no podemos faltar, tanto hombres como mujeres. <span style=\"text-decoration: underline;\">Y ASI MISMO SE RECUERDA LA MANIFESTACI\u00d3N DE ESE D\u00cdA A LAS 18H DESDE LA PLAZA MARIANA PINEDA AL TRIUNFO<\/span><\/span><\/span><!--more--><\/p>\n<p><span id=\"fbPhotoSnowliftCaption\" class=\"fbPhotosPhotoCaption\" tabindex=\"0\" data-ft=\"{&quot;tn&quot;:&quot;K&quot;}\"><span class=\"hasCaption\">COMO HAN ACORDADO LAS DISTINTAS ASOCIACIONES E INSTITUCIONES GRANADINAS : <strong>TU NEUTRALIDAD REFUERZA EL MACHISMO, PLANTA CARA. El COLECTIVO DE MUJERES AURA<\/strong> ( que participa en el movimiento Granadino) recuerda que la erradicaci\u00f3n de los comportamientos machistas es cosa de todos. \u00a1Difunde y acude a ambas citas! <\/span><\/span><\/p>\n<p><span id=\"fbPhotoSnowliftCaption\" class=\"fbPhotosPhotoCaption\" tabindex=\"0\" data-ft=\"{&quot;tn&quot;:&quot;K&quot;}\"><span class=\"hasCaption\"><span data-ft=\"{&quot;tn&quot;:&quot;K&quot;}\"><span class=\"UFICommentBody\">La presencia de valores y respeto en los medios de comunicaci\u00f3n y en la vida diaria son fundamentales para frenar este terrorismo de g\u00e9nero, pero sobre todo medidas contundentes contra los maltratadores y verdadera protecci\u00f3n a las v\u00edctimas. <\/span><\/span><\/span><\/span><\/p>\n<p><span id=\"fbPhotoSnowliftCaption\" class=\"fbPhotosPhotoCaption\" tabindex=\"0\" data-ft=\"{&quot;tn&quot;:&quot;K&quot;}\"><span class=\"hasCaption\"><span data-ft=\"{&quot;tn&quot;:&quot;K&quot;}\"><span class=\"UFICommentBody\">\u00a1\u00a1\u00a1No m\u00e1s muertes, no m\u00e1s silencio compartido!!!<\/span><\/span><br \/>\n<\/span><\/span><\/p>\n<p><a href=\"https:\/\/i0.wp.com\/miradordeatarfe.es\/wp-content\/uploads\/2016\/11\/15203146_1245127362217798_2794404907714209283_n.jpg?ssl=1\"><img data-recalc-dims=\"1\" loading=\"lazy\" decoding=\"async\" class=\"alignnone size-full wp-image-12539\" src=\"https:\/\/i0.wp.com\/miradordeatarfe.es\/wp-content\/uploads\/2016\/11\/15203146_1245127362217798_2794404907714209283_n.jpg?resize=484%2C692&#038;ssl=1\" alt=\"15203146_1245127362217798_2794404907714209283_n\" width=\"484\" height=\"692\" srcset=\"https:\/\/i0.wp.com\/miradordeatarfe.es\/wp-content\/uploads\/2016\/11\/15203146_1245127362217798_2794404907714209283_n.jpg?w=484&amp;ssl=1 484w, https:\/\/i0.wp.com\/miradordeatarfe.es\/wp-content\/uploads\/2016\/11\/15203146_1245127362217798_2794404907714209283_n.jpg?resize=210%2C300&amp;ssl=1 210w\" sizes=\"auto, (max-width: 484px) 100vw, 484px\" \/>\u00a0\u00a0\u00a0\u00a0 <\/a><a href=\"https:\/\/i0.wp.com\/miradordeatarfe.es\/wp-content\/uploads\/2016\/11\/thumbnail_cartel-25N.jpg?ssl=1\"><img data-recalc-dims=\"1\" loading=\"lazy\" decoding=\"async\" class=\"alignnone size-full wp-image-12535\" src=\"https:\/\/i0.wp.com\/miradordeatarfe.es\/wp-content\/uploads\/2016\/11\/thumbnail_cartel-25N.jpg?resize=640%2C903&#038;ssl=1\" alt=\"thumbnail_cartel-25n\" width=\"640\" height=\"903\" srcset=\"https:\/\/i0.wp.com\/miradordeatarfe.es\/wp-content\/uploads\/2016\/11\/thumbnail_cartel-25N.jpg?w=907&amp;ssl=1 907w, https:\/\/i0.wp.com\/miradordeatarfe.es\/wp-content\/uploads\/2016\/11\/thumbnail_cartel-25N.jpg?resize=213%2C300&amp;ssl=1 213w, https:\/\/i0.wp.com\/miradordeatarfe.es\/wp-content\/uploads\/2016\/11\/thumbnail_cartel-25N.jpg?resize=768%2C1084&amp;ssl=1 768w, https:\/\/i0.wp.com\/miradordeatarfe.es\/wp-content\/uploads\/2016\/11\/thumbnail_cartel-25N.jpg?resize=726%2C1024&amp;ssl=1 726w, https:\/\/i0.wp.com\/miradordeatarfe.es\/wp-content\/uploads\/2016\/11\/thumbnail_cartel-25N.jpg?resize=600%2C847&amp;ssl=1 600w\" sizes=\"auto, (max-width: 640px) 100vw, 640px\" \/><\/a><\/p>\n","protected":false},"excerpt":{"rendered":"<p>El d\u00eda 25 de noviembre se conmemora el D\u00eda Internacional de la Eliminaci\u00f3n de la&#8230;<\/p>\n","protected":false},"author":1,"featured_media":12542,"comment_status":"closed","ping_status":"closed","sticky":false,"template":"","format":"standard","meta":{"_coblocks_attr":"","_coblocks_dimensions":"","_coblocks_responsive_height":"","_coblocks_accordion_ie_support":"","jetpack_post_was_ever_published":false,"_jetpack_newsletter_access":"","_jetpack_dont_email_post_to_subs":false,"_jetpack_newsletter_tier_id":0,"_jetpack_memberships_contains_paywalled_content":false,"_jetpack_memberships_contains_paid_content":false,"footnotes":"","jetpack_publicize_message":"","jetpack_publicize_feature_enabled":true,"jetpack_social_post_already_shared":false,"jetpack_social_options":{"image_generator_settings":{"template":"highway","default_image_id":0,"enabled":false},"version":2}},"categories":[2,14,44,15],"tags":[1695,3232,41,562],"class_list":["post-12538","post","type-post","status-publish","format-standard","has-post-thumbnail","hentry","category-atarfe","category-feminismo","category-noticias-de-hoy","category-ultimas-noticias","tag-25n","tag-25n-manifestacion-asociaciones","tag-feminismo","tag-machismo"],"jetpack_publicize_connections":[],"jetpack_featured_media_url":"https:\/\/i0.wp.com\/miradordeatarfe.es\/wp-content\/uploads\/2016\/11\/IMG_5998-640x480.jpg?fit=640%2C415&ssl=1","jetpack_likes_enabled":true,"jetpack_sharing_enabled":true,"_links":{"self":[{"href":"https:\/\/miradordeatarfe.es\/index.php?rest_route=\/wp\/v2\/posts\/12538","targetHints":{"allow":["GET"]}}],"collection":[{"href":"https:\/\/miradordeatarfe.es\/index.php?rest_route=\/wp\/v2\/posts"}],"about":[{"href":"https:\/\/miradordeatarfe.es\/index.php?rest_route=\/wp\/v2\/types\/post"}],"author":[{"embeddable":true,"href":"https:\/\/miradordeatarfe.es\/index.php?rest_route=\/wp\/v2\/users\/1"}],"replies":[{"embeddable":true,"href":"https:\/\/miradordeatarfe.es\/index.php?rest_route=%2Fwp%2Fv2%2Fcomments&post=12538"}],"version-history":[{"count":2,"href":"https:\/\/miradordeatarfe.es\/index.php?rest_route=\/wp\/v2\/posts\/12538\/revisions"}],"predecessor-version":[{"id":12541,"href":"https:\/\/miradordeatarfe.es\/index.php?rest_route=\/wp\/v2\/posts\/12538\/revisions\/12541"}],"wp:featuredmedia":[{"embeddable":true,"href":"https:\/\/miradordeatarfe.es\/index.php?rest_route=\/wp\/v2\/media\/12542"}],"wp:attachment":[{"href":"https:\/\/miradordeatarfe.es\/index.php?rest_route=%2Fwp%2Fv2%2Fmedia&parent=12538"}],"wp:term":[{"taxonomy":"category","embeddable":true,"href":"https:\/\/miradordeatarfe.es\/index.php?rest_route=%2Fwp%2Fv2%2Fcategories&post=12538"},{"taxonomy":"post_tag","embeddable":true,"href":"https:\/\/miradordeatarfe.es\/index.php?rest_route=%2Fwp%2Fv2%2Ftags&post=12538"}],"curies":[{"name":"wp","href":"https:\/\/api.w.org\/{rel}","templated":true}]}}