{"id":12575,"date":"2016-11-29T08:43:21","date_gmt":"2016-11-29T07:43:21","guid":{"rendered":"http:\/\/miradordeatarfe.es\/?p=12575"},"modified":"2016-11-27T17:47:28","modified_gmt":"2016-11-27T16:47:28","slug":"cientos-de-personas-piden-en-donana-que-se-paralice-proyecto-de-gas-natural","status":"publish","type":"post","link":"https:\/\/miradordeatarfe.es\/?p=12575","title":{"rendered":"Cientos de personas piden en Do\u00f1ana que se paralice proyecto de Gas Natural"},"content":{"rendered":"<header class=\"pg-head\">\n<ul class=\"summary\">\n<li class=\"summary-entry fa-i\">\n<p style=\"text-align: justify;\">La convocatoria de Salvemos Do\u00f1ana re\u00fane a\u00a0multitud de colectivos, cargos institucionales y ciudadanos a t\u00edtulo personal.<\/p>\n<\/li>\n<\/ul>\n<\/header>\n<p style=\"text-align: justify;\"><!--more--><span class=\"obj-img hmedia\">\u00a0 <\/span>Cientos de personas pertenecientes a distintas entidades o partidos pol\u00edticos o a t\u00edtulo individual se han manifestado este s\u00e1bado desde la aldea de El Roc\u00edo (Huelva) para mostrar su rechazo al proyecto gas\u00edstico que est\u00e1 ejecutando la empresa Gas Natural en el entorno del espacio natural.<\/p>\n<div class=\"gd\">\n<div class=\"gdu u16 u-first\">\n<div class=\"pg-body\">\n<div class=\"mce-body \">\n<p class=\"mce\" style=\"text-align: justify;\">Convocados por la plataforma Salvemos Do\u00f1ana, apoyada por multitud de colectivos, cargos institucionales y ciudadanos a t\u00edtulo personal, los manifestantes han mostrado su rechazo al proyecto gas\u00edstico que est\u00e1 ejecutando la empresa Gas Natural en el entorno del espacio natural, reclamando tanto que se paralice como que se retiren todos los elementos que se est\u00e1n usando en la instalaci\u00f3n del proyecto.<\/p>\n<div class=\"inset-L-w8\" style=\"text-align: left;\">\n<aside class=\"rel-content-news\">\n<article class=\"md-news-main md\">\n<div class=\"kicker \">\n<p class=\"text\">M\u00e1s informaci\u00f3n<\/p>\n<\/div>\n<figure class=\"image-holder\"><span class=\"obj-img hmedia\"> Dos excavadoras para los trabajos del proyecto Gas Natural en el entorno de Do\u00f1ana. <a class=\"lnk\" title=\"Dos excavadoras para los trabajos del proyecto Gas Natural en el entorno de Do\u00f1ana.\" href=\"http:\/\/www.huelvainformacion.es\/provincia\/Ayuntamiento-plantar-batalla-proyecto-Donana_0_1084991604.html\"> <img data-recalc-dims=\"1\" loading=\"lazy\" decoding=\"async\" class=\"photo lazy\" src=\"https:\/\/i0.wp.com\/images.granadahoy.com\/2016\/11\/26\/provincia\/excavadoras-trabajos-Gas-Natural-Donana_1085001567_62633283_313x182.jpg?resize=313%2C182\" alt=\"Dos excavadoras para los trabajos del proyecto Gas Natural en el entorno de Do\u00f1ana.\" width=\"313\" height=\"182\" data-src=\"http:\/\/images.granadahoy.com\/2016\/11\/26\/provincia\/excavadoras-trabajos-Gas-Natural-Donana_1085001567_62633283_313x182.jpg\" \/><\/a> <\/span><figcaption>\n<div class=\"footnote\">\n<p class=\"text\">Dos excavadoras para los trabajos del proyecto Gas Natural en el entorno de Do\u00f1ana. <wbr \/> \/ <span class=\"source\">e. press<\/span><\/p>\n<\/div>\n<\/figcaption><\/figure>\n<div class=\"mt\">\n<ul class=\"rel-content\">\n<li class=\"rel-entry fa-i\"><strong>El Ayuntamiento promete plantar batalla al proyecto de gas en Do\u00f1ana<\/strong><\/li>\n<\/ul>\n<\/div>\n<\/article>\n<\/aside>\n<\/div>\n<p class=\"mce\" style=\"text-align: justify;\">Los manifestantes han portavoz pancartas con diversos lemas, como \u00abDo\u00f1ana no se toca\u00bb, \u00abNo al almac\u00e9n de Gas Natural-Fenosa\u00bb, \u00abSOS Do\u00f1ana\u00bb o \u00abNo al gas en Do\u00f1ana\u00bb, bajo un intenso fr\u00edo y una leve llovizna en algunos tramos del recorrido que no ha interferido para que se lleve a cabo la movilizaci\u00f3n.<\/p>\n<p class=\"mce\" style=\"text-align: justify;\">Una manifestaci\u00f3n que \u00abmerece la pena\u00bb, como ha explicado a los periodistas el portavoz de Salvemos Do\u00f1ana, Juan Romero, que ha dicho que era necesario \u00abestar aqu\u00ed hoy, porque vamos a evitar que a Do\u00f1ana la metan en la c\u00e1mara de gas y porque Do\u00f1ana es un s\u00edmbolo de la conservaci\u00f3n, y no vamos a permitir que una multinacional empresa privada venga a hacer negocio a costa de ella\u00bb.<\/p>\n<p class=\"mce\" style=\"text-align: justify;\">Para Romero, hay varias razones para apoyar esta negativa al proyecto, entre ellos el da\u00f1o que puede causar al acu\u00edfero de Do\u00f1ana, \u00abporque el almac\u00e9n de gas va a unos mil metros de profundidad, adem\u00e1s de que convierte la zona en un aut\u00e9ntico polvor\u00edn s\u00edsmico, por lo que pedimos la paralizaci\u00f3n inmediata\u00bb, ha dicho.<\/p>\n<p class=\"mce\" style=\"text-align: justify;\">Para el coordinador general de IU-LV-CA, Antonio Ma\u00edllo, la asistencia masiva a la cita de este s\u00e1bado \u00abha sido as\u00ed porque es la aspiraci\u00f3n que tiene el pueblo andaluz y del resto de Espa\u00f1a, que vienen a decir que Do\u00f1ana no se toca, y no se va a tocar ni por el Ibex35 ni por Gas Natural, ni por nadie de los que han utilizado nuestra tierra para hacer negocio\u00bb.<\/p>\n<p class=\"mce\" style=\"text-align: justify;\">En la manifestaci\u00f3n ha participado tambi\u00e9n el portavoz de Medio Ambiente de Equo en el Congreso, Juan L\u00f3pez de Uralde, se\u00f1alando que \u00abentendemos que la joya de la naturaleza espa\u00f1ola no puede convertirse en una instalaci\u00f3n industrial, ya que tiene que ser un santuario del medio ambiente, en el que convivan las personas con su medio ambiente\u00bb.<\/p>\n<p class=\"mce\" style=\"text-align: justify;\">Por su parte, el diputado por el PSOE Amaro Huelva se ha mostrado confiado en encontrar recursos judiciales para parar las obras de Gas Natural, \u00abque es verdad que se est\u00e1n haciendo obras aunque sea fuera del parque natural, pero el Gobierno andaluz va a intentar que no haya veneno bajo nuestros pies, buscando la legalidad para que las obras que han empezado ya se paren, y se quiten los residuos bajo nuestros pies y nuestras tierras\u00bb.<\/p>\n<p class=\"mce\" style=\"text-align: justify;\">La dirigente de Podemos en Andaluc\u00eda, Teresa Rodr\u00edguez, ha enfatizado que \u00abnuestra joya natural m\u00e1s preciada no es un almac\u00e9n de gas\u00bb, y ha se\u00f1alado esta fuente de energ\u00eda como \u00abuna energ\u00eda sucia que debe sustituirse, mientras que el futuro pasa por la defensa de la naturaleza y su biodiversidad\u00bb.<\/p>\n<p class=\"mce\" style=\"text-align: justify;\">Ha aseverado que \u00abDo\u00f1ana es ejemplo de un modelo fallido que no es futuro para nuestros hijos y tanto la administraci\u00f3n auton\u00f3mica como la estatal no son conscientes de hasta qu\u00e9 punto es necesario actuar ahora\u00bb.<\/p>\n<p class=\"mce\" style=\"text-align: justify;\">\u00abPor mucho que paralicemos el proyecto, nadie puede esperar que Gas Natural vaya a parar, por eso ahora es cuando hay que pararlo\u00bb, ha dicho Rodr\u00edguez.<\/p>\n<p class=\"mce\" style=\"text-align: justify;\">La movilizaci\u00f3n se ha iniciado en el Paseo Marisme\u00f1o de El Roc\u00edo, con finalizaci\u00f3n en el Centro de Visitantes de La Rocina, en la misma entrada al Parque Nacional, donde se ha realizado un acto de rechazo al proyecto de Gas Natural.<\/p>\n<\/div>\n<\/div>\n<\/div>\n<\/div>\n","protected":false},"excerpt":{"rendered":"<p>La convocatoria de Salvemos Do\u00f1ana re\u00fane a\u00a0multitud de colectivos, cargos institucionales y ciudadanos a t\u00edtulo&#8230;<\/p>\n","protected":false},"author":1,"featured_media":12577,"comment_status":"closed","ping_status":"closed","sticky":false,"template":"","format":"standard","meta":{"_coblocks_attr":"","_coblocks_dimensions":"","_coblocks_responsive_height":"","_coblocks_accordion_ie_support":"","jetpack_post_was_ever_published":false,"_jetpack_newsletter_access":"","_jetpack_dont_email_post_to_subs":false,"_jetpack_newsletter_tier_id":0,"_jetpack_memberships_contains_paywalled_content":false,"_jetpack_memberships_contains_paid_content":false,"footnotes":"","jetpack_publicize_message":"","jetpack_publicize_feature_enabled":true,"jetpack_social_post_already_shared":false,"jetpack_social_options":{"image_generator_settings":{"template":"highway","default_image_id":0,"enabled":false},"version":2}},"categories":[44,15],"tags":[2791,3236,99,3237],"class_list":["post-12575","post","type-post","status-publish","format-standard","has-post-thumbnail","hentry","category-noticias-de-hoy","category-ultimas-noticias","tag-donana","tag-gas-natural","tag-medio-ambiente","tag-veneno"],"jetpack_publicize_connections":[],"jetpack_featured_media_url":"https:\/\/i0.wp.com\/miradordeatarfe.es\/wp-content\/uploads\/2016\/11\/Instalaciones-Gas-Natural-Donana_1085001986_62652367_667x375.jpg?fit=667%2C375&ssl=1","jetpack_likes_enabled":true,"jetpack_sharing_enabled":true,"_links":{"self":[{"href":"https:\/\/miradordeatarfe.es\/index.php?rest_route=\/wp\/v2\/posts\/12575","targetHints":{"allow":["GET"]}}],"collection":[{"href":"https:\/\/miradordeatarfe.es\/index.php?rest_route=\/wp\/v2\/posts"}],"about":[{"href":"https:\/\/miradordeatarfe.es\/index.php?rest_route=\/wp\/v2\/types\/post"}],"author":[{"embeddable":true,"href":"https:\/\/miradordeatarfe.es\/index.php?rest_route=\/wp\/v2\/users\/1"}],"replies":[{"embeddable":true,"href":"https:\/\/miradordeatarfe.es\/index.php?rest_route=%2Fwp%2Fv2%2Fcomments&post=12575"}],"version-history":[{"count":3,"href":"https:\/\/miradordeatarfe.es\/index.php?rest_route=\/wp\/v2\/posts\/12575\/revisions"}],"predecessor-version":[{"id":12579,"href":"https:\/\/miradordeatarfe.es\/index.php?rest_route=\/wp\/v2\/posts\/12575\/revisions\/12579"}],"wp:featuredmedia":[{"embeddable":true,"href":"https:\/\/miradordeatarfe.es\/index.php?rest_route=\/wp\/v2\/media\/12577"}],"wp:attachment":[{"href":"https:\/\/miradordeatarfe.es\/index.php?rest_route=%2Fwp%2Fv2%2Fmedia&parent=12575"}],"wp:term":[{"taxonomy":"category","embeddable":true,"href":"https:\/\/miradordeatarfe.es\/index.php?rest_route=%2Fwp%2Fv2%2Fcategories&post=12575"},{"taxonomy":"post_tag","embeddable":true,"href":"https:\/\/miradordeatarfe.es\/index.php?rest_route=%2Fwp%2Fv2%2Ftags&post=12575"}],"curies":[{"name":"wp","href":"https:\/\/api.w.org\/{rel}","templated":true}]}}