{"id":12601,"date":"2016-11-28T10:30:38","date_gmt":"2016-11-28T09:30:38","guid":{"rendered":"http:\/\/miradordeatarfe.es\/?p=12601"},"modified":"2016-11-28T10:20:48","modified_gmt":"2016-11-28T09:20:48","slug":"el-esperpento-permanente","status":"publish","type":"post","link":"https:\/\/miradordeatarfe.es\/?p=12601","title":{"rendered":"\u00abEl esperpento permanente\u00bb por Alberto Granados"},"content":{"rendered":"<div class=\"entry-content\">\n<p style=\"text-align: justify;\">\u00a0\u00a0\u00a0\u00a0\u00a0\u00a0\u00a0 Llevo tiempo diciendo que nuestro pa\u00eds es cada d\u00eda m\u00e1s inconsistente, m\u00e1s miserable y menos cre\u00edble. La muerte de Rita Barber\u00e1 ha sido el nuevo detonante que ha levantado el cacareo de las dos Espa\u00f1as para demostrar el bajo nivel de nuestra realidad nacional.<\/p>\n<p><!--more--><\/p>\n<p style=\"text-align: justify;\">Y es que desde esta ma\u00f1ana, la se\u00f1ora Barber\u00e1 ha pasado de la presunta corrupci\u00f3n al martirologio, del escarnio desde su propio partido al santoral pepero, de presunta culpable a v\u00edctima de la prensa y la pol\u00edtica.<\/p>\n<p style=\"text-align: justify;\">\u00a0\u00a0\u00a0\u00a0\u00a0\u00a0 No me alegro en absoluto de la muerte de la senadora valenciana: la muerte de cualquier ser humano me entristece y me recuerda que no estoy muy lejos de que me toque a m\u00ed. Pero la muerte no empa\u00f1a mi percepci\u00f3n de la realidad. Hay montones de evidencias que nos hablan de irregularidades en su gesti\u00f3n, de gastos desmesurados e injustificables, de compa\u00f1eros de viaje imputados, al igual que ella. Mi juicio no deja de ser un juicio moral, que no tiene el mismo valor que el judicial, pero en tanto llegue este, tengo la convicci\u00f3n de que era una de las cabecillas m\u00e1s significativas del PP en ese oscuro entramado de corrupciones diversas. Y eso no lo cambia ni la misma muerte de la imputada, ni la sentencia que hubiera podido emitir un juez m\u00e1s o menos proclive a soslayar la corrupci\u00f3n del PP, y hay muchos por lo que parece.<\/p>\n<p style=\"text-align: justify;\">\u00a0\u00a0\u00a0\u00a0\u00a0 El hecho es que la senadora ha muerto y Espa\u00f1a entera se convierte en una nueva corte de los milagros donde cada cual expone de forma virulenta su punto de vista. Parece que el enfoque esencial del asunto es si Podemos ha hecho bien o mal al ausentarse del hemiciclo durante ese desacertado minuto de silencio, cuando la lente deber\u00eda planear m\u00e1s bien sobre si era oportuna semejante muestra de reconocimiento. Pero la ausencia de Podemos, tan censurada desde la derecha, e inexplicablemente desde la izquierda, no es un hecho significativo en s\u00ed mismo.<\/p>\n<p style=\"text-align: justify;\">\u00a0\u00a0\u00a0\u00a0\u00a0\u00a0 Creo mucho m\u00e1s decisivos otros aspectos tales como: \u00bfpor qu\u00e9 se le permiti\u00f3 a Rita Barber\u00e1 ir en las listas al Senado? \u00bfera cre\u00edble incluir a una imputada cuando se han hecho tantos gestos vac\u00edos apelando a la lucha contra la corrupci\u00f3n? Y una vez escrutado el resultado de las urnas, \u00bfpor qu\u00e9 no la obligaron con m\u00e1s contundencia a renunciar a su esca\u00f1o en el Senado? Creo que porque podr\u00eda haber dado demasiada informaci\u00f3n peligrosa, as\u00ed que se le permiti\u00f3 la pantomima del pase al Grupo Mixto para mantenerla aforada y callada.<\/p>\n<p class=\"wp-caption aligncenter\" style=\"text-align: justify; width: 448px;\" data-shortcode=\"caption\"><a href=\"https:\/\/albertogranados.files.wordpress.com\/2016\/11\/podemos-abandona-el-congreso-imagen-de-josc3a9-luis-roca-en-el-peric3b3dico.jpg\"><img data-recalc-dims=\"1\" loading=\"lazy\" decoding=\"async\" class=\" wp-image-7714\" src=\"https:\/\/albertogranados.files.wordpress.com\/2016\/11\/podemos-abandona-el-congreso-imagen-de-josc3a9-luis-roca-en-el-peric3b3dico.jpg?w=560&#038;h=313&#038;fit=560%2C313&#038;resize=438%2C245\" sizes=\"auto, (max-width: 560px) 100vw, 560px\" srcset=\"https:\/\/albertogranados.files.wordpress.com\/2016\/11\/podemos-abandona-el-congreso-imagen-de-josc3a9-luis-roca-en-el-peric3b3dico.jpg?w=560&amp;h=313 560w, https:\/\/albertogranados.files.wordpress.com\/2016\/11\/podemos-abandona-el-congreso-imagen-de-josc3a9-luis-roca-en-el-peric3b3dico.jpg?w=1120&amp;h=626 1120w, https:\/\/albertogranados.files.wordpress.com\/2016\/11\/podemos-abandona-el-congreso-imagen-de-josc3a9-luis-roca-en-el-peric3b3dico.jpg?w=150&amp;h=84 150w, https:\/\/albertogranados.files.wordpress.com\/2016\/11\/podemos-abandona-el-congreso-imagen-de-josc3a9-luis-roca-en-el-peric3b3dico.jpg?w=300&amp;h=168 300w, https:\/\/albertogranados.files.wordpress.com\/2016\/11\/podemos-abandona-el-congreso-imagen-de-josc3a9-luis-roca-en-el-peric3b3dico.jpg?w=768&amp;h=429 768w, https:\/\/albertogranados.files.wordpress.com\/2016\/11\/podemos-abandona-el-congreso-imagen-de-josc3a9-luis-roca-en-el-peric3b3dico.jpg?w=1024&amp;h=572 1024w\" alt=\"Madrid 27 10 16 Pleno de investidura Unidos Podemos abandona el hemiciclo FOTO JOSE LUIS ROCA\" width=\"438\" height=\"245\" \/><\/a><\/p>\n<p class=\"wp-caption-text\">Madrid 27 10 16 Pleno de investidura Unidos Podemos abandona el hemiciclo FOTO JOSE LUIS ROCA<\/p>\n<p style=\"text-align: justify;\">\u00a0\u00a0\u00a0\u00a0\u00a0 En esta cadena de desprop\u00f3sitos y marruller\u00edas veo mucho m\u00e1s coherente la salida del hemiciclo de Podemos que la permanencia de los miembros del Congreso de las dem\u00e1s fuerzas pol\u00edticas. El Congreso, y en general las instituciones, no est\u00e1n para levantar aplausos o mostrar reconocimientos. Si lo hicieran, tendr\u00eda que ser para agradecer, recordar, homenajear o reconocer una labor impoluta, una ejecutoria inmaculada y un m\u00e9rito incuestionables, pero este no era el caso, de ah\u00ed lo inoportuno de ese minuto de silencio.<\/p>\n<p style=\"text-align: justify;\">\u00a0\u00a0\u00a0\u00a0\u00a0\u00a0 No he podido evitar una asociaci\u00f3n, una pura f\u00e1bula pol\u00edtica: tras la imaginaria muerte de Arnaldo Otegi, el Parlamento vasco organiza un minuto de silencio en su honor. \u00bfCu\u00e1ntos parlamentarios del PP se habr\u00edan quedado? Obviamente, ninguno. Pero la necesidad de desviar la atenci\u00f3n de la naturaleza de la fallecida hacia otro tema escandaloso hace que se ponga el mayor \u00e9nfasis en que los parlamentarios de Podemos han abandonado el hemiciclo. No hubieran tenido que hacerlo si no se hubieran dado las premisas necesarias.<\/p>\n<p style=\"text-align: justify;\">\u00a0\u00a0\u00a0\u00a0\u00a0\u00a0\u00a0 Pero Espa\u00f1a se renueva ahora en su costumbre inquisitorial, en su desverg\u00fcenza picaresca, en su fervor cofrade de Monipodio, en su estupidez, que sustituye el an\u00e1lisis por el apasionamiento, la pr\u00e1ctica pol\u00edtica por el exabrupto y la raz\u00f3n por la coz. El Lazarillo, los sue\u00f1os de Quevedo, Goya, el eterno esperpento\u2026 en la \u00e9poca de las nuevas tecnolog\u00edas. As\u00ed nos va.<\/p>\n<p style=\"text-align: justify;\">\u00a0FOTO PRINCIPAL: Rita Barber\u00e1 en una imagen de Kiko Huesca, Efe en El Espa\u00f1ol<\/p>\n<p style=\"text-align: justify;\">Alberto GRANADOS<\/p>\n<p><a href=\"https:\/\/albertogranados.wordpress.com\/\">https:\/\/albertogranados.wordpress.com\/<\/a><\/p>\n<\/div>\n<p>&nbsp;<\/p>\n","protected":false},"excerpt":{"rendered":"<p>\u00a0\u00a0\u00a0\u00a0\u00a0\u00a0\u00a0 Llevo tiempo diciendo que nuestro pa\u00eds es cada d\u00eda m\u00e1s inconsistente, m\u00e1s miserable y&#8230;<\/p>\n","protected":false},"author":1,"featured_media":12604,"comment_status":"closed","ping_status":"closed","sticky":false,"template":"","format":"standard","meta":{"_coblocks_attr":"","_coblocks_dimensions":"","_coblocks_responsive_height":"","_coblocks_accordion_ie_support":"","jetpack_post_was_ever_published":false,"_jetpack_newsletter_access":"","_jetpack_dont_email_post_to_subs":false,"_jetpack_newsletter_tier_id":0,"_jetpack_memberships_contains_paywalled_content":false,"_jetpack_memberships_contains_paid_content":false,"footnotes":"","jetpack_publicize_message":"","jetpack_publicize_feature_enabled":true,"jetpack_social_post_already_shared":false,"jetpack_social_options":{"image_generator_settings":{"template":"highway","default_image_id":0,"enabled":false},"version":2}},"categories":[39,44,15],"tags":[1511,210,3243],"class_list":["post-12601","post","type-post","status-publish","format-standard","has-post-thumbnail","hentry","category-opinion-de-alberto-granados","category-noticias-de-hoy","category-ultimas-noticias","tag-congreso","tag-podemos","tag-rita-barbera"],"jetpack_publicize_connections":[],"jetpack_featured_media_url":"https:\/\/i0.wp.com\/miradordeatarfe.es\/wp-content\/uploads\/2016\/11\/rita.jpg?fit=768%2C432&ssl=1","jetpack_likes_enabled":true,"jetpack_sharing_enabled":true,"_links":{"self":[{"href":"https:\/\/miradordeatarfe.es\/index.php?rest_route=\/wp\/v2\/posts\/12601","targetHints":{"allow":["GET"]}}],"collection":[{"href":"https:\/\/miradordeatarfe.es\/index.php?rest_route=\/wp\/v2\/posts"}],"about":[{"href":"https:\/\/miradordeatarfe.es\/index.php?rest_route=\/wp\/v2\/types\/post"}],"author":[{"embeddable":true,"href":"https:\/\/miradordeatarfe.es\/index.php?rest_route=\/wp\/v2\/users\/1"}],"replies":[{"embeddable":true,"href":"https:\/\/miradordeatarfe.es\/index.php?rest_route=%2Fwp%2Fv2%2Fcomments&post=12601"}],"version-history":[{"count":2,"href":"https:\/\/miradordeatarfe.es\/index.php?rest_route=\/wp\/v2\/posts\/12601\/revisions"}],"predecessor-version":[{"id":12603,"href":"https:\/\/miradordeatarfe.es\/index.php?rest_route=\/wp\/v2\/posts\/12601\/revisions\/12603"}],"wp:featuredmedia":[{"embeddable":true,"href":"https:\/\/miradordeatarfe.es\/index.php?rest_route=\/wp\/v2\/media\/12604"}],"wp:attachment":[{"href":"https:\/\/miradordeatarfe.es\/index.php?rest_route=%2Fwp%2Fv2%2Fmedia&parent=12601"}],"wp:term":[{"taxonomy":"category","embeddable":true,"href":"https:\/\/miradordeatarfe.es\/index.php?rest_route=%2Fwp%2Fv2%2Fcategories&post=12601"},{"taxonomy":"post_tag","embeddable":true,"href":"https:\/\/miradordeatarfe.es\/index.php?rest_route=%2Fwp%2Fv2%2Ftags&post=12601"}],"curies":[{"name":"wp","href":"https:\/\/api.w.org\/{rel}","templated":true}]}}