{"id":12608,"date":"2016-12-10T11:07:52","date_gmt":"2016-12-10T10:07:52","guid":{"rendered":"http:\/\/miradordeatarfe.es\/?p=12608"},"modified":"2019-12-28T12:50:56","modified_gmt":"2019-12-28T11:50:56","slug":"el-patrimonio-industrial-de-atarfe-por-jose-enrique-granados","status":"publish","type":"post","link":"https:\/\/miradordeatarfe.es\/?p=12608","title":{"rendered":"\u00abEL PATRIMONIO INDUSTRIAL DE ATARFE\u00bb por Jos\u00e9 Enrique Granados"},"content":{"rendered":"<p>Carrillo S.A., Azucarera en la Vega, Alcohelera S. Fernando, Santa Adelaida&#8230;.etc son algunos ejemplos de ese patrimonio.<!--more--><\/p>\n<p>En el libro de Rubio Gand\u00eda, Gim\u00e9nez Yanguas y Reyes Mesa titulado \u201cPatrimonio Industrial en Granada\u201d podemos leer:<\/p>\n<p>\u201cGranada ha conocido a lo largo de su historia variados proyectos de desarrollo industrial que no pasaron de promesas y quedaron en simples intentos. Hubo momentos en que Granada pudo llegar a competir con otras regiones industriales de Espa\u00f1a en cuanto a porvenir industrial.<\/p>\n<p>La industria textil, f\u00e1bricas de chocolate, harinas, la industria azucarera, de ca\u00f1a <span class=\"text_exposed_show\">en la Costa y la <strong>azucarera en la Vega<\/strong>; \u00e9sta \u00faltima gener\u00f3 una red de tranv\u00edas, la segunda de Europa despu\u00e9s de Viena, que transportaba la remolacha a las f\u00e1bricas, as\u00ed como los habitantes de los n\u00facleos urbanos de la Vega a la ciudad de Granada, que desarroll\u00f3 su vocaci\u00f3n de centro comercial y de servicios. <\/span><\/p>\n<p><span class=\"text_exposed_show\">En este panorama de progreso industrial de finales del siglo XIX y comienzos del XX hay que situar la f\u00e1brica de superfosfatos, abonos y productos qu\u00edmicos<strong> Carrillo S.A<\/strong>. que inici\u00f3 su andadura el 6b de diciembre de 1920, para responder a la demanda de fertilizantes que la agricultura granadina solicitaba con motivo de su desarrollo\u201d.<\/span><\/p>\n<div class=\"text_exposed_show\">\n<p>En la fotograf\u00eda de mala calidad, trabajadores atarfe\u00f1os en una de las f\u00e1bricas de la localidad a principios del siglo XX.<\/p>\n<p>Curiosidades elvirenses.<\/p>\n<div id=\"js_10s\" class=\"_5pbx userContent\" data-ft=\"{&quot;tn&quot;:&quot;K&quot;}\">\n<p>Si en Atarfe nos referimos a la alcoholera, sin duda estamos hablando de la <strong>f\u00e1brica de San Fernando<\/strong>, frente al restaurante Casa Marino y junto al colegio SAFA (antes de las Monjas), en la carretera de C\u00f3rdoba cruce con la de Santa fe. De aquella instalaci\u00f3n fabril solo se conserva la chimenea.<\/p>\n<p>Pero es muy probable que muchos desconozcan que a finales del siglo XIX, se construy\u00f3 otra destiler\u00eda de alcoholes en nuestro pueblo, llamada <strong>Santa Adelaida,<\/strong> la cual reutilizaba las melazas de la f\u00e1brica de San Fernando. Edificada en 1891 junto a la estaci\u00f3n y propiedad de J. Manzuco y c\u00eda, cuyas oficinas se encontraban en la plaza de Bibarrambla dejo de funcionar hace mucho tiempo. El edifico sufri\u00f3 un incendio que desplom\u00f3 las cubiertas siendo demolido hace unos a\u00f1os.<a href=\"https:\/\/i0.wp.com\/miradordeatarfe.es\/wp-content\/uploads\/2016\/11\/ind.jpg?ssl=1\"><img data-recalc-dims=\"1\" loading=\"lazy\" decoding=\"async\" class=\"alignnone size-full wp-image-12610\" src=\"https:\/\/i0.wp.com\/miradordeatarfe.es\/wp-content\/uploads\/2016\/11\/ind.jpg?resize=640%2C436&#038;ssl=1\" alt=\"ind\" width=\"640\" height=\"436\" srcset=\"https:\/\/i0.wp.com\/miradordeatarfe.es\/wp-content\/uploads\/2016\/11\/ind.jpg?w=960&amp;ssl=1 960w, https:\/\/i0.wp.com\/miradordeatarfe.es\/wp-content\/uploads\/2016\/11\/ind.jpg?resize=300%2C204&amp;ssl=1 300w, https:\/\/i0.wp.com\/miradordeatarfe.es\/wp-content\/uploads\/2016\/11\/ind.jpg?resize=768%2C523&amp;ssl=1 768w, https:\/\/i0.wp.com\/miradordeatarfe.es\/wp-content\/uploads\/2016\/11\/ind.jpg?resize=600%2C409&amp;ssl=1 600w\" sizes=\"auto, (max-width: 640px) 100vw, 640px\" \/><\/a><\/p>\n<p>Curiosidades elvirenses.<\/p>\n<\/div>\n<\/div>\n","protected":false},"excerpt":{"rendered":"<p>Carrillo S.A., Azucarera en la Vega, Alcohelera S. Fernando, Santa Adelaida&#8230;.etc son algunos ejemplos de&#8230;<\/p>\n","protected":false},"author":1,"featured_media":12609,"comment_status":"closed","ping_status":"closed","sticky":false,"template":"","format":"standard","meta":{"_coblocks_attr":"","_coblocks_dimensions":"","_coblocks_responsive_height":"","_coblocks_accordion_ie_support":"","jetpack_post_was_ever_published":false,"_jetpack_newsletter_access":"","_jetpack_dont_email_post_to_subs":false,"_jetpack_newsletter_tier_id":0,"_jetpack_memberships_contains_paywalled_content":false,"_jetpack_memberships_contains_paid_content":false,"footnotes":"","jetpack_publicize_message":"","jetpack_publicize_feature_enabled":true,"jetpack_social_post_already_shared":false,"jetpack_social_options":{"image_generator_settings":{"template":"highway","default_image_id":0,"enabled":false},"version":2}},"categories":[2,1225,38,44,15],"tags":[3247,3246,374],"class_list":["post-12608","post","type-post","status-publish","format-standard","has-post-thumbnail","hentry","category-atarfe","category-ha-de-atarfe","category-opinion-de-jose-enrique-granados","category-noticias-de-hoy","category-ultimas-noticias","tag-carrillo","tag-industrias","tag-patrimonio"],"jetpack_publicize_connections":[],"jetpack_featured_media_url":"https:\/\/i0.wp.com\/miradordeatarfe.es\/wp-content\/uploads\/2016\/11\/patr.jpg?fit=480%2C355&ssl=1","jetpack_likes_enabled":true,"jetpack_sharing_enabled":true,"_links":{"self":[{"href":"https:\/\/miradordeatarfe.es\/index.php?rest_route=\/wp\/v2\/posts\/12608","targetHints":{"allow":["GET"]}}],"collection":[{"href":"https:\/\/miradordeatarfe.es\/index.php?rest_route=\/wp\/v2\/posts"}],"about":[{"href":"https:\/\/miradordeatarfe.es\/index.php?rest_route=\/wp\/v2\/types\/post"}],"author":[{"embeddable":true,"href":"https:\/\/miradordeatarfe.es\/index.php?rest_route=\/wp\/v2\/users\/1"}],"replies":[{"embeddable":true,"href":"https:\/\/miradordeatarfe.es\/index.php?rest_route=%2Fwp%2Fv2%2Fcomments&post=12608"}],"version-history":[{"count":2,"href":"https:\/\/miradordeatarfe.es\/index.php?rest_route=\/wp\/v2\/posts\/12608\/revisions"}],"predecessor-version":[{"id":36443,"href":"https:\/\/miradordeatarfe.es\/index.php?rest_route=\/wp\/v2\/posts\/12608\/revisions\/36443"}],"wp:featuredmedia":[{"embeddable":true,"href":"https:\/\/miradordeatarfe.es\/index.php?rest_route=\/wp\/v2\/media\/12609"}],"wp:attachment":[{"href":"https:\/\/miradordeatarfe.es\/index.php?rest_route=%2Fwp%2Fv2%2Fmedia&parent=12608"}],"wp:term":[{"taxonomy":"category","embeddable":true,"href":"https:\/\/miradordeatarfe.es\/index.php?rest_route=%2Fwp%2Fv2%2Fcategories&post=12608"},{"taxonomy":"post_tag","embeddable":true,"href":"https:\/\/miradordeatarfe.es\/index.php?rest_route=%2Fwp%2Fv2%2Ftags&post=12608"}],"curies":[{"name":"wp","href":"https:\/\/api.w.org\/{rel}","templated":true}]}}