{"id":12631,"date":"2016-11-30T09:20:01","date_gmt":"2016-11-30T08:20:01","guid":{"rendered":"http:\/\/miradordeatarfe.es\/?p=12631"},"modified":"2016-11-30T09:32:56","modified_gmt":"2016-11-30T08:32:56","slug":"la-polemica-por-la-sanidad-comienza-asi-a-pasar-factura","status":"publish","type":"post","link":"https:\/\/miradordeatarfe.es\/?p=12631","title":{"rendered":"UNIFICACI\u00d3N: La pol\u00e9mica por la sanidad comienza as\u00ed a pasar factura"},"content":{"rendered":"<div class=\"columna_texto\">\n<div class=\"hgroup\">\n<p style=\"text-align: justify;\">El enfrentamietno interno entre los sanitarios est\u00e1 afectado directamente al servicio prestado al usuario. El conflicto est\u00e1 generando dudas y p\u00e9rdida de confianza en el sistema<\/p>\n<p style=\"text-align: justify;\"><!--more--><\/p>\n<\/div>\n<p>El proceso de fusi\u00f3n hospitalaria, que fue dise\u00f1ado como te\u00f3rica mejora, se convierte en un problema para Granada con m\u00faltiples aristas. Las m\u00e1s graves, el malestar y hasta enfrentamiento entre profesionales sanitarios que comienzan a pasar factura a la atenci\u00f3n al paciente. <strong>De la hipot\u00e9tica mejora no solo se ha pasado a sospechar de un recorte encubierto, sino a una fractura profesional y hasta social que ya se deja notar en el servicio sanitario y en la p\u00e9rdida de confianza<\/strong> hacia el mismo.<\/p>\n<div id=\"cuerpo_noticia\" class=\"cuerpo_noticia estirar\">\n<div id=\"cadenaser_gpt-MPU1\" class=\"contenedor_publi  publi_luto_horizontal\" style=\"text-align: justify;\" data-google-query-id=\"CJ7ZqPCOy9ACFYOmUQod0xMAng\"><\/div>\n<p style=\"text-align: justify;\">Adem\u00e1s de la profunda discusi\u00f3n social existente en Granada sobre el problema; las distintas versiones existentes sobre el eslogan reivindicativo de \u00abdos hospitales completos\u00bb; adem\u00e1s de los distintos foros existentes de discusi\u00f3n y presi\u00f3n; y hasta las denuncias m\u00e1s o menos p\u00fablicas contra medios de comunicaci\u00f3n por no hacerse eco solo de la opini\u00f3n de una parte; <strong>el problema est\u00e1 pasando factura en el d\u00eda a d\u00eda de los hospitales.<\/strong><\/p>\n<p style=\"text-align: justify;\"><strong>Radio Granada ha comprobado, como confirman adem\u00e1s distintas fuentes, que pacientes que podr\u00edan ser atendidos perfectamente en unas urgencias son enviados a otro hospital sin motivo aparente, lo que en alg\u00fan caso podr\u00eda dar idea incluso de un boicot<\/strong> a la nueva organizaci\u00f3n. Adem\u00e1s, el servicio sanitario comienza a verse afectado por un claro <strong>distanciamiento entre profesionales.<\/strong> Distanciamiento que, en ocasiones, es <strong>clara rivalidad<\/strong> o enfrentamiento que afecta al d\u00eda a d\u00eda del servicio.<\/p>\n<div id=\"cadenaser_gpt-MPU2\" class=\"contenedor_publi  publi_luto_horizontal\" style=\"text-align: justify;\" data-google-query-id=\"COvfrPCOy9ACFUSHUQodvXYIdQ\"><\/div>\n<p style=\"text-align: justify;\"><strong>Partidarios de la fusi\u00f3n y contrarios<\/strong> a este proceso coinciden en indicar a esta emisora que la sanidad granadina <strong>necesita mejoras inmediatas,<\/strong> como es el caso, entre otros, de los servicios de urgencias, con m\u00e1s personal y medios. <strong>Esto se mezcla con la constataci\u00f3n de que la fusi\u00f3n ha conllevado la p\u00e9rdida de importantes privilegios en estatus, en condiciones laborales y hasta en sueldo para decenas de profesionales sanitarios.<\/strong><\/p>\n<p style=\"text-align: justify;\">Numerosos profesionales del sector consultados por esta Redacci\u00f3n reconocen que la reivindicaci\u00f3n de una mejor sanidad para Granada, que es un\u00e1nime, se ha mezclado con las necesidades claras de una <strong>mejor organizaci\u00f3n sanitaria (fruto de la fusi\u00f3n) y el malestar de distintos grupos que han podido ver perjudicado su &#8216;status quo&#8217; por el proceso.<\/strong><\/p>\n<p style=\"text-align: justify;\">Profesionales sanitarios reconocen que ese malestar ha generado en los \u00faltimos meses el caldo de cultivo para dar la impresi\u00f3n, m\u00e1s all\u00e1 de los graves problemas existentes en el d\u00eda a d\u00eda, que la sanidad granadina es un caos absoluto. En algunos casos y en determinados servicios, el caos puntual es real.<\/p>\n<p style=\"text-align: justify;\">Lo peor, coinciden todas las fuentes consultadas, es que algunos profesionales <strong>han trasladado ese malestar al paciente, afectando a la atenci\u00f3n;<\/strong> y se ha generado, como c\u00edrculo vicioso, un malestar entre los usuarios que, algunas veces, perjudica a la relaci\u00f3n con el sanitario.<\/p>\n<p style=\"text-align: justify;\">Todo esto, como causa y como consecuencia, se ve agravado estos d\u00edas en Granada con un <strong>clima de enfrentamiento incluso social en la ciudad; con denuncias de manipulaci\u00f3n hacia los medios de comunicaci\u00f3n; y hasta con enfrentamientos o luchas de poder entre plataformas, partidos pol\u00edticos, sindicatos, asociaciones y profesionales.<\/strong><\/p>\n<\/div>\n<\/div>\n<p>&nbsp;<\/p>\n","protected":false},"excerpt":{"rendered":"<p>El enfrentamietno interno entre los sanitarios est\u00e1 afectado directamente al servicio prestado al usuario. El&#8230;<\/p>\n","protected":false},"author":1,"featured_media":12632,"comment_status":"closed","ping_status":"closed","sticky":false,"template":"","format":"standard","meta":{"_coblocks_attr":"","_coblocks_dimensions":"","_coblocks_responsive_height":"","_coblocks_accordion_ie_support":"","jetpack_post_was_ever_published":false,"_jetpack_newsletter_access":"","_jetpack_dont_email_post_to_subs":false,"_jetpack_newsletter_tier_id":0,"_jetpack_memberships_contains_paywalled_content":false,"_jetpack_memberships_contains_paid_content":false,"footnotes":"","jetpack_publicize_message":"","jetpack_publicize_feature_enabled":true,"jetpack_social_post_already_shared":false,"jetpack_social_options":{"image_generator_settings":{"template":"highway","default_image_id":0,"enabled":false},"version":2}},"categories":[44,15,10],"tags":[409],"class_list":["post-12631","post","type-post","status-publish","format-standard","has-post-thumbnail","hentry","category-noticias-de-hoy","category-ultimas-noticias","category-salud","tag-sanidad"],"jetpack_publicize_connections":[],"jetpack_featured_media_url":"https:\/\/i0.wp.com\/miradordeatarfe.es\/wp-content\/uploads\/2016\/11\/HOS.jpg?fit=770%2C433&ssl=1","jetpack_likes_enabled":true,"jetpack_sharing_enabled":true,"_links":{"self":[{"href":"https:\/\/miradordeatarfe.es\/index.php?rest_route=\/wp\/v2\/posts\/12631","targetHints":{"allow":["GET"]}}],"collection":[{"href":"https:\/\/miradordeatarfe.es\/index.php?rest_route=\/wp\/v2\/posts"}],"about":[{"href":"https:\/\/miradordeatarfe.es\/index.php?rest_route=\/wp\/v2\/types\/post"}],"author":[{"embeddable":true,"href":"https:\/\/miradordeatarfe.es\/index.php?rest_route=\/wp\/v2\/users\/1"}],"replies":[{"embeddable":true,"href":"https:\/\/miradordeatarfe.es\/index.php?rest_route=%2Fwp%2Fv2%2Fcomments&post=12631"}],"version-history":[{"count":3,"href":"https:\/\/miradordeatarfe.es\/index.php?rest_route=\/wp\/v2\/posts\/12631\/revisions"}],"predecessor-version":[{"id":12727,"href":"https:\/\/miradordeatarfe.es\/index.php?rest_route=\/wp\/v2\/posts\/12631\/revisions\/12727"}],"wp:featuredmedia":[{"embeddable":true,"href":"https:\/\/miradordeatarfe.es\/index.php?rest_route=\/wp\/v2\/media\/12632"}],"wp:attachment":[{"href":"https:\/\/miradordeatarfe.es\/index.php?rest_route=%2Fwp%2Fv2%2Fmedia&parent=12631"}],"wp:term":[{"taxonomy":"category","embeddable":true,"href":"https:\/\/miradordeatarfe.es\/index.php?rest_route=%2Fwp%2Fv2%2Fcategories&post=12631"},{"taxonomy":"post_tag","embeddable":true,"href":"https:\/\/miradordeatarfe.es\/index.php?rest_route=%2Fwp%2Fv2%2Ftags&post=12631"}],"curies":[{"name":"wp","href":"https:\/\/api.w.org\/{rel}","templated":true}]}}