{"id":12677,"date":"2016-12-01T07:47:34","date_gmt":"2016-12-01T06:47:34","guid":{"rendered":"http:\/\/miradordeatarfe.es\/?p=12677"},"modified":"2016-11-29T12:50:37","modified_gmt":"2016-11-29T11:50:37","slug":"el-papa-aprueba-que-se-perdone-el-aborto","status":"publish","type":"post","link":"https:\/\/miradordeatarfe.es\/?p=12677","title":{"rendered":"El Papa aprueba que se perdone el aborto"},"content":{"rendered":"<div class=\"col-sm-12\">\n<div class=\"field field-name-field-subt-tulo field-type-text field-label-hidden\">\n<div class=\"field-items\">\n<div class=\"field-item even\" style=\"text-align: justify;\">Francisco permite que los sacerdotes absuelvan este pecado<\/div>\n<\/div>\n<\/div>\n<\/div>\n<p style=\"text-align: justify;\"><!--more--><\/p>\n<div class=\"col-sm-8 articulo_bodycol\">\n<div class=\"row\">\n<div class=\"col-sm-12 cuerpo_articulo\">\n<div>\n<div class=\"field field-name-body field-type-text-with-summary field-label-hidden\">\n<div class=\"field-items\">\n<div class=\"field-item even\" style=\"text-align: justify;\">\n<p>El\u00a0papa\u00a0Francisco anunci\u00f3\u00a0 que los sacerdotes <strong>podr\u00e1n absolver del pecado del aborto de manera indefinida,<\/strong> una disposici\u00f3n que hab\u00eda autorizado solo durante el A\u00f1o Santo de la Misericordia que concluy\u00f3 el domingo.<\/p>\n<p>As\u00ed se lee en la carta apost\u00f3lica \u00abMisericordia et misera\u00bb, el documento de conclusi\u00f3n del Jubileo extraordinario que instituy\u00f3 Francisco y en el que da las indicaciones para que los <strong>cat\u00f3licos contin\u00faen este tiempo de la misericordia, la reconciliaci\u00f3n y el perd\u00f3n.<\/strong><\/p>\n<p>\u00abPara que ning\u00fan obst\u00e1culo se interponga entre la petici\u00f3n de reconciliaci\u00f3n y el perd\u00f3n de Dios, de ahora en adelante concedo a todos los sacerdotes, en raz\u00f3n de su ministerio, la facultad <strong>de absolver a quienes hayan procurado el pecado de aborto.<\/strong> Cuanto hab\u00eda concedido de modo limitado para el per\u00edodo jubilar lo extiendo ahora en el tiempo, no obstante cualquier cosa en contrario\u00bb, escribe el pont\u00edfice en la misiva.<\/p>\n<p>Seg\u00fan la doctrina cat\u00f3lica,<strong> el aborto es un pecado grave que comporta excomuni\u00f3n<\/strong> y hasta ahora un sacerdote s\u00f3lo lo pod\u00eda absolver despu\u00e9s de que le autorizase un obispo o el mismo pont\u00edfice.<\/p>\n<p>No obstante la concesi\u00f3n del perd\u00f3n, Francisco enfatiza \u00abcon fuerza\u00bb en su misiva que <strong>\u00abel aborto es un pecado grave, porque pone fin a una vida humana inocente\u00bb.<\/strong><\/p>\n<p>Pero agrega que \u00abcon la misma fuerza\u00bb puede afirmar que \u00abno existe ning\u00fan pecado que la misericordia de Dios no pueda alcanzar y destruir, all\u00ed donde encuentra un coraz\u00f3n arrepentido que pide reconciliarse con el Padre\u00bb.<\/p>\n<p>\u00abPor tanto, que cada sacerdote sea gu\u00eda, apoyo y alivio a la hora de acompa\u00f1ar a los penitentes en este camino de reconciliaci\u00f3n especial\u00bb, a\u00f1ade.<\/p>\n<p>En esta carta en la que invita a renovar <strong>el tiempo de perd\u00f3n, reconciliaci\u00f3n y caridad<\/strong> con los m\u00e1s necesitados, Francisco tambi\u00e9n extiende otras disposiciones que hab\u00eda autorizado durante el Jubileo como la de la concesi\u00f3n de absolver los pecados a los sacerdotes de la Fraternidad de San P\u00edo X, los llamados lefebvrianos.<\/p>\n<p>Francisco justifica esta decisi\u00f3n \u00abpor el bien pastoral de estos fieles\u00bb y para que \u00abse pueda recuperar con la ayuda de Dios, la plena comuni\u00f3n\u00bb, en lo que se entiende como una mano tendida a los seguidores de Marcel Lefebvre, que no reconocen las novedades introducidas en el Concilio Vaticano II, por lo que est\u00e1n fuera de la Iglesia desde 1988.<\/p>\n<p>El\u00a0papa\u00a0tambi\u00e9n recuerda a los sacerdotes las diferentes situaciones familiares en la actualidad y les reitera que ante estas personas tengan \u00abun discernimiento espiritual atento, profundo y prudente para que cada uno, sin excluir a nadie, sin importar la situaci\u00f3n que viva, pueda sentirse acogido concretamente por Dios, participar activamente en la vida de la comunidad y ser admitido en ese Pueblo de Dios\u00bb.<\/p>\n<\/div>\n<div class=\"field-item even\" style=\"text-align: justify;\"><\/div>\n<\/div>\n<div class=\"field-item even\" style=\"text-align: justify;\"><a href=\"http:\/\/www.elplural.com\/sociedad\/2016\/11\/21\/el-papa-aprueba-que-se-perdone-el-aborto\">http:\/\/www.elplural.com\/sociedad\/2016\/11\/21\/el-papa-aprueba-que-se-perdone-el-aborto<\/a><\/div>\n<div class=\"field-items\"><\/div>\n<\/div>\n<div class=\"field-item even\" style=\"text-align: justify;\"><\/div>\n<\/div>\n<\/div>\n<\/div>\n<\/div>\n","protected":false},"excerpt":{"rendered":"<p>Francisco permite que los sacerdotes absuelvan este pecado<\/p>\n","protected":false},"author":1,"featured_media":12679,"comment_status":"closed","ping_status":"closed","sticky":false,"template":"","format":"standard","meta":{"_coblocks_attr":"","_coblocks_dimensions":"","_coblocks_responsive_height":"","_coblocks_accordion_ie_support":"","jetpack_post_was_ever_published":false,"_jetpack_newsletter_access":"","_jetpack_dont_email_post_to_subs":false,"_jetpack_newsletter_tier_id":0,"_jetpack_memberships_contains_paywalled_content":false,"_jetpack_memberships_contains_paid_content":false,"footnotes":"","jetpack_publicize_message":"","jetpack_publicize_feature_enabled":true,"jetpack_social_post_already_shared":false,"jetpack_social_options":{"image_generator_settings":{"template":"highway","default_image_id":0,"enabled":false},"version":2}},"categories":[186,9,44,15],"tags":[431,1528,3258],"class_list":["post-12677","post","type-post","status-publish","format-standard","has-post-thumbnail","hentry","category-instituciones","category-medio-ambiente","category-noticias-de-hoy","category-ultimas-noticias","tag-aborto","tag-papa-francisco","tag-sacerdotes"],"jetpack_publicize_connections":[],"jetpack_featured_media_url":"https:\/\/i0.wp.com\/miradordeatarfe.es\/wp-content\/uploads\/2016\/12\/11845179.jpg?fit=1200%2C480&ssl=1","jetpack_likes_enabled":true,"jetpack_sharing_enabled":true,"_links":{"self":[{"href":"https:\/\/miradordeatarfe.es\/index.php?rest_route=\/wp\/v2\/posts\/12677","targetHints":{"allow":["GET"]}}],"collection":[{"href":"https:\/\/miradordeatarfe.es\/index.php?rest_route=\/wp\/v2\/posts"}],"about":[{"href":"https:\/\/miradordeatarfe.es\/index.php?rest_route=\/wp\/v2\/types\/post"}],"author":[{"embeddable":true,"href":"https:\/\/miradordeatarfe.es\/index.php?rest_route=\/wp\/v2\/users\/1"}],"replies":[{"embeddable":true,"href":"https:\/\/miradordeatarfe.es\/index.php?rest_route=%2Fwp%2Fv2%2Fcomments&post=12677"}],"version-history":[{"count":2,"href":"https:\/\/miradordeatarfe.es\/index.php?rest_route=\/wp\/v2\/posts\/12677\/revisions"}],"predecessor-version":[{"id":12680,"href":"https:\/\/miradordeatarfe.es\/index.php?rest_route=\/wp\/v2\/posts\/12677\/revisions\/12680"}],"wp:featuredmedia":[{"embeddable":true,"href":"https:\/\/miradordeatarfe.es\/index.php?rest_route=\/wp\/v2\/media\/12679"}],"wp:attachment":[{"href":"https:\/\/miradordeatarfe.es\/index.php?rest_route=%2Fwp%2Fv2%2Fmedia&parent=12677"}],"wp:term":[{"taxonomy":"category","embeddable":true,"href":"https:\/\/miradordeatarfe.es\/index.php?rest_route=%2Fwp%2Fv2%2Fcategories&post=12677"},{"taxonomy":"post_tag","embeddable":true,"href":"https:\/\/miradordeatarfe.es\/index.php?rest_route=%2Fwp%2Fv2%2Ftags&post=12677"}],"curies":[{"name":"wp","href":"https:\/\/api.w.org\/{rel}","templated":true}]}}