{"id":12689,"date":"2016-11-29T15:43:02","date_gmt":"2016-11-29T14:43:02","guid":{"rendered":"http:\/\/miradordeatarfe.es\/?p=12689"},"modified":"2016-11-29T15:43:26","modified_gmt":"2016-11-29T14:43:26","slug":"atarfe-recogida-del-preemio-de-la-federacion-de-municipios","status":"publish","type":"post","link":"https:\/\/miradordeatarfe.es\/?p=12689","title":{"rendered":"ATARFE: RECOGIDA DEL PREEMIO DE LA FEDERACI\u00d3N DE MUNICIPIOS"},"content":{"rendered":"<p>El pasado viernes el Ayuntamiento de Atarfe recogi\u00f3\u00a0 el Premio 2016 de \u201c<strong>Buenas Pr\u00e1cticas Municipales en la Prevenci\u00f3n del Abandono Escolar y la Prevenci\u00f3n\u00a0 y Atenci\u00f3n del Acoso Escolar\u201d<\/strong> que otorga la Femp Comunicacion (Federaci\u00f3n Espa\u00f1ola de Municipios y Provincias).<!--more-->\u00a0 Catorce municipios de toda Espa\u00f1a, de los cuales tres son andaluces, recibieron el galard\u00f3n. El gobierno municipal insiste en hacer extensible el reconocimiento a la comunidad educativa de Atarfe que forma parte de la Comisi\u00f3n de Absentismo Escolar, en especial al trabajo que viene realizando Juan de Dios Fern\u00e1ndez G\u00e1lvez, coordinador del equipo t\u00e9cnico de absentismo escolar, y Mari Trini Cort\u00e9s Mu\u00f1oz, mediadora cultural y monitora en Atarfe de absentismo escolar.<\/p>\n<p>Ambos aparecen en la imagen junto a la concejal de Educaci\u00f3n, Fabiola Garc\u00eda Montijano, posando con el premio en el Ministerio de Educaci\u00f3n, en Madrid. \u00a1Enhorabuena a todos!<\/p>\n","protected":false},"excerpt":{"rendered":"<p>El pasado viernes el Ayuntamiento de Atarfe recogi\u00f3\u00a0 el Premio 2016 de \u201cBuenas Pr\u00e1cticas Municipales&#8230;<\/p>\n","protected":false},"author":1,"featured_media":12690,"comment_status":"closed","ping_status":"closed","sticky":false,"template":"","format":"standard","meta":{"_coblocks_attr":"","_coblocks_dimensions":"","_coblocks_responsive_height":"","_coblocks_accordion_ie_support":"","jetpack_post_was_ever_published":false,"_jetpack_newsletter_access":"","_jetpack_dont_email_post_to_subs":false,"_jetpack_newsletter_tier_id":0,"_jetpack_memberships_contains_paywalled_content":false,"_jetpack_memberships_contains_paid_content":false,"footnotes":"","jetpack_publicize_message":"","jetpack_publicize_feature_enabled":true,"jetpack_social_post_already_shared":false,"jetpack_social_options":{"image_generator_settings":{"template":"highway","default_image_id":0,"enabled":false},"version":2}},"categories":[2,187,186,44,15],"tags":[81,3262,3263],"class_list":["post-12689","post","type-post","status-publish","format-standard","has-post-thumbnail","hentry","category-atarfe","category-centros-educativos","category-instituciones","category-noticias-de-hoy","category-ultimas-noticias","tag-atarfe","tag-compensatoria","tag-premio-federacion-de-municipios"],"jetpack_publicize_connections":[],"jetpack_featured_media_url":"https:\/\/i0.wp.com\/miradordeatarfe.es\/wp-content\/uploads\/2016\/11\/facebook_1480430171320.jpg?fit=720%2C405&ssl=1","jetpack_likes_enabled":true,"jetpack_sharing_enabled":true,"_links":{"self":[{"href":"https:\/\/miradordeatarfe.es\/index.php?rest_route=\/wp\/v2\/posts\/12689","targetHints":{"allow":["GET"]}}],"collection":[{"href":"https:\/\/miradordeatarfe.es\/index.php?rest_route=\/wp\/v2\/posts"}],"about":[{"href":"https:\/\/miradordeatarfe.es\/index.php?rest_route=\/wp\/v2\/types\/post"}],"author":[{"embeddable":true,"href":"https:\/\/miradordeatarfe.es\/index.php?rest_route=\/wp\/v2\/users\/1"}],"replies":[{"embeddable":true,"href":"https:\/\/miradordeatarfe.es\/index.php?rest_route=%2Fwp%2Fv2%2Fcomments&post=12689"}],"version-history":[{"count":2,"href":"https:\/\/miradordeatarfe.es\/index.php?rest_route=\/wp\/v2\/posts\/12689\/revisions"}],"predecessor-version":[{"id":12692,"href":"https:\/\/miradordeatarfe.es\/index.php?rest_route=\/wp\/v2\/posts\/12689\/revisions\/12692"}],"wp:featuredmedia":[{"embeddable":true,"href":"https:\/\/miradordeatarfe.es\/index.php?rest_route=\/wp\/v2\/media\/12690"}],"wp:attachment":[{"href":"https:\/\/miradordeatarfe.es\/index.php?rest_route=%2Fwp%2Fv2%2Fmedia&parent=12689"}],"wp:term":[{"taxonomy":"category","embeddable":true,"href":"https:\/\/miradordeatarfe.es\/index.php?rest_route=%2Fwp%2Fv2%2Fcategories&post=12689"},{"taxonomy":"post_tag","embeddable":true,"href":"https:\/\/miradordeatarfe.es\/index.php?rest_route=%2Fwp%2Fv2%2Ftags&post=12689"}],"curies":[{"name":"wp","href":"https:\/\/api.w.org\/{rel}","templated":true}]}}