{"id":12699,"date":"2016-12-11T11:12:41","date_gmt":"2016-12-11T10:12:41","guid":{"rendered":"http:\/\/miradordeatarfe.es\/?p=12699"},"modified":"2018-10-03T21:25:11","modified_gmt":"2018-10-03T19:25:11","slug":"madinat-ilbira-un-yacimiento-unico","status":"publish","type":"post","link":"https:\/\/miradordeatarfe.es\/?p=12699","title":{"rendered":"Madinat Ilbira, un yacimiento \u00fanico"},"content":{"rendered":"<div id=\"main_main\">\n<div class=\"ent\" style=\"text-align: justify;\">Madinat Ilbira (Medina Elvira) es un yacimiento \u00fanico en Espa\u00f1a y en Europa, que oculta los restos de la ciudad m\u00e1s importante de la Vega de Granada entre los siglos VII y X.<\/div>\n<\/div>\n<p style=\"text-align: justify;\"><!--more--><\/p>\n<div id=\"main_main\">\n<div class=\"text\" style=\"text-align: justify;\">\n<p>Madinat Ilbira es una ciudad seguramente surgida a partir de un poblamiento campesino y tiene vestigios importantes de \u00e9pocas romana y tardoantigua. En el siglo IX Abdehrraman II y Muhammad I construyeron su alcazaba y muy probablemente su mezquita mayor.<\/p>\n<p>El yacimiento se ubica entre los municipios de Atarfe y Pinos Puente y cuenta con una amplia extensi\u00f3n protegida, de 332 hect\u00e1reas, declaradas Bien de Inter\u00e9s Cultural (BIC) en 2004. Sus importantes valores hist\u00f3rico, social y cultural justifican las campa\u00f1as de excavaci\u00f3n sistem\u00e1tica que se realizan desde el a\u00f1o 2005, dentro del proyecto \u00abLa ciudad de Madinat Ilbira\u00bb, autorizado y financiado por la Direcci\u00f3n General de Bienes Culturales de la Consejer\u00eda de Cultura de la Junta de Andaluc\u00eda.<\/p>\n<p>La investigaci\u00f3n debe servir para avanzar en el conocimiento de los procesos de transformaci\u00f3n de la Tard\u00eda Antig\u00fcedad a la Alta Edad Media. Asimismo ha de servir para desarrollar las bases del conocimiento que hasta ahora se tienen del establecimiento del mundo \u00e1rabe en la pen\u00ednsula ib\u00e9rica.<\/p>\n<p>En la primera campa\u00f1a de intervenci\u00f3n arqueol\u00f3gica, llevada a cabo en 2005, el grupo de investigaci\u00f3n \u00abToponimia, Historia y Arqueolog\u00eda del Reino de Granada\u00bb se concentr\u00f3 en su alcazaba, situada en el Cerro de El Sombrerete. Entre otros hallazgos, se exhum\u00f3 la muralla en distintos tramos y la principal puerta de acceso.<\/p>\n<p>https:\/\/youtu.be\/Z_qCDrsKS3k<\/p>\n<p>En la campa\u00f1a de 2007 se investig\u00f3 en la parte urbana, concretamente en el Pago de la Mezquita, donde G\u00f3mez Moreno situ\u00f3 en el siglo XIX la mezquita mayor de la ciudad, y en la que han aparecido restos importantes que parecen conformarlo. Tambi\u00e9n se ha podido establecer un conjunto de viviendas bien organizado que indican un grado de urbanizaci\u00f3n importante. En 2009 fue posible excavar una necr\u00f3polis isl\u00e1mica y restos de viviendas de importantes dimensiones.<\/p>\n<p>En pr\u00f3ximas actuaciones se intervendr\u00e1 en las \u00e1reas m\u00e1s pr\u00f3ximas al poblamiento tardoantiguo, que parece que tiene continuidad en el per\u00edodo andalus\u00ed con el mantenimiento de una poblaci\u00f3n moz\u00e1rabe de cierta importancia.<\/p>\n<p>Desde MIRADOR DE ATARFE una pregunta para nuestros municipes:<\/p>\n<\/div>\n<h2 style=\"text-align: justify;\">\u00bfHASTA CUANDO VA A ESTAR PARADA LA EXCAVACI\u00d3N ?<\/h2>\n<\/div>\n<p>&nbsp;<\/p>\n","protected":false},"excerpt":{"rendered":"<p>Madinat Ilbira (Medina Elvira) es un yacimiento \u00fanico en Espa\u00f1a y en Europa, que oculta&#8230;<\/p>\n","protected":false},"author":1,"featured_media":12700,"comment_status":"closed","ping_status":"closed","sticky":false,"template":"","format":"standard","meta":{"_coblocks_attr":"","_coblocks_dimensions":"","_coblocks_responsive_height":"","_coblocks_accordion_ie_support":"","jetpack_post_was_ever_published":false,"_jetpack_newsletter_access":"","_jetpack_dont_email_post_to_subs":false,"_jetpack_newsletter_tier_id":0,"_jetpack_memberships_contains_paywalled_content":false,"_jetpack_memberships_contains_paid_content":false,"footnotes":"","jetpack_publicize_message":"","jetpack_publicize_feature_enabled":true,"jetpack_social_post_already_shared":false,"jetpack_social_options":{"image_generator_settings":{"template":"highway","default_image_id":0,"enabled":false},"version":2}},"categories":[2,1225,5359,44,15],"tags":[81,2957],"class_list":["post-12699","post","type-post","status-publish","format-standard","has-post-thumbnail","hentry","category-atarfe","category-ha-de-atarfe","category-madinat-ilbira","category-noticias-de-hoy","category-ultimas-noticias","tag-atarfe","tag-madinat-ilbira"],"jetpack_publicize_connections":[],"jetpack_featured_media_url":"https:\/\/i0.wp.com\/miradordeatarfe.es\/wp-content\/uploads\/2016\/11\/visitasb_g16.jpg?fit=480%2C360&ssl=1","jetpack_likes_enabled":true,"jetpack_sharing_enabled":true,"_links":{"self":[{"href":"https:\/\/miradordeatarfe.es\/index.php?rest_route=\/wp\/v2\/posts\/12699","targetHints":{"allow":["GET"]}}],"collection":[{"href":"https:\/\/miradordeatarfe.es\/index.php?rest_route=\/wp\/v2\/posts"}],"about":[{"href":"https:\/\/miradordeatarfe.es\/index.php?rest_route=\/wp\/v2\/types\/post"}],"author":[{"embeddable":true,"href":"https:\/\/miradordeatarfe.es\/index.php?rest_route=\/wp\/v2\/users\/1"}],"replies":[{"embeddable":true,"href":"https:\/\/miradordeatarfe.es\/index.php?rest_route=%2Fwp%2Fv2%2Fcomments&post=12699"}],"version-history":[{"count":1,"href":"https:\/\/miradordeatarfe.es\/index.php?rest_route=\/wp\/v2\/posts\/12699\/revisions"}],"predecessor-version":[{"id":12701,"href":"https:\/\/miradordeatarfe.es\/index.php?rest_route=\/wp\/v2\/posts\/12699\/revisions\/12701"}],"wp:featuredmedia":[{"embeddable":true,"href":"https:\/\/miradordeatarfe.es\/index.php?rest_route=\/wp\/v2\/media\/12700"}],"wp:attachment":[{"href":"https:\/\/miradordeatarfe.es\/index.php?rest_route=%2Fwp%2Fv2%2Fmedia&parent=12699"}],"wp:term":[{"taxonomy":"category","embeddable":true,"href":"https:\/\/miradordeatarfe.es\/index.php?rest_route=%2Fwp%2Fv2%2Fcategories&post=12699"},{"taxonomy":"post_tag","embeddable":true,"href":"https:\/\/miradordeatarfe.es\/index.php?rest_route=%2Fwp%2Fv2%2Ftags&post=12699"}],"curies":[{"name":"wp","href":"https:\/\/api.w.org\/{rel}","templated":true}]}}