{"id":12702,"date":"2016-12-03T10:22:51","date_gmt":"2016-12-03T09:22:51","guid":{"rendered":"http:\/\/miradordeatarfe.es\/?p=12702"},"modified":"2023-10-21T19:47:19","modified_gmt":"2023-10-21T17:47:19","slug":"marco-geografico-y-realidad-fisica-de-madinat-ilbira","status":"publish","type":"post","link":"https:\/\/miradordeatarfe.es\/?p=12702","title":{"rendered":"Marco geogr\u00e1fico y realidad f\u00edsica DE MADINAT ILBIRA"},"content":{"rendered":"<div id=\"content\">\n<div id=\"main\">\n<div id=\"main_main\">\n<div class=\"text\">\n<p align=\"justify\">El \u00e1rea del BIC y los restos de Madinat Ilbira se sit\u00faan en las estribaciones de Sierra Elvira, una mole caliza que, si bien no alcanza cotas muy elevadas, es parte de la cordillera Sub-B\u00e9tica, formada durante los plegamientos alpinos del terciario.<\/p>\n<p><!--more--><\/p>\n<p align=\"justify\">Sus alturas m\u00e1ximas no son muy elevadas, siendo su mayor cima el monte Elvira, de 1098 m de altura, pero con laderas muy escarpadas. Los materiales calizos del Mesozoico, que son su principal componente, han dado lugar a estos relieves accidentados, donde no son raros los fen\u00f3menos c\u00e1rsticos. No hay evidencias, sin embargo, de la actividad volc\u00e1nica que se le supone a esta sierra, pero s\u00ed que existen fen\u00f3menos termales y en varias de las numerosas grutas que horadan estas monta\u00f1as existen dep\u00f3sitos de agua calientes.<\/p>\n<p align=\"justify\">La otra unidad que marca el relieve es la llanura aluvial que forma el r\u00edo Genil y sus afluentes. Este curso de agua drena el surco intrab\u00e9tico que divide el sistema B\u00e9tico y el Penib\u00e9tico. En esta zona el valle se abre y alcanza, con 20 km, su m\u00e1xima anchura. El origen de la depresi\u00f3n debe buscarse tambi\u00e9n en los plegamientos alpinos, que han creado este \u00e1rea de subsidencia. En ese momento existir\u00eda una lengua de mar que penetrar\u00eda tierra adentro a finales del Mioceno habr\u00eda ya una cuenca continental con una sucesi\u00f3n de una fase inicial de erosi\u00f3n muy fuerte y una sedimentaci\u00f3n al final, apenas perceptible. En el Tortoniense se produce una transgresi\u00f3n marina con la sedimentaci\u00f3n de areniscas. A lo largo de este periodo la cuenca se va cerrando, marcando este proceso la aparici\u00f3n de yesos. Los materiales de relleno de la cuenca son fundamentalmente terciarios, alterados por los movimientos de subsidencia de la zona central de la depresi\u00f3n y por procesos erosivos. Entre el Plioceno y el Cuaternario se generan unos dep\u00f3sitos de arcillas rojizas y gravas, representados sobre todo en el norte de la Vega. Las fases sedimentarias parecen culminar en el Villafranquiense, representado por blocks, materiales de muy diversa granulometr\u00eda incluidos en una matriz arcillosa. Sobre esta base, que tendr\u00eda unos 200 m m\u00e1s de altura que la actual, se han producido las fases de erosi\u00f3n que han vaciado la depresi\u00f3n. En el fondo del valle se ha generado la llanura aluvial, formada principalmente por arcillas que alcanza sus mayores dimensiones antes del encajonamiento del r\u00edo Genil en los Infiernos de Loja.<\/p>\n<p align=\"justify\">El r\u00edo ha generado unos dep\u00f3sitos de tierra muy f\u00e9rtiles que unidos a la importante red de acequias, fundamentalmente isl\u00e1micas, han permitido el desarrollo de la agricultura. Gracias al regad\u00edo se han superado los l\u00edmites impuestos por el clima continental mediterr\u00e1neo. Este clima se caracteriza por la escasez y periodicidad de las precipitaciones (unos 357 mm3 al a\u00f1o, concentradas entre noviembre y abril) con temporadas de sequ\u00eda y lluvias torrenciales bastante frecuentes, y una gran oscilaci\u00f3n t\u00e9rmica, con heladas frecuentes en invierno y temperaturas por encima de 40\u00ba C en verano. La rica agricultura irrigada ha sido siempre una de las caracter\u00edsticas que m\u00e1s se ha destacado en este espacio. Jer\u00f3nimo M\u00fcnzer se\u00f1ala la riqueza de los cultivos a finales del siglo XV, poco despu\u00e9s de la conquista cristiana, pero que sin lugar a dudas tiene su origen mucho antes, por lo menos en el siglo VIII, cuando se emplea el termino al-Fahs aplicado a la Vega, en el sentido de un territorio cultivado y poblado. Actualmente, en la zona de Atarfe, el riego procede de dos acequias, la Acequia Gorda del Genil, de origen medieval y la de los Ojos de Hu\u00e9car, m\u00e1s caudalosa y cuyo origen es desconocido. La Acequia Gorda del Genil es la \u00fanica que se menciona en el siglo XVIII. Fundada probablemente antes del siglo XI, recoge el agua algo por encima de Granada, cerca de Cenes de la Vega. En el t\u00e9rmino municipal de Atarfe ya apenas lleva agua, por lo que no parece que esta fuese la fuente principal de abastecimiento. Por otro lado, el r\u00edo con un curso de agua permanente m\u00e1s cercano es el Cubillas, pero queda desviado por la mole caliza de la sierra, recorriendo su frente norte y oeste sin llegar a pasar por el yacimiento, que s\u00f3lo presenta arroyos y torrentes. Por tanto, la fuente que deb\u00eda abastecer la ciudad eran los acu\u00edferos. Muy abundantes en la zona, son profundos, de tal manera que han requerido la construcci\u00f3n de importantes infraestructuras para su explotaci\u00f3n, todav\u00eda hoy reconocibles en forma de pozos comunicados entre ellos, es decir qanat. El agua se emplear\u00eda para abastecimiento humano, para regad\u00edo y tal vez para ba\u00f1os, se conoce desde antiguo una caverna natural junto a la carretera donde surge agua caliente que se aprovecha como piscinas a d\u00eda de hoy.<\/p>\n<p align=\"justify\">En la actualidad en la llanura hay diversas plantaciones, fundamentalmente de olivo y de cereales, y en contraste la sierra presenta una estampa m\u00e1s adusta. La climatolog\u00eda dar\u00e1 lugar a formaciones naturales de pino carrasco, encina, alcornoque y pino salgare\u00f1o, que en los puntos m\u00e1s elevados se reduce \u00fanicamente al pino carrasco. En las zonas donde el bosque se ha degradado crecen matorrales, con gran numero de especies arom\u00e1ticas, como distintas variedades de jara, tomillo, romero o retama. Junto a los cursos de los r\u00edos crecer\u00edan bosques de ribera con gran variedad de especies, entre las que destacan el \u00e1lamo blanco, chopo, almez, aliso, fresno, sauces, \u00e1rbol casto, boj, adelfa, taraje y cornillo.<\/p>\n<p align=\"justify\">A parte del aprovechamiento agr\u00edcola inserto en la Vega de Granada, Atarfe y su entorno se han caracterizado por un cierto desarrollo industrial en el siglo XIX. Testigo de este pasado son los edificios en ruinas que jalonan el territorio, como una cementera y dos azucareras. Todav\u00eda hoy se mantiene en uso una almazara, y una de las principales actividades es la extracci\u00f3n de piedra en Sierra Elvira, siendo esta labor destacada ya en la cr\u00f3nica de al-Razi, que menciona la extracci\u00f3n y el trabajo del m\u00e1rmol en el siglo X.<\/p>\n<p align=\"justify\">Es indudable que la ciudad se favoreci\u00f3 de su posici\u00f3n estrat\u00e9gica en las v\u00edas de comunicaci\u00f3n de la kura de Ilbira, una de las grandes provincias de al-Andalus, que inclu\u00eda casi toda la actual provincia de Granada, el este de M\u00e1laga, el sur de Ja\u00e9n y C\u00f3rdoba y el oeste de Almer\u00eda. Estas v\u00edas pondr\u00edan en comunicaci\u00f3n la ciudad portuaria de Pechina, en Almer\u00eda, con la capital del califato, C\u00f3rdoba. As\u00ed, los productos procedentes en toda la provincia se redistribuir\u00edan desde la capital de la kura, la cual a su vez difundir\u00eda las producciones cordobesas.<\/p>\n<\/div>\n<\/div>\n<\/div>\n<\/div>\n<p>&nbsp;<\/p>\n","protected":false},"excerpt":{"rendered":"<p>El \u00e1rea del BIC y los restos de Madinat Ilbira se sit\u00faan en las estribaciones&#8230;<\/p>\n","protected":false},"author":1,"featured_media":12703,"comment_status":"closed","ping_status":"closed","sticky":false,"template":"","format":"standard","meta":{"_coblocks_attr":"","_coblocks_dimensions":"","_coblocks_responsive_height":"","_coblocks_accordion_ie_support":"","jetpack_post_was_ever_published":false,"_jetpack_newsletter_access":"","_jetpack_dont_email_post_to_subs":false,"_jetpack_newsletter_tier_id":0,"_jetpack_memberships_contains_paywalled_content":false,"_jetpack_memberships_contains_paid_content":false,"footnotes":"","jetpack_publicize_message":"","jetpack_publicize_feature_enabled":true,"jetpack_social_post_already_shared":false,"jetpack_social_options":{"image_generator_settings":{"template":"highway","default_image_id":0,"enabled":false},"version":2}},"categories":[1225,5359,10431],"tags":[2583,3264,1125,2957],"class_list":["post-12702","post","type-post","status-publish","format-standard","has-post-thumbnail","hentry","category-ha-de-atarfe","category-madinat-ilbira","category-medina-elvira-2","tag-bic","tag-geografia","tag-historia","tag-madinat-ilbira"],"jetpack_publicize_connections":[],"jetpack_featured_media_url":"https:\/\/i0.wp.com\/miradordeatarfe.es\/wp-content\/uploads\/2016\/11\/marcogeograficolateral5.jpg?fit=208%2C159&ssl=1","jetpack_likes_enabled":true,"jetpack_sharing_enabled":true,"_links":{"self":[{"href":"https:\/\/miradordeatarfe.es\/index.php?rest_route=\/wp\/v2\/posts\/12702","targetHints":{"allow":["GET"]}}],"collection":[{"href":"https:\/\/miradordeatarfe.es\/index.php?rest_route=\/wp\/v2\/posts"}],"about":[{"href":"https:\/\/miradordeatarfe.es\/index.php?rest_route=\/wp\/v2\/types\/post"}],"author":[{"embeddable":true,"href":"https:\/\/miradordeatarfe.es\/index.php?rest_route=\/wp\/v2\/users\/1"}],"replies":[{"embeddable":true,"href":"https:\/\/miradordeatarfe.es\/index.php?rest_route=%2Fwp%2Fv2%2Fcomments&post=12702"}],"version-history":[{"count":1,"href":"https:\/\/miradordeatarfe.es\/index.php?rest_route=\/wp\/v2\/posts\/12702\/revisions"}],"predecessor-version":[{"id":12704,"href":"https:\/\/miradordeatarfe.es\/index.php?rest_route=\/wp\/v2\/posts\/12702\/revisions\/12704"}],"wp:featuredmedia":[{"embeddable":true,"href":"https:\/\/miradordeatarfe.es\/index.php?rest_route=\/wp\/v2\/media\/12703"}],"wp:attachment":[{"href":"https:\/\/miradordeatarfe.es\/index.php?rest_route=%2Fwp%2Fv2%2Fmedia&parent=12702"}],"wp:term":[{"taxonomy":"category","embeddable":true,"href":"https:\/\/miradordeatarfe.es\/index.php?rest_route=%2Fwp%2Fv2%2Fcategories&post=12702"},{"taxonomy":"post_tag","embeddable":true,"href":"https:\/\/miradordeatarfe.es\/index.php?rest_route=%2Fwp%2Fv2%2Ftags&post=12702"}],"curies":[{"name":"wp","href":"https:\/\/api.w.org\/{rel}","templated":true}]}}