{"id":12718,"date":"2016-11-30T09:45:22","date_gmt":"2016-11-30T08:45:22","guid":{"rendered":"http:\/\/miradordeatarfe.es\/?p=12718"},"modified":"2016-11-30T09:33:15","modified_gmt":"2016-11-30T08:33:15","slug":"buen-fin-de-semana-para-los-atletas-atarfenos-en-la-cxm-de-itrabo","status":"publish","type":"post","link":"https:\/\/miradordeatarfe.es\/?p=12718","title":{"rendered":"BUEN FIN DE SEMANA PARA LOS ATLETAS ATARFE\u00d1OS EN LA CXM DE ITRABO"},"content":{"rendered":"<h5>Prueba disputada dentro del circuito granadino de CxM de la Diputaci\u00f3n de Granada<\/h5>\n<p><!--more--><\/p>\n<p>Este pasdo fin de semana, concretamente el Domingo 27 de Noviembre, se disput\u00f3 la pen\u00faltima prueba del Circuito de Diputaci\u00f3n de CxM, que se celebr\u00f3 en la localidad granadina de \u00cdtrabo.<\/p>\n<p>El recorrido, adem\u00e1s de ser\u00a0muy bello por los parajes por d\u00f3nde transcurr\u00eda, fue muy duro y exigente, ya que cont\u00f3 con m\u00e1s de 1.000 m positivos de desnivel en 22 Kms de recorrido,\u00a0con bajadas muy t\u00e9cnicas y exigentes. La prueba cont\u00f3 con m\u00e1s de 300 corredores de toda la provincia y la salida tuvo lugar a las 10:00 de la ma\u00f1ana\u00a0bajo un fr\u00edo importante, y una climatolog\u00eda que no invitaba a quedarse parado mucho rato.<\/p>\n<p><strong>Juan Garc\u00eda<\/strong>(Club Atletismo y Monta\u00f1a Atarfe), consigui\u00f3 parar el crono en 1 h\u00a0 52 minutos y 27 segundos, entrando<strong> 2\u00ba de la general<\/strong>,y realizando un carrer\u00f3n de un alto nivel\u00a0y a menos de un minuto del ganador de la prueba, David Andr\u00e9s Jim\u00e9nez Gutierrez, que par\u00f3 su marca en 1 hora 51 minutos y 55 segundos.<\/p>\n<p>Por otra parte, <strong>Eduardo Mart\u00edn y Esteban Beiro<\/strong>(C.D Triatarfe), consiguieron subir<strong><em> a lo m\u00e1s alto del caj\u00f3n en sus respectivas catagor\u00edas.<\/em><\/strong><\/p>\n<p>El circuito de Diputaci\u00f3n cierra la temporada el pr\u00f3ximo 11 de Diciembre en la Sierra de Cenes.<\/p>\n<p>&nbsp;<\/p>\n<p align=\"center\"><strong>\u00a0!!! ENHORABUENA CAMPEONES !!!<\/strong><\/p>\n<p><a href=\"http:\/\/www.acidesa.es\">http:\/\/www.acidesa.es<\/a><\/p>\n","protected":false},"excerpt":{"rendered":"<p>Prueba disputada dentro del circuito granadino de CxM de la Diputaci\u00f3n de Granada<\/p>\n","protected":false},"author":1,"featured_media":12719,"comment_status":"closed","ping_status":"closed","sticky":false,"template":"","format":"standard","meta":{"_coblocks_attr":"","_coblocks_dimensions":"","_coblocks_responsive_height":"","_coblocks_accordion_ie_support":"","jetpack_post_was_ever_published":false,"_jetpack_newsletter_access":"","_jetpack_dont_email_post_to_subs":false,"_jetpack_newsletter_tier_id":0,"_jetpack_memberships_contains_paywalled_content":false,"_jetpack_memberships_contains_paid_content":false,"footnotes":"","jetpack_publicize_message":"","jetpack_publicize_feature_enabled":true,"jetpack_social_post_already_shared":false,"jetpack_social_options":{"image_generator_settings":{"template":"highway","default_image_id":0,"enabled":false},"version":2}},"categories":[2,182,44,15],"tags":[81,85,123],"class_list":["post-12718","post","type-post","status-publish","format-standard","has-post-thumbnail","hentry","category-atarfe","category-deportes","category-noticias-de-hoy","category-ultimas-noticias","tag-atarfe","tag-atletismo","tag-deportes"],"jetpack_publicize_connections":[],"jetpack_featured_media_url":"https:\/\/i0.wp.com\/miradordeatarfe.es\/wp-content\/uploads\/2016\/11\/732_659_20161128114020.jpg?fit=400%2C266&ssl=1","jetpack_likes_enabled":true,"jetpack_sharing_enabled":true,"_links":{"self":[{"href":"https:\/\/miradordeatarfe.es\/index.php?rest_route=\/wp\/v2\/posts\/12718","targetHints":{"allow":["GET"]}}],"collection":[{"href":"https:\/\/miradordeatarfe.es\/index.php?rest_route=\/wp\/v2\/posts"}],"about":[{"href":"https:\/\/miradordeatarfe.es\/index.php?rest_route=\/wp\/v2\/types\/post"}],"author":[{"embeddable":true,"href":"https:\/\/miradordeatarfe.es\/index.php?rest_route=\/wp\/v2\/users\/1"}],"replies":[{"embeddable":true,"href":"https:\/\/miradordeatarfe.es\/index.php?rest_route=%2Fwp%2Fv2%2Fcomments&post=12718"}],"version-history":[{"count":4,"href":"https:\/\/miradordeatarfe.es\/index.php?rest_route=\/wp\/v2\/posts\/12718\/revisions"}],"predecessor-version":[{"id":12723,"href":"https:\/\/miradordeatarfe.es\/index.php?rest_route=\/wp\/v2\/posts\/12718\/revisions\/12723"}],"wp:featuredmedia":[{"embeddable":true,"href":"https:\/\/miradordeatarfe.es\/index.php?rest_route=\/wp\/v2\/media\/12719"}],"wp:attachment":[{"href":"https:\/\/miradordeatarfe.es\/index.php?rest_route=%2Fwp%2Fv2%2Fmedia&parent=12718"}],"wp:term":[{"taxonomy":"category","embeddable":true,"href":"https:\/\/miradordeatarfe.es\/index.php?rest_route=%2Fwp%2Fv2%2Fcategories&post=12718"},{"taxonomy":"post_tag","embeddable":true,"href":"https:\/\/miradordeatarfe.es\/index.php?rest_route=%2Fwp%2Fv2%2Ftags&post=12718"}],"curies":[{"name":"wp","href":"https:\/\/api.w.org\/{rel}","templated":true}]}}