{"id":12740,"date":"2016-12-02T08:28:17","date_gmt":"2016-12-02T07:28:17","guid":{"rendered":"http:\/\/miradordeatarfe.es\/?p=12740"},"modified":"2016-12-01T14:22:18","modified_gmt":"2016-12-01T13:22:18","slug":"1-de-cada-3-ninos-y-ninas-vive-en-riesgo-de-pobreza-casi-2-millones-y-medio","status":"publish","type":"post","link":"https:\/\/miradordeatarfe.es\/?p=12740","title":{"rendered":"1 de cada 3 ni\u00f1os y ni\u00f1as vive en riesgo de pobreza -casi 2 millones y medio-"},"content":{"rendered":"<div>\n<div class=\"field field-name-body field-type-text-with-summary field-label-hidden\">\n<div class=\"field-items\">\n<div class=\"field-item even\" style=\"text-align: justify;\"><span lang=\"ES\"><span lang=\"ES\"><em><strong>El 29,6% de los menores de 18 a\u00f1os vive\u00a0en riesgo de pobreza (2,3 puntos m\u00e1s desde 2008). Pese a un ligero descenso de 0,9 puntos porcentuales respecto a 2014 son m\u00e1s de 2.460.000 ni\u00f1os y ni\u00f1as.\u00a0<\/strong><\/em><\/span><\/span><!--more--><\/p>\n<\/div>\n<div class=\"field-item even\" style=\"text-align: justify;\">\u00a0<span lang=\"ES\"><em>Nos referimos a ni\u00f1os y ni\u00f1as que viven en hogares cuyos ingresos est\u00e1n por debajo del umbral de pobreza: una renta inferior al 60% de la renta media, es decir unos 1.402 \u20ac al mes para toda la familia -compuesta por dos adultos y dos\u00a0ni\u00f1os-<strong>. Son datos del Barometro de la Infancia realizado por la ONG Save The Children. <\/strong><\/em><\/span><\/div>\n<p class=\"field-item even\" style=\"text-align: justify;\"><span lang=\"ES\"><em><strong>Pero hay m\u00e1s.<\/strong><\/em><\/span><span lang=\"ES\">En los \u00faltimos a\u00f1os, el porcentaje\u00a0de ni\u00f1os y ni\u00f1as en tal situaci\u00f3n no han dejado de aumentar -a excepci\u00f3n de los menores de 6 a\u00f1os- y especialmente vulnerables son los menores con edades comprendidas entre los 12 y 17 a\u00f1os, ya que son edades cr\u00edticas para su trayectoria educativa o inserci\u00f3n futura en el mercado laboral. <\/span><\/p>\n<p class=\"field-item even\" style=\"text-align: justify;\"><strong><span lang=\"ES\">El 35,5% de estos j\u00f3venes se encuentra\u00a0en situaci\u00f3n de pobreza.<\/span><\/strong><span lang=\"ES\">La pobreza se muestra especialmente cruel con las familias con menores de edad a cargo y, a\u00fan m\u00e1s, con los ni\u00f1os y ni\u00f1as que han nacido en el seno de ciertas familias: el 37,5% de monoparentales o el 53,3% en familias en las que los progenitores no son espa\u00f1oles.<\/span><\/p>\n<p class=\"field-item even\" style=\"text-align: justify;\"><span lang=\"ES\"><strong>Pobreza severa<\/strong><\/span><\/p>\n<p class=\"field-item even\" style=\"text-align: justify;\"><span lang=\"ES\">La pobreza severa en los menores de 18 a\u00f1os se intensifica y se cronifica entre los menores de edad hasta alcanzar su valor m\u00e1ximo en los \u00faltimos a\u00f1os.\u00a0Son ni\u00f1os y ni\u00f1as que viven en hogares cuyos ingresos est\u00e1n por debajo del 40% de la renta media, es decir en <strong>hogares que cuentan con tan s\u00f3lo unos 750\u00a0euros al mes para toda la familia<\/strong> -dos adultos y un ni\u00f1o-. <\/span><\/p>\n<p class=\"field-item even\" style=\"text-align: justify;\"><span lang=\"ES\">Esta pobreza ha aumentado 1 punto\u00a0en el \u00faltimo a\u00f1o, y 2,5 puntos desde 2013 (14,2%). Ha pasado de un 12% de los ni\u00f1os y ni\u00f1as en 2008 al 16,7% en 2015; casi 1.390.000 ni\u00f1os y ni\u00f1as se encuentran en esta situaci\u00f3n.<\/span><\/p>\n<div class=\" hidden-xs anuncio\">\n<div id=\"Anteread\">\n<div id=\"sas_31218\">\n<div id=\"sas_relDiv_6187133\">\n<div id=\"sas_videoDiv_6187133\"><\/div>\n<p><span lang=\"ES\">Entre 2008 y 2015 hay que resaltar el aumento del n\u00famero de personas, y especialmente menores de 18 a\u00f1os, que viven en hogares donde sus miembros trabajan por debajo de su potencial -conocido como baja intensidad de trabajo\/empleo por hogar-. En 2015 casi un mill\u00f3n ni\u00f1os y ni\u00f1as viven en hogares con baja intensidad laboral; 185.206 menos que en 2014, pero 660.300 m\u00e1s que en 2008.<\/span><\/div>\n<div><\/div>\n<div><span lang=\"ES\"><strong>Causas: Baja inversi\u00f3n en protecci\u00f3n de la infancia<\/strong><\/span><\/div>\n<div><\/div>\n<div><span lang=\"ES\">A diferencia de la mayor\u00eda de los pa\u00edses de la UE, Espa\u00f1a cuenta con un sistema de protecci\u00f3n social a la infancia muy d\u00e9bil.<\/span><span lang=\"ES\">Nuestro pa\u00eds tan s\u00f3lo invierte el 1,3% de su PIB en protecci\u00f3n social a la familia e infancia; lejos de la media europea del 2,3% y muy lejos de la inversi\u00f3n de pa\u00edses vecinos: Francia dedica un 2,5% de su PIB a la protecci\u00f3n social de la infancia y la familia, teniendo una pobreza infantil que es, pr\u00e1cticamente, la mitad de la espa\u00f1ola; y Dinamarca un 3,7% con apenas ni\u00f1os viviendo en pobreza por cada tres menores espa\u00f1oles en la misma situaci\u00f3n. Adem\u00e1s, de los 28 pa\u00edses miembros de la UE, Espa\u00f1a se encuentra en tercera posici\u00f3n en pobreza infantil, s\u00f3lo por detr\u00e1s de Ruman\u00eda y Bulgaria.<\/span><\/div>\n<\/div>\n<\/div>\n<\/div>\n<p><span lang=\"ES\">En 2013 Espa\u00f1a dedic\u00f3\u00a0el mismo porcentaje de gasto a la infancia que en 2008. La crisis se ha cebado en los m\u00e1s d\u00e9biles. Parece evidente que una mayor inversi\u00f3n en protecci\u00f3n a la infancia y la familia har\u00eda disminuir estos porcentajes alarmantes de pobreza infantil.<\/span><\/p>\n<\/div>\n<\/div>\n<\/div>\n<p style=\"text-align: justify;\"><a href=\"http:\/\/www.elplural.com\/pimienta\/2016\/11\/30\/1-de-cada-3-ninos-y-ninas-vive-en-riesgo-de-pobreza-casi-2-millones-y-medio\">http:\/\/www.elplural.com\/pimienta\/2016\/11\/30\/1-de-cada-3-ninos-y-ninas-vive-en-riesgo-de-pobreza-casi-2-millones-y-medio<\/a><\/p>\n","protected":false},"excerpt":{"rendered":"<p>El 29,6% de los menores de 18 a\u00f1os vive\u00a0en riesgo de pobreza (2,3 puntos m\u00e1s&#8230;<\/p>\n","protected":false},"author":1,"featured_media":12741,"comment_status":"closed","ping_status":"closed","sticky":false,"template":"","format":"standard","meta":{"_coblocks_attr":"","_coblocks_dimensions":"","_coblocks_responsive_height":"","_coblocks_accordion_ie_support":"","jetpack_post_was_ever_published":false,"_jetpack_newsletter_access":"","_jetpack_dont_email_post_to_subs":false,"_jetpack_newsletter_tier_id":0,"_jetpack_memberships_contains_paywalled_content":false,"_jetpack_memberships_contains_paid_content":false,"footnotes":"","jetpack_publicize_message":"","jetpack_publicize_feature_enabled":true,"jetpack_social_post_already_shared":false,"jetpack_social_options":{"image_generator_settings":{"template":"highway","default_image_id":0,"enabled":false},"version":2}},"categories":[186,44,15],"tags":[3272,3273],"class_list":["post-12740","post","type-post","status-publish","format-standard","has-post-thumbnail","hentry","category-instituciones","category-noticias-de-hoy","category-ultimas-noticias","tag-pobreza-infantil","tag-salario"],"jetpack_publicize_connections":[],"jetpack_featured_media_url":"https:\/\/i0.wp.com\/miradordeatarfe.es\/wp-content\/uploads\/2016\/11\/ninos_pobres_extremos.jpg?fit=1200%2C480&ssl=1","jetpack_likes_enabled":true,"jetpack_sharing_enabled":true,"_links":{"self":[{"href":"https:\/\/miradordeatarfe.es\/index.php?rest_route=\/wp\/v2\/posts\/12740","targetHints":{"allow":["GET"]}}],"collection":[{"href":"https:\/\/miradordeatarfe.es\/index.php?rest_route=\/wp\/v2\/posts"}],"about":[{"href":"https:\/\/miradordeatarfe.es\/index.php?rest_route=\/wp\/v2\/types\/post"}],"author":[{"embeddable":true,"href":"https:\/\/miradordeatarfe.es\/index.php?rest_route=\/wp\/v2\/users\/1"}],"replies":[{"embeddable":true,"href":"https:\/\/miradordeatarfe.es\/index.php?rest_route=%2Fwp%2Fv2%2Fcomments&post=12740"}],"version-history":[{"count":1,"href":"https:\/\/miradordeatarfe.es\/index.php?rest_route=\/wp\/v2\/posts\/12740\/revisions"}],"predecessor-version":[{"id":12742,"href":"https:\/\/miradordeatarfe.es\/index.php?rest_route=\/wp\/v2\/posts\/12740\/revisions\/12742"}],"wp:featuredmedia":[{"embeddable":true,"href":"https:\/\/miradordeatarfe.es\/index.php?rest_route=\/wp\/v2\/media\/12741"}],"wp:attachment":[{"href":"https:\/\/miradordeatarfe.es\/index.php?rest_route=%2Fwp%2Fv2%2Fmedia&parent=12740"}],"wp:term":[{"taxonomy":"category","embeddable":true,"href":"https:\/\/miradordeatarfe.es\/index.php?rest_route=%2Fwp%2Fv2%2Fcategories&post=12740"},{"taxonomy":"post_tag","embeddable":true,"href":"https:\/\/miradordeatarfe.es\/index.php?rest_route=%2Fwp%2Fv2%2Ftags&post=12740"}],"curies":[{"name":"wp","href":"https:\/\/api.w.org\/{rel}","templated":true}]}}