{"id":12761,"date":"2016-12-01T10:02:05","date_gmt":"2016-12-01T09:02:05","guid":{"rendered":"http:\/\/miradordeatarfe.es\/?p=12761"},"modified":"2016-12-01T10:02:05","modified_gmt":"2016-12-01T09:02:05","slug":"atarfe-se-suma-al-recto-de-municipios-para-recibir-dinero-para-los-planes-de-empleo","status":"publish","type":"post","link":"https:\/\/miradordeatarfe.es\/?p=12761","title":{"rendered":"ATARFE se suma al recto de municipios para recibir dinero para los planes de empleo"},"content":{"rendered":"<p class=\"entradilla_noticia\" style=\"text-align: justify;\">Todos los municipios metropolitanos ya han recibido la orden de sus Planes de Empleo. Alhend\u00edn, Atarfe o Santa Fe, entre otros, se suman a la \u00faltima remesa con la que la Junta de Andalc\u00eda cumple el proceso de entrega de este programa que generar\u00e1 m\u00e1s de 3.000 empleos<!--more-->La Junta de Andaluc\u00eda ha culminado la tramitaci\u00f3n de los planes Emple@Joven y Emple@30+ con la entrega de la \u00faltima partida de resoluciones, entre ellos a los \u00faltimos municipios metropolitanos como <strong>Alhend\u00edn<\/strong>, <strong>Atarfe<\/strong> o <strong>Santa Fe<\/strong>, junto a otros.<\/p>\n<div class=\"contenedor\" style=\"text-align: justify;\">\n<p>Este programa permitir\u00e1 en los pr\u00f3ximos meses la contrataci\u00f3n de un total de 3.793 desempleados de la provincia a trav\u00e9s de la Iniciativa de Cooperaci\u00f3n Social y Comunitaria.<\/p>\n<p>As\u00ed lo ha indicado la delegada del Gobierno, Sandra Garc\u00eda, durante la entrega de las \u00faltimas 65 resoluciones que dan luz verde a la implantaci\u00f3n completa del programa en todos los municipios granadinos, para lo que recibir\u00e1n una inyecci\u00f3n econ\u00f3mica de m\u00e1s de 28 millones de euros por parte del Gobierno andaluz.<\/p>\n<p>Garc\u00eda ha explicado que esta \u00faltima partida supondr\u00e1 la puesta en marcha de los planes de empleo en las 65 localidades que faltaban por recibir la ayuda. Sus arcas municipales recibir\u00e1n algo m\u00e1s de 9,1 millones de euros para la inminente contrataci\u00f3n de 1.207 personas desempleadas.<\/p>\n<p>Los planes de empleo servir\u00e1n, adem\u00e1s, para desarrollar proyectos como el de la creaci\u00f3n de un gran anillo verde mediante el aprovechamiento de espacios perif\u00e9ricos en <strong>Atarfe<\/strong> o un plan de vigilancia de espacios p\u00fablicos en <strong>Alhend\u00edn<\/strong>.<\/p>\n<p>Por su parte, el delegado de Econom\u00eda, Innovaci\u00f3n, Ciencia y Empleo, Juan Jos\u00e9 Mart\u00edn Arcos, ha informado que los ayuntamientos tienen hasta dos meses desde que reciben la resoluci\u00f3n para formalizar las contrataciones y hasta 18 meses para la ejecuci\u00f3n completa de los programas. Las 65 resoluciones entregadas se suman a las 106 concedidas en los \u00faltimos d\u00edas a sendas entidades locales por un importe de 18,9 millones para la contrataci\u00f3n de 2.586 personas.<\/p>\n<p><strong>Primeros pagos<\/strong><\/p>\n<p>\u201cYa se han formalizado los primeros pagos de las primeras ayudas concedidas y as\u00ed se proceder\u00e1 de forma progresiva con el resto\u201d, ha apuntado Mart\u00edn Arcos quien, adem\u00e1s, ha subrayado que \u201cen este tiempo hemos mantenido varias reuniones t\u00e9cnicas con los ayuntamientos para solventar las dudas con respecto a la gesti\u00f3n y al desarrollo de los planes en sus municipios\u201d.<\/p>\n<p>Cada entidad local ha elaborado los proyectos en funci\u00f3n de las necesidades detectadas en sus municipios, de ah\u00ed a la gran variedad de especialidades que piden en los perfiles, entre los que destacan urbanistas, sepultureros, ge\u00f3logos, vigilantes de seguridad, delineantes o mediadores culturales, ha subrayado Mart\u00edn Arcos.<\/p>\n<p>En el proceso de selecci\u00f3n tienen preferencia las personas empadronadas en el municipio donde se realiza el proyecto. Se consideran prioritarias las beneficiarias del Ingreso M\u00ednimo de Solidaridad y las desempleadas de larga duraci\u00f3n, especialmente las que han agotado la prestaci\u00f3n por desempleo de nivel contributivo o asistencial en los \u00faltimos doce meses.<\/p>\n<\/div>\n<p style=\"text-align: justify;\">foto: Los planes de Empleo han sido entregados este mi\u00e9rcoles en la sede de la Junta. Foto: J.M.Grimaldi<\/p>\n<p style=\"text-align: justify;\"><a href=\"http:\/\/www.ahoragranada.com\/noticia\/todos-los-municipios-metropolitanos-ya-han-recibido-la-orden-de-sus-planes-de-empleo\/\">http:\/\/www.ahoragranada.com\/noticia\/todos-los-municipios-metropolitanos-ya-han-recibido-la-orden-de-sus-planes-de-empleo\/<\/a><\/p>\n","protected":false},"excerpt":{"rendered":"<p>Todos los municipios metropolitanos ya han recibido la orden de sus Planes de Empleo. Alhend\u00edn,&#8230;<\/p>\n","protected":false},"author":1,"featured_media":12762,"comment_status":"closed","ping_status":"closed","sticky":false,"template":"","format":"standard","meta":{"_coblocks_attr":"","_coblocks_dimensions":"","_coblocks_responsive_height":"","_coblocks_accordion_ie_support":"","jetpack_post_was_ever_published":false,"_jetpack_newsletter_access":"","_jetpack_dont_email_post_to_subs":false,"_jetpack_newsletter_tier_id":0,"_jetpack_memberships_contains_paywalled_content":false,"_jetpack_memberships_contains_paid_content":false,"footnotes":"","jetpack_publicize_message":"","jetpack_publicize_feature_enabled":true,"jetpack_social_post_already_shared":false,"jetpack_social_options":{"image_generator_settings":{"template":"highway","default_image_id":0,"enabled":false},"version":2}},"categories":[2,186,44,15],"tags":[81,3281],"class_list":["post-12761","post","type-post","status-publish","format-standard","has-post-thumbnail","hentry","category-atarfe","category-instituciones","category-noticias-de-hoy","category-ultimas-noticias","tag-atarfe","tag-planes-de-empleo"],"jetpack_publicize_connections":[],"jetpack_featured_media_url":"https:\/\/i0.wp.com\/miradordeatarfe.es\/wp-content\/uploads\/2016\/12\/Planes-de-empleo_19-768x432.jpg?fit=768%2C432&ssl=1","jetpack_likes_enabled":true,"jetpack_sharing_enabled":true,"_links":{"self":[{"href":"https:\/\/miradordeatarfe.es\/index.php?rest_route=\/wp\/v2\/posts\/12761","targetHints":{"allow":["GET"]}}],"collection":[{"href":"https:\/\/miradordeatarfe.es\/index.php?rest_route=\/wp\/v2\/posts"}],"about":[{"href":"https:\/\/miradordeatarfe.es\/index.php?rest_route=\/wp\/v2\/types\/post"}],"author":[{"embeddable":true,"href":"https:\/\/miradordeatarfe.es\/index.php?rest_route=\/wp\/v2\/users\/1"}],"replies":[{"embeddable":true,"href":"https:\/\/miradordeatarfe.es\/index.php?rest_route=%2Fwp%2Fv2%2Fcomments&post=12761"}],"version-history":[{"count":1,"href":"https:\/\/miradordeatarfe.es\/index.php?rest_route=\/wp\/v2\/posts\/12761\/revisions"}],"predecessor-version":[{"id":12763,"href":"https:\/\/miradordeatarfe.es\/index.php?rest_route=\/wp\/v2\/posts\/12761\/revisions\/12763"}],"wp:featuredmedia":[{"embeddable":true,"href":"https:\/\/miradordeatarfe.es\/index.php?rest_route=\/wp\/v2\/media\/12762"}],"wp:attachment":[{"href":"https:\/\/miradordeatarfe.es\/index.php?rest_route=%2Fwp%2Fv2%2Fmedia&parent=12761"}],"wp:term":[{"taxonomy":"category","embeddable":true,"href":"https:\/\/miradordeatarfe.es\/index.php?rest_route=%2Fwp%2Fv2%2Fcategories&post=12761"},{"taxonomy":"post_tag","embeddable":true,"href":"https:\/\/miradordeatarfe.es\/index.php?rest_route=%2Fwp%2Fv2%2Ftags&post=12761"}],"curies":[{"name":"wp","href":"https:\/\/api.w.org\/{rel}","templated":true}]}}